{"id":31143,"date":"2018-10-03T00:00:00","date_gmt":"2018-10-03T00:00:00","guid":{"rendered":"http:\/\/194.35.43.170\/~aitamenninueva\/aita-menni-protagonista-xxvii-congreso-12376\/"},"modified":"2022-10-25T13:45:01","modified_gmt":"2022-10-25T13:45:01","slug":"aita-menni-protagonista-xxvii-congreso-12376","status":"publish","type":"post","link":"https:\/\/ospitalarioakfundazioaeuskadi.org\/es\/aita-menni-protagonista-xxvii-congreso-12376\/","title":{"rendered":"La UPL de Aita Menni, protagonista del XXVII Congreso Nacional de la Sociedad Espa\u00f1ola de Psiquiatr\u00eda Legal"},"content":{"rendered":"<div class=\"texto wysiwyg\">\n<p>Bilbao acogi\u00f3 los pasados 27 y 28 de septiembre el XXVII Congreso Nacional de la <a href=\"https:\/\/psiquiatrialegal.org\/inico\" target=\"_blank\" rel=\"noopener nofollow\">Sociedad Espa\u00f1ola de Psiquiatr\u00eda Legal<\/a> en el que <b>se dieron cita m\u00e1s de 200 congresistas para actualizar los conocimientos y actuaciones que se llevan a cabo entre las disciplinas legales-judiciales y la sanitaria-psiqui\u00e1trica<\/b>. La <a href=\"..\/psiquiatria\/psiquiatria-legal\/index.html\" target=\"_blank\" rel=\"noopener\">Unidad de Psiquiatr\u00eda Legal<\/a>\u00a0(UPL) del Hospital Aita Menni, pionera en Espa\u00f1a, fue protagonista en este evento, como ejemplo para lograr un abordaje integral y adecuado de la enfermedad mental grave en personas que han cometido un delito a causa de su enfermedad.<\/p>\n<p>En Espa\u00f1a aproximadamente hay unas 60.000 personas reclusas en instituciones penitenciarias y el 25% tiene alg\u00fan problema relacionado con su salud mental. Del total de la poblaci\u00f3n reclusa, se estima que entre un 7-8% padece problemas mentales de car\u00e1cter grave, y en torno al 35-45% padecen cuadros depresivos y\/o tienen alguna relaci\u00f3n con consumo de t\u00f3xicos. Esta situaci\u00f3n fue descrita por el presidente de la Sociedad Espa\u00f1ola de Psiquiatr\u00eda Legal, el doctor <b>Alfredo Calcedo<\/b>, y por el presidente del Comit\u00e9 Organizador del\u00a0XXVII Congreso Nacional de esta sociedad cient\u00edfica, el doctor <b>I\u00f1aki Madariaga<\/b>, a su vez\u00a0responsable de la UPL del Hospital Aita Menni.<\/p>\n<p><img decoding=\"async\" src=\"https:\/\/www.ospitalarioakfundazioaeuskadi.org\/wp-content\/uploads\/2021\/10\/congreso-psiquiatria-legal_2-1-1.jpg\" alt=\"\" title=\"\"><\/p>\n<p>La psiquiatr\u00eda legal es un subespecialidad de <b>la psiquiatr\u00eda general que ayuda a las autoridades judiciales a determinar si una persona ha cometido un delito debido a una enfermedad mental, y por tanto si es responsable o no de su acto delictivo<\/b>. Adem\u00e1s, los especialistas en psiquiatr\u00eda legal o psiquiatr\u00eda forense tratan a estas personas con patolog\u00edas psiqui\u00e1tricas en un entorno adecuado para su recuperaci\u00f3n y reinserci\u00f3n social, y eval\u00faan riesgos y dispensan tratamientos adecuados. Desde la\u00a0Sociedad Espa\u00f1ola de Psiquiatr\u00eda Legal se subraya que las personas con enfermedad mental no deben estar en la c\u00e1rcel, porque no es el lugar id\u00f3neo para su total curaci\u00f3n, evoluci\u00f3n y desarrollo.\u00a0En el Estado solo se dispone de tres recursos para atender a las personas reclusas con problemas mentales: los dos hospitales penitenciarios, en Sevilla y Foncalent (Alicante), y la Unidad de Psiquiatr\u00eda Legal de Aita Menni en Arrasate-Mondrag\u00f3n.<\/p>\n<p><i>\u201c<b>Estamos hablando de personas con enfermedad mental grave que, independientemente del diagn\u00f3stico, tienen trastornos graves del comportamiento, trastornos graves de los impulsos, desorganizaci\u00f3n de los pensamientos y conducta, que justifican el acto delictivo que han cometido<\/b>\u201d,<\/i> se\u00f1alaron los especialistas. <i>\u00abS<\/i><i>i hablamos de diagn\u00f3stico, la psicosis con esquizofrenia es la patolog\u00eda que m\u00e1s prevalencia tiene en esta poblaci\u00f3n. Pero tambi\u00e9n puede otro tipo de cuadros, como los trastornos bipolares o de personalidad. Este tipo de pacientes suelen tener asociado un consumo de t\u00f3xicos que todav\u00eda agudiza e intensifica esta situaci\u00f3n\u201d<\/i>, a\u00f1adieron.<\/p>\n<p>El abordaje psiqui\u00e1trico y judicial de los trastornos graves del comportamiento en menores, tan presentes en nuestra actual sociedad; la evaluaci\u00f3n de la discapacidad ps\u00edquica que puede llevar a una incapacitaci\u00f3n o una posible recapacitaci\u00f3n; el cumplimiento de las medidas de seguridad en el \u00e1mbito de las instituciones penitenciarias; la evaluaci\u00f3n psiqui\u00e1trico-laboral en las incapacidades y bajas laborales, tema de gran relevancia por su repercusiones econ\u00f3micas y judiciales; y el futuro de la Psiquiatr\u00eda Legal en Europa, fueron algunos de los temas que se analizaron en este congreso.\u00a0<\/p>\n<p><strong>El doctor I\u00f1aki Madariaga,\u00a0presidente del Congreso\u00a0\u00a0<\/strong><\/p>\n<p>La presidencia de este XXVII Congreso recay\u00f3 precisamente en <b>I\u00f1aki Madariaga<\/b>, responsable de la Unidad de Psiquiatr\u00eda Legal del Hospital Aita Menni, que <a href=\"hospital-aita-menni-arrasate-mondragon-7751.html\" target=\"_blank\" rel=\"noopener\">se puso en funcionamiento en 2013<\/a>. El\u00a0el doctor\u00a0<b>Madariaga <\/b>explicaba que el objetivo de esta cita en Bilbao de la Sociedad Espa\u00f1ola de Psiquiatr\u00eda Legal era llevar a cabo una actualizaci\u00f3n en el abordaje de diferentes temas y problem\u00e1ticas cada vez m\u00e1s presentes en una sociedad occidental y avanzada como la nuestra, pero tambi\u00e9n cada vez m\u00e1s compleja y exigente en el desarrollo de un trabajo integrado entre estos dos \u00e1mbitos profesionales. <i>\u00abEn definitiva, pretendemos obtener respuestas adecuadas para solucionar o en su defecto al menos encauzar, dichas cuestiones\u201d<\/i>, destacaba.<\/p>\n<p><img decoding=\"async\" src=\"https:\/\/www.ospitalarioakfundazioaeuskadi.org\/wp-content\/uploads\/2021\/10\/congreso-psiquiatria-legal_4-1-1.jpg\" alt=\"\" title=\"\"><\/p>\n<p><span>El doctor Madariaga con el presidente del Tribunal Superior de Justicia del Pa\u00eds Vasco, Juan Luis Ibarra, y la consejera de Trabajo y Justicia del Gobierno Vasco, Mar\u00eda Jes\u00fas San Jos\u00e9.<\/span><\/p>\n<p>El Congreso reuni\u00f3 a los expertos m\u00e1s destacados del \u00e1mbito estatal, as\u00ed como a profesionales del \u00e1mbito internacional (Reino Unido, Suiza y Canad\u00e1) de la Psiquiatr\u00eda Legal. Tambi\u00e9n cont\u00f3 con la presencia de importantes personalidades del mundo sanitario y judicial.\u00a0En concreto de reputados expertos en Psiquiatr\u00eda Legal, como los doctores\u00a0<b>Alfredo Calcedo,\u00a0<\/b><b>Juan Medrano<\/b>o\u00a0<b>Diego Gracia<\/b>,\u00a0presidente de la Sociedad Espa\u00f1ola de Psiquiatr\u00eda Legal, jefe de Servicio de Psiquiatr\u00eda de Osakidetza, y catedr\u00e1tico em\u00e9rito en Historia de la Medicina de la Universidad Complutense de Madrid, respectivamente; junto a numerosos\u00a0psiquiatras de reconocido prestigio:\u00a0<b>Jaime Romero<\/b>, director m\u00e9dico de la West London Mental Health Nhs Trust;<b>\u00a0Manuel Sanz<\/b>, del Centre D&#8217;expertises Psychiatriques de L\u2019institut de Psychiatrie L\u00e9gale, en Lausanne (Suiza);\u00a0<b>Julio Arboleda<\/b>, de la Universidad Queen\u2019s-Canada, presidente de la International Academy of Law and Mental Health;\u00a0<b>Miguel Guti\u00e9rrez,<\/b><b>catedr\u00e1tico en Psiquiatr\u00eda de la Universidad del Pa\u00eds Vasco\/Euskal Herriko Unibertsitatea (UPV\/EHU),\u00a0<\/b>entre otros.<\/p>\n<p><span>Como representantes del \u00e1rea judicial acudieron a este encuentro, que se celebr\u00f3 en la Sociedad Bilba\u00edna, el\u00a0presidente de la Audiencia Provincial de Gipuzkoa<\/span><b>, I\u00f1aki Subijana<\/b><span>; el doctor <\/span><b>Jaime Tapia,<\/b><span> magistrado de la Audiencia Provincial de \u00c1lava; y <\/span><b>Aurora El\u00f3segui<\/b><span>, magistrada del Juzgado de Primera Instancia de Donostia-San Sebasti\u00e1n. Al acto de clausura se acercaron el\u00a0delegado del Gobierno en Euskadi, <\/span><b>Jes\u00fas Loza<\/b><span>; el consejero de Salud del Gobierno\u00a0Vasco, <\/span><b>Jon Darp\u00f3n<\/b><span>, y la concejala del \u00c1rea de Alcald\u00eda, Contrataci\u00f3n y Recursos Humanos del Ayuntamiento de Bilbao,\u00a0<\/span><b>Gotzone Sagardui<\/b><span>.<\/span><\/p>\n<p><img decoding=\"async\" src=\"https:\/\/www.ospitalarioakfundazioaeuskadi.org\/wp-content\/uploads\/2021\/10\/congreso-psiquiatria-legal_3-0-1.jpg\" alt=\"\" title=\"\"><\/p>\n<p>Profesionales de Aita Menni en este\u00a0XXVII\u00a0Congreso\u00a0<\/p>\n<p>Adem\u00e1s del doctor Madariaga, numerosos profesionales de Aita Menni acudieron al Congreso, entre ellos, nuestra directora m\u00e9dica, la doctora <b>Mar\u00eda del Carmen Palacios<\/b>; el jefe de <a href=\"https:\/\/ospitalarioakfundazioaeuskadi.org\/es\/que-hacemos\/neurorrehabilitacion-dano-cerebral\/\" target=\"_blank\" rel=\"noopener\">Servicio de Da\u00f1o Cerebral<\/a>, el doctor <b>J. Ignacio Quemada<\/b>; la responsable del <a href=\"..\/psiquiatria\/servicio-rehabilitacion-dinamizacion-social.html\" target=\"_blank\" rel=\"noopener\">Servicio de Rehabilitaci\u00f3n<\/a>,\u00a0<b>Macarena Aspiunza<\/b>, la directora de enfermer\u00eda, <b>Irune Galarraga<\/b>;\u00a0el doctor <b>Agust\u00edn Sagasta<\/b>,\u00a0la psic\u00f3loga cl\u00ednica <b>Ana Isabel Dom\u00ednguez<\/b>, junto con\u00a0otras personas\u00a0 colaboradoras del Hospital Aita Menni como <b>Arantza Beitia<\/b>, de servicios administrativos<b>;\u00a0<\/b><strong>Amaia Bolumburu,\u00a0Izaskun Arrese, Birginia Gallastegi, Est\u00edbaliz de Miguel,\u00a0Mertxe Baroja, Beatriz Pin, Merche G\u00f3mez, Jaione\u00a0Gartziaetxabe, Jos\u00e9 Carbonell, Miguel Guti\u00e9rrez, Mar\u00eda del Milagro\u00a0Escobar, Silvia Cano, Leopoldo Ortega-Monasterio, Julia Cano,\u00a0Fernando Sopesens, Carmen Pardos, Lorenzo Jes\u00fas Llaquet, Lola\u00a0<\/strong><b>Mor\u00f3n <\/b>y <b>Jos\u00e9 Luis Hern\u00e1ndez,\u00a0<\/b>y un largo etc\u00e9tera, como podemos ver en La Mirilla del diario\u00a0El Correo.\u00a0<\/p>\n<p><a href=\"https:\/\/www.ospitalarioakfundazioaeuskadi.org\/archivos\/201810\/2018-09-29-el-correo.-el-delito-y-la-salud-mental.-congreso-psiquiatria-legal-1.pdf\" target=\"_blank\" rel=\"noopener\"><img decoding=\"async\" src=\"https:\/\/www.ospitalarioakfundazioaeuskadi.org\/wp-content\/uploads\/2021\/10\/la-mirilla-0-1.jpg\" alt=\"\" title=\"\"><\/a><\/p><\/div>\n","protected":false},"excerpt":{"rendered":"<div class=\"entry-summary\">\n200 especialistas en psiquiatr\u00eda legal analizaron en Bilbao los actuales abordajes psiqui\u00e1triaco-judiciales. La Unidad de Psiquiatr\u00eda Legal de nuestro hospital se puso como ejemplo para lograr una respuesta integral y adecuada a la enfermedad mental grave en personas que han cometido un delito a causa de su enfermedad.\n<\/div>\n<div class=\"link-more\"><a href=\"https:\/\/ospitalarioakfundazioaeuskadi.org\/es\/aita-menni-protagonista-xxvii-congreso-12376\/\" class=\"more-link\">Seguir leyendo<span class=\"screen-reader-text\"> &ldquo;La UPL de Aita Menni, protagonista del XXVII Congreso Nacional de la Sociedad Espa\u00f1ola de Psiquiatr\u00eda Legal&rdquo;<\/span>&hellip;<\/a><\/div>\n","protected":false},"author":1,"featured_media":26002,"comment_status":"closed","ping_status":"closed","sticky":false,"template":"","format":"standard","meta":{"footnotes":""},"categories":[1045],"tags":[],"linea-asistencial":[],"class_list":["post-31143","post","type-post","status-publish","format-standard","has-post-thumbnail","hentry","category-psiquiatria-legal","entry"],"_links":{"self":[{"href":"https:\/\/ospitalarioakfundazioaeuskadi.org\/es\/wp-json\/wp\/v2\/posts\/31143","targetHints":{"allow":["GET"]}}],"collection":[{"href":"https:\/\/ospitalarioakfundazioaeuskadi.org\/es\/wp-json\/wp\/v2\/posts"}],"about":[{"href":"https:\/\/ospitalarioakfundazioaeuskadi.org\/es\/wp-json\/wp\/v2\/types\/post"}],"author":[{"embeddable":true,"href":"https:\/\/ospitalarioakfundazioaeuskadi.org\/es\/wp-json\/wp\/v2\/users\/1"}],"replies":[{"embeddable":true,"href":"https:\/\/ospitalarioakfundazioaeuskadi.org\/es\/wp-json\/wp\/v2\/comments?post=31143"}],"version-history":[{"count":1,"href":"https:\/\/ospitalarioakfundazioaeuskadi.org\/es\/wp-json\/wp\/v2\/posts\/31143\/revisions"}],"predecessor-version":[{"id":41247,"href":"https:\/\/ospitalarioakfundazioaeuskadi.org\/es\/wp-json\/wp\/v2\/posts\/31143\/revisions\/41247"}],"wp:featuredmedia":[{"embeddable":true,"href":"https:\/\/ospitalarioakfundazioaeuskadi.org\/es\/wp-json\/wp\/v2\/media\/26002"}],"wp:attachment":[{"href":"https:\/\/ospitalarioakfundazioaeuskadi.org\/es\/wp-json\/wp\/v2\/media?parent=31143"}],"wp:term":[{"taxonomy":"category","embeddable":true,"href":"https:\/\/ospitalarioakfundazioaeuskadi.org\/es\/wp-json\/wp\/v2\/categories?post=31143"},{"taxonomy":"post_tag","embeddable":true,"href":"https:\/\/ospitalarioakfundazioaeuskadi.org\/es\/wp-json\/wp\/v2\/tags?post=31143"},{"taxonomy":"linea-asistencial","embeddable":true,"href":"https:\/\/ospitalarioakfundazioaeuskadi.org\/es\/wp-json\/wp\/v2\/linea-asistencial?post=31143"}],"curies":[{"name":"wp","href":"https:\/\/api.w.org\/{rel}","templated":true}]}}