{"id":31235,"date":"2014-06-05T00:00:00","date_gmt":"2014-06-05T00:00:00","guid":{"rendered":"http:\/\/194.35.43.170\/~aitamenninueva\/aniversario-fundacion-congregacion-otras-celebraciones-8218\/"},"modified":"2022-10-25T13:54:39","modified_gmt":"2022-10-25T13:54:39","slug":"aniversario-fundacion-congregacion-otras-celebraciones-8218","status":"publish","type":"post","link":"https:\/\/ospitalarioakfundazioaeuskadi.org\/es\/aniversario-fundacion-congregacion-otras-celebraciones-8218\/","title":{"rendered":"Aniversario de la fundaci\u00f3n de la congregaci\u00f3n y otras celebraciones"},"content":{"rendered":"<div class=\"texto wysiwyg\">\n<p>El 31 de mayo se cumplieron 133 a\u00f1os de la fundaci\u00f3n de la congregaci\u00f3n de las Hermanas Hospitalarias en Ciempozuelos (Madrid), para dar respuesta a la situaci\u00f3n de abandono sanitario y exclusi\u00f3n social de las mujeres con enfermedad mental. La instituci\u00f3n titular de nuestro centro encarna y expresa el carisma de la Hospitalidad en la acogida, asistencia y cuidado especializado de las personas con enfermedad mental, discapacidad intelectual y otras dolencias, siempre con preferencia por los m\u00e1s necesitados. Ya en aquella \u00e9poca, la instituci\u00f3n se propuso aunar dos criterios fundamentales: caridad y ciencia.\u00a0\u00a0<\/p>\n<p>Como la fecha coincid\u00eda con la peregrinaci\u00f3n a Lourdes, que cada a\u00f1o realizamos con un grupo de pacientes, los actos de celebraci\u00f3n m\u00e1s importantes se pasaron al jueves 28. Ese d\u00eda tuvimos celebraci\u00f3n de la Eucarist\u00eda, donde se record\u00f3 de forma especial a las diez primeras mujeres que pusieran en marcha la congregaci\u00f3n y que fueron:\u00a0<\/p>\n<table class=\"MsoTableGrid\" border=\"1\" cellspacing=\"0\" cellpadding=\"0\" style=\"border-collapse:collapse;border:none;mso-border-alt:solid windowtext .5pt;&#10; mso-yfti-tbllook:1184;mso-padding-alt:0cm 5.4pt 0cm 5.4pt\">\n<tbody>\n<tr>\n<td valign=\"top\" style=\"width:216.1pt;border:solid windowtext 1.0pt;&#10; mso-border-alt:solid windowtext .5pt;padding:0cm 5.4pt 0cm 5.4pt\">\n<p><span>MAR\u00cdA JOSEFA RECIO<\/span><\/p>\n<\/td>\n<td valign=\"top\" style=\"width:216.1pt;border:solid windowtext 1.0pt;&#10; border-left:none;mso-border-left-alt:solid windowtext .5pt;mso-border-alt:&#10; solid windowtext .5pt;padding:0cm 5.4pt 0cm 5.4pt\">\n<p><span>MAR\u00cdA ANGUSTIAS GIMENEZ<\/span><\/p>\n<\/td>\n<\/tr>\n<tr>\n<td valign=\"top\" style=\"width:216.1pt;border:solid windowtext 1.0pt;&#10; border-top:none;mso-border-top-alt:solid windowtext .5pt;mso-border-alt:solid windowtext .5pt;&#10; padding:0cm 5.4pt 0cm 5.4pt\">\n<p><span>MAR\u00cdA DOLORES IBA\u00d1EZ<\/span><\/p>\n<\/td>\n<td valign=\"top\" style=\"width:216.1pt;border-top:none;border-left:&#10; none;border-bottom:solid windowtext 1.0pt;border-right:solid windowtext 1.0pt;&#10; mso-border-top-alt:solid windowtext .5pt;mso-border-left-alt:solid windowtext .5pt;&#10; mso-border-alt:solid windowtext .5pt;padding:0cm 5.4pt 0cm 5.4pt\">\n<p><span>RITA MORALES<\/span><\/p>\n<\/td>\n<\/tr>\n<tr>\n<td valign=\"top\" style=\"width:216.1pt;border:solid windowtext 1.0pt;&#10; border-top:none;mso-border-top-alt:solid windowtext .5pt;mso-border-alt:solid windowtext .5pt;&#10; padding:0cm 5.4pt 0cm 5.4pt\">\n<p><span>ANTONIA S\u00c1NCHEZ<\/span><\/p>\n<\/td>\n<td valign=\"top\" style=\"width:216.1pt;border-top:none;border-left:&#10; none;border-bottom:solid windowtext 1.0pt;border-right:solid windowtext 1.0pt;&#10; mso-border-top-alt:solid windowtext .5pt;mso-border-left-alt:solid windowtext .5pt;&#10; mso-border-alt:solid windowtext .5pt;padding:0cm 5.4pt 0cm 5.4pt\">\n<p><span>EUSEBIA G\u00d3MEZ<\/span><\/p>\n<\/td>\n<\/tr>\n<tr>\n<td valign=\"top\" style=\"width:216.1pt;border:solid windowtext 1.0pt;&#10; border-top:none;mso-border-top-alt:solid windowtext .5pt;mso-border-alt:solid windowtext .5pt;&#10; padding:0cm 5.4pt 0cm 5.4pt\">\n<p><span>MARTINA ANT\u00cdA<\/span><\/p>\n<\/td>\n<td valign=\"top\" style=\"width:216.1pt;border-top:none;border-left:&#10; none;border-bottom:solid windowtext 1.0pt;border-right:solid windowtext 1.0pt;&#10; mso-border-top-alt:solid windowtext .5pt;mso-border-left-alt:solid windowtext .5pt;&#10; mso-border-alt:solid windowtext .5pt;padding:0cm 5.4pt 0cm 5.4pt\">\n<p><span>JOSEFA FRANQUEZA<\/span><\/p>\n<\/td>\n<\/tr>\n<tr>\n<td valign=\"top\" style=\"width:216.1pt;border:solid windowtext 1.0pt;&#10; border-top:none;mso-border-top-alt:solid windowtext .5pt;mso-border-alt:solid windowtext .5pt;&#10; padding:0cm 5.4pt 0cm 5.4pt\">\n<p><span>CATALINA REBOLLAR<\/span><\/p>\n<\/td>\n<td valign=\"top\" style=\"width:216.1pt;border-top:none;border-left:&#10; none;border-bottom:solid windowtext 1.0pt;border-right:solid windowtext 1.0pt;&#10; mso-border-top-alt:solid windowtext .5pt;mso-border-left-alt:solid windowtext .5pt;&#10; mso-border-alt:solid windowtext .5pt;padding:0cm 5.4pt 0cm 5.4pt\">\n<p><span>DOLORES MERINO<\/span><\/p>\n<\/td>\n<\/tr>\n<\/tbody>\n<\/table>\n<p>Durante la misa se hizo un breve repaso de sus vidas y una peque\u00f1a acci\u00f3n de gracias. Esa misma tarde, la hermana agustina Arantxa Jaka dio una conferencia sobre Mar\u00eda de Nazareth como primera hospitalaria, una aproximaci\u00f3n a la faceta hospitalaria de Mar\u00eda y una mirada actualizada sobre la vida de la madre de Dios. Acudieron muchos voluntarios de la casa, as\u00ed como personas de diferentes parroquias del Alto Deba y de la comunidad de Hermanos de San Juan de Dios y las Mercedarias.<\/p>\n<p>Peregrinaci\u00f3n a Lourdes<\/p>\n<p>Y como todos los a\u00f1os, un grupo de pacientes de diferentes unidades particip\u00f3 en la peregrinaci\u00f3n diocesana a Lourdes. En esta ocasi\u00f3n fueron 16 los pacientes que peregrinaron al santuario, acompa\u00f1ados por Ilona Kowalska (hermana Hospitalaria) y Egoitz Zabala (responsable del Servicio de Pastoral).<\/p>\n<p>La experiencia ha sido valorada positivamente; los pacientes compartieron estos d\u00edas con nuevas personas, participaron en el programa religioso y pudieron visitar el pueblo de Lourdes.<\/p>\n<p>Para el pr\u00f3ximo d\u00eda 17 de junio tenemos prevista otra gran fiesta: la Fiesta del Voluntariado del Hospital Aita Menni, una jornada de convivencia entre nosotros y otras personas que forman parte del centro a la cual os invitamos a acudir.<\/p>\n<p><img decoding=\"async\" src=\"https:\/\/www.ospitalarioakfundazioaeuskadi.org\/wp-content\/uploads\/2021\/10\/2collage-1-0-1.jpg\" alt=\"Lourdes\" title=\"\"><\/p>\n<\/div>\n","protected":false},"excerpt":{"rendered":"<div class=\"entry-summary\">\nUn a\u00f1o m\u00e1s, en el Hospital Aita Menni celebramos el aniversario de la fundaci\u00f3n de las Hermanas Hospitalarias del Sagrado Coraz\u00f3n de Jes\u00fas.\n<\/div>\n<div class=\"link-more\"><a href=\"https:\/\/ospitalarioakfundazioaeuskadi.org\/es\/aniversario-fundacion-congregacion-otras-celebraciones-8218\/\" class=\"more-link\">Seguir leyendo<span class=\"screen-reader-text\"> &ldquo;Aniversario de la fundaci\u00f3n de la congregaci\u00f3n y otras celebraciones&rdquo;<\/span>&hellip;<\/a><\/div>\n","protected":false},"author":1,"featured_media":27061,"comment_status":"closed","ping_status":"closed","sticky":false,"template":"","format":"standard","meta":{"footnotes":""},"categories":[1],"tags":[],"linea-asistencial":[],"class_list":["post-31235","post","type-post","status-publish","format-standard","has-post-thumbnail","hentry","category-sin-categorizar","entry"],"_links":{"self":[{"href":"https:\/\/ospitalarioakfundazioaeuskadi.org\/es\/wp-json\/wp\/v2\/posts\/31235","targetHints":{"allow":["GET"]}}],"collection":[{"href":"https:\/\/ospitalarioakfundazioaeuskadi.org\/es\/wp-json\/wp\/v2\/posts"}],"about":[{"href":"https:\/\/ospitalarioakfundazioaeuskadi.org\/es\/wp-json\/wp\/v2\/types\/post"}],"author":[{"embeddable":true,"href":"https:\/\/ospitalarioakfundazioaeuskadi.org\/es\/wp-json\/wp\/v2\/users\/1"}],"replies":[{"embeddable":true,"href":"https:\/\/ospitalarioakfundazioaeuskadi.org\/es\/wp-json\/wp\/v2\/comments?post=31235"}],"version-history":[{"count":1,"href":"https:\/\/ospitalarioakfundazioaeuskadi.org\/es\/wp-json\/wp\/v2\/posts\/31235\/revisions"}],"predecessor-version":[{"id":53663,"href":"https:\/\/ospitalarioakfundazioaeuskadi.org\/es\/wp-json\/wp\/v2\/posts\/31235\/revisions\/53663"}],"wp:featuredmedia":[{"embeddable":true,"href":"https:\/\/ospitalarioakfundazioaeuskadi.org\/es\/wp-json\/wp\/v2\/media\/27061"}],"wp:attachment":[{"href":"https:\/\/ospitalarioakfundazioaeuskadi.org\/es\/wp-json\/wp\/v2\/media?parent=31235"}],"wp:term":[{"taxonomy":"category","embeddable":true,"href":"https:\/\/ospitalarioakfundazioaeuskadi.org\/es\/wp-json\/wp\/v2\/categories?post=31235"},{"taxonomy":"post_tag","embeddable":true,"href":"https:\/\/ospitalarioakfundazioaeuskadi.org\/es\/wp-json\/wp\/v2\/tags?post=31235"},{"taxonomy":"linea-asistencial","embeddable":true,"href":"https:\/\/ospitalarioakfundazioaeuskadi.org\/es\/wp-json\/wp\/v2\/linea-asistencial?post=31235"}],"curies":[{"name":"wp","href":"https:\/\/api.w.org\/{rel}","templated":true}]}}