{"id":31336,"date":"2017-12-20T00:00:00","date_gmt":"2017-12-20T00:00:00","guid":{"rendered":"http:\/\/194.35.43.170\/~aitamenninueva\/avances-plan-igualdad-formacion-violencia-11738\/"},"modified":"2022-10-25T13:47:40","modified_gmt":"2022-10-25T13:47:40","slug":"avances-plan-igualdad-formacion-violencia-11738","status":"publish","type":"post","link":"https:\/\/ospitalarioakfundazioaeuskadi.org\/es\/avances-plan-igualdad-formacion-violencia-11738\/","title":{"rendered":"Avances del Plan de Igualdad: formaci\u00f3n en Violencia y Salud de las Mujeres"},"content":{"rendered":"<div class=\"texto wysiwyg\">\n<p><p class=\"Standard\" style=\"text-align:justify;text-justify:inter-ideograph\"><span lang=\"ES-TRAD\" xml_lang=\"ES-TRAD\">En 1996, la Organizaci\u00f3n Mundial de la Salud declar\u00f3 que <b>la violencia contra las mujeres es un problema de salud p\u00fablica mundial de proporciones epid\u00e9micas<\/b> que requiere la adopci\u00f3n de medidas urgentes, y se\u00f1al\u00f3 la <b>prioridad para los servicios de salud como primera l\u00ednea de contacto con las v\u00edctimas <\/b>y situaci\u00f3n privilegiada para ayudarlas; en 2013 ante la gravedad y dimensiones del problema la OMS vuelve a recordar que <b>el sector de salud debe desempe\u00f1ar un papel m\u00e1s importante para dar respuesta a este tipo de violencia y que es una necesidad urgente integrar estas cuestiones en la ense\u00f1anza cl\u00ednica<\/b>.<\/span><\/p>\n<p><img decoding=\"async\" class=\"w_img_derecha\" src=\"https:\/\/www.ospitalarioakfundazioaeuskadi.org\/wp-content\/uploads\/2021\/10\/puntop-1-1.jpg\" alt=\"\" title=\"\"><span>Al mismo tiempo, un creciente n\u00famero de estudios a nivel europeo y estatal demuestran la estrecha relaci\u00f3n que existe entre la violencia estructural que se ejerce contra las mujeres y el mayor deterioro de la salud de estas, especialmente en su salud mental. Los resultados muestran que la violencia est\u00e1 muchas veces en el origen de la enfermedad mental, y a su vez el riesgo de sufrirla se multiplica por 2 y 3 veces en las mujeres con enfermedad mental grave. &nbsp;&nbsp;Por todo esto, dentro del plan de formaci\u00f3n en Igualdad, implementamos las primeras acciones de formaci\u00f3n y sensibilizaci\u00f3n sobre Violencia desde la perspectiva de G\u00e9nero dirigida al personal profesional.\u00a0<\/span><\/p>\n<p>En una primera formaci\u00f3n b\u00e1sica, dirigida al Grupo Motor y facilitada por la consultora <b>Helena Ortiz de Lejarazu<\/b>, se abord\u00f3 la necesidad de contar con un protocolo de actuaci\u00f3n com\u00fan en concordancia con el II Acuerdo Interinstitucional para la Mejora de la Atenci\u00f3n a las Mujeres V\u00edctimas de Maltrato en el \u00e1mbito Dom\u00e9stico y de Violencia Sexual de Euskadi, el Protocolo Sanitario del Departamento de Sanidad del Gobierno Vasco y coordinado con los protocolos y mecanismos de atenci\u00f3n disponibles en el \u00e1mbito foral y local de los distintos centros de implantaci\u00f3n de Aita Menni.<\/p>\n<p><img decoding=\"async\" src=\"https:\/\/www.ospitalarioakfundazioaeuskadi.org\/wp-content\/uploads\/2021\/10\/formacion-para-la-igualdad2-1-0-1.jpg\" alt=\"\" title=\"\"><\/p>\n<p><span lang=\"ES-TRAD\" xml_lang=\"ES-TRAD\">En una segunda sesi\u00f3n se trabaj\u00f3 con 20 profesionales medico-asistenciales de distintas unidades de Aita Menni. La sesi\u00f3n orientada a la sensibilizaci\u00f3n sobre el tema, impartida por <b>Florencia Savanti<\/b>, t\u00e9cnica de Igualdad, se dividi\u00f3 en una primera parte de formaci\u00f3n te\u00f3rica sobre el marco legal y los conceptos b\u00e1sicos sobre violencia de g\u00e9nero, as\u00ed como transmisi\u00f3n de resultados de investigaciones pioneras en el \u00e1mbito de violencia y salud mental, y una segunda parte pr\u00e1ctica donde se trabaj\u00f3 en grupos en torno a las siguientes preguntas:<\/span><\/p>\n<p><span lang=\"ES-TRAD\" xml_lang=\"ES-TRAD\"><i>&#8211; Desde nuestra \u00e1rea, \u00bfqu\u00e9 estamos haciendo y qu\u00e9 podemos hacer para detectar la violencia contra las mujeres?<\/i><\/span><\/p>\n<p><span lang=\"ES-TRAD\" xml_lang=\"ES-TRAD\"><i>&#8211; \u00bfQu\u00e9 v\u00edas de entrada identificamos para la detecci\u00f3n precoz de la violencia contra las mujeres y qui\u00e9nes ser\u00edan agentes claves para esta detecci\u00f3n?<\/i><\/span><\/p>\n<p><span lang=\"ES-TRAD\" xml_lang=\"ES-TRAD\">Entre las cuestiones que fueron surgiendo en el debate destacamos:<\/span><\/p>\n<ul>\n<li><span lang=\"ES-TRAD\" xml_lang=\"ES-TRAD\">El tratamiento indiferenciado de todo tipo de violencia que se hace actualmente en la organizaci\u00f3n.<\/span><\/li>\n<\/ul>\n<ul>\n<li><span lang=\"ES-TRAD\" xml_lang=\"ES-TRAD\">La necesidad de un m\u00e9todo o estrategia com\u00fan para el abordaje especifico de la violencia sistem\u00e1tica contra las mujeres.<\/span><\/li>\n<\/ul>\n<ul>\n<li><span lang=\"ES-TRAD\" xml_lang=\"ES-TRAD\">Importancia de trabajar de manera coordinada en equipo sobre este tema. Las v\u00edas de entrada var\u00edan de acuerdo con las unidades y \u00e1reas, en general el \u00e1rea de trabajo social y \u00e1rea m\u00e9dica y enfermer\u00eda son las v\u00edas de acceso primario. El personal auxiliar de enfermer\u00eda estar\u00eda m\u00e1s en contacto con pacientes en residencias o internaci\u00f3n y detectan m\u00e1s usualmente si hay episodios de violencia dentro de la instituci\u00f3n, de manera observacional.<\/span><\/li>\n<\/ul>\n<ul>\n<li><span lang=\"ES-TRAD\" xml_lang=\"ES-TRAD\">La importancia de continuar con la sensibilizaci\u00f3n y la tolerancia cero a la violencia y espec\u00edficamente la violencia contra las mujeres como problema estructural.<\/span><\/li>\n<\/ul>\n<ul>\n<li><span lang=\"ES-TRAD\" xml_lang=\"ES-TRAD\">La importancia de llevar un registro sistem\u00e1tico de las actuaciones realizadas. Actualmente se realizan observaciones y se comentan en el equipo de trabajo, tambi\u00e9n entrevistas de contraste con pacientes, cuando es posible, o informaci\u00f3n a la familia.<\/span><\/li>\n<\/ul>\n<ul>\n<li><span lang=\"ES-TRAD\" xml_lang=\"ES-TRAD\">La falta de tratamiento desagregado de los datos (hasta ahora, que se empieza a incluir en algunos sectores).<\/span><\/li>\n<\/ul>\n<ul>\n<li><span lang=\"ES-TRAD\" xml_lang=\"ES-TRAD\">Importancia de incluir preguntas espec\u00edficas en las entrevistas en primeras consultas en salud mental. Se se\u00f1al\u00f3 la importancia de generar espacios de escucha adecuados para pacientes que refieren o sugieren este tipo de violencia.<\/span><\/li>\n<\/ul>\n<ul>\n<li><span lang=\"ES-TRAD\" xml_lang=\"ES-TRAD\">La complejidad de incluir registros de indicadores de sospecha de violencia en las historias cl\u00ednicas (temor de estigmatizar a las pacientes o a sus parejas) y las consecuencias que esto puede acarrear si son falsos versus las consecuencias de no incluirlos y que a posteriori se confirme la violencia.<\/span><\/li>\n<\/ul>\n<ul>\n<li><span lang=\"ES-TRAD\" xml_lang=\"ES-TRAD\">La necesidad de conocer los protocolos existentes y practicar con casos de estudio.<\/span><\/li>\n<\/ul>\n<ul>\n<li><span lang=\"ES-TRAD\" xml_lang=\"ES-TRAD\">Se valora muy positivamente la presencia de 20 profesionales de distintas \u00e1reas en esta reuni\u00f3n como primer paso de toma de conciencia y avance sobre el tema.<\/span><\/li>\n<\/ul>\n<p><span lang=\"ES-TRAD\" xml_lang=\"ES-TRAD\"><\/p>\n<p><\/span><\/p>\n<p><span>\u00a0<\/span><\/p><\/div>\n","protected":false},"excerpt":{"rendered":"<div class=\"entry-summary\">\nContinuamos recibiendo formaciones b\u00e1sicas en materia de igualdad: esta vez sobre la importancia del sector sanitario como puerta de entrada a la detecci\u00f3n de la violencia contra las mujeres.\n<\/div>\n<div class=\"link-more\"><a href=\"https:\/\/ospitalarioakfundazioaeuskadi.org\/es\/avances-plan-igualdad-formacion-violencia-11738\/\" class=\"more-link\">Seguir leyendo<span class=\"screen-reader-text\"> &ldquo;Avances del Plan de Igualdad: formaci\u00f3n en Violencia y Salud de las Mujeres&rdquo;<\/span>&hellip;<\/a><\/div>\n","protected":false},"author":1,"featured_media":25655,"comment_status":"closed","ping_status":"closed","sticky":false,"template":"","format":"standard","meta":{"footnotes":""},"categories":[1036,1043],"tags":[],"linea-asistencial":[],"class_list":["post-31336","post","type-post","status-publish","format-standard","has-post-thumbnail","hentry","category-conocimiento","category-igualdad","entry"],"_links":{"self":[{"href":"https:\/\/ospitalarioakfundazioaeuskadi.org\/es\/wp-json\/wp\/v2\/posts\/31336","targetHints":{"allow":["GET"]}}],"collection":[{"href":"https:\/\/ospitalarioakfundazioaeuskadi.org\/es\/wp-json\/wp\/v2\/posts"}],"about":[{"href":"https:\/\/ospitalarioakfundazioaeuskadi.org\/es\/wp-json\/wp\/v2\/types\/post"}],"author":[{"embeddable":true,"href":"https:\/\/ospitalarioakfundazioaeuskadi.org\/es\/wp-json\/wp\/v2\/users\/1"}],"replies":[{"embeddable":true,"href":"https:\/\/ospitalarioakfundazioaeuskadi.org\/es\/wp-json\/wp\/v2\/comments?post=31336"}],"version-history":[{"count":1,"href":"https:\/\/ospitalarioakfundazioaeuskadi.org\/es\/wp-json\/wp\/v2\/posts\/31336\/revisions"}],"predecessor-version":[{"id":41778,"href":"https:\/\/ospitalarioakfundazioaeuskadi.org\/es\/wp-json\/wp\/v2\/posts\/31336\/revisions\/41778"}],"wp:featuredmedia":[{"embeddable":true,"href":"https:\/\/ospitalarioakfundazioaeuskadi.org\/es\/wp-json\/wp\/v2\/media\/25655"}],"wp:attachment":[{"href":"https:\/\/ospitalarioakfundazioaeuskadi.org\/es\/wp-json\/wp\/v2\/media?parent=31336"}],"wp:term":[{"taxonomy":"category","embeddable":true,"href":"https:\/\/ospitalarioakfundazioaeuskadi.org\/es\/wp-json\/wp\/v2\/categories?post=31336"},{"taxonomy":"post_tag","embeddable":true,"href":"https:\/\/ospitalarioakfundazioaeuskadi.org\/es\/wp-json\/wp\/v2\/tags?post=31336"},{"taxonomy":"linea-asistencial","embeddable":true,"href":"https:\/\/ospitalarioakfundazioaeuskadi.org\/es\/wp-json\/wp\/v2\/linea-asistencial?post=31336"}],"curies":[{"name":"wp","href":"https:\/\/api.w.org\/{rel}","templated":true}]}}