{"id":31378,"date":"2014-06-02T00:00:00","date_gmt":"2014-06-02T00:00:00","guid":{"rendered":"http:\/\/194.35.43.170\/~aitamenninueva\/bioetica-valoracion-capacidad-decidir-personas-8243\/"},"modified":"2022-10-25T13:54:40","modified_gmt":"2022-10-25T13:54:40","slug":"bioetica-valoracion-capacidad-decidir-personas-8243","status":"publish","type":"post","link":"https:\/\/ospitalarioakfundazioaeuskadi.org\/es\/bioetica-valoracion-capacidad-decidir-personas-8243\/","title":{"rendered":"Bio\u00e9tica y valoraci\u00f3n de la capacidad decidir en personas con DCA"},"content":{"rendered":"<div class=\"texto wysiwyg\">\n<p><a href=\"http:\/\/www.xn--daocerebral-2db.es\/bioetica-y-valoracion-de-la-capacidad-decidir-en-personas-con-dano-cerebral\/\" title=\"Bio\u00e9tica y valoraci\u00f3n de la capacidad decidir en personas con da\u00f1o cerebral\" target=\"_blank\" rel=\"noopener nofollow\">Leer m\u00e1s&gt;&gt;<\/a><\/p>\n<\/div>\n","protected":false},"excerpt":{"rendered":"<div class=\"entry-summary\">\nA la hora de determinar si una persona con una discapacidad compleja es capaz o no de tomar decisiones hay que tener en cuenta muchas variables.\n<\/div>\n<div class=\"link-more\"><a href=\"https:\/\/ospitalarioakfundazioaeuskadi.org\/es\/bioetica-valoracion-capacidad-decidir-personas-8243\/\" class=\"more-link\">Seguir leyendo<span class=\"screen-reader-text\"> &ldquo;Bio\u00e9tica y valoraci\u00f3n de la capacidad decidir en personas con DCA&rdquo;<\/span>&hellip;<\/a><\/div>\n","protected":false},"author":1,"featured_media":27069,"comment_status":"closed","ping_status":"closed","sticky":false,"template":"","format":"standard","meta":{"footnotes":""},"categories":[1040],"tags":[],"linea-asistencial":[],"class_list":["post-31378","post","type-post","status-publish","format-standard","has-post-thumbnail","hentry","category-bioetica","entry"],"_links":{"self":[{"href":"https:\/\/ospitalarioakfundazioaeuskadi.org\/es\/wp-json\/wp\/v2\/posts\/31378","targetHints":{"allow":["GET"]}}],"collection":[{"href":"https:\/\/ospitalarioakfundazioaeuskadi.org\/es\/wp-json\/wp\/v2\/posts"}],"about":[{"href":"https:\/\/ospitalarioakfundazioaeuskadi.org\/es\/wp-json\/wp\/v2\/types\/post"}],"author":[{"embeddable":true,"href":"https:\/\/ospitalarioakfundazioaeuskadi.org\/es\/wp-json\/wp\/v2\/users\/1"}],"replies":[{"embeddable":true,"href":"https:\/\/ospitalarioakfundazioaeuskadi.org\/es\/wp-json\/wp\/v2\/comments?post=31378"}],"version-history":[{"count":1,"href":"https:\/\/ospitalarioakfundazioaeuskadi.org\/es\/wp-json\/wp\/v2\/posts\/31378\/revisions"}],"predecessor-version":[{"id":40950,"href":"https:\/\/ospitalarioakfundazioaeuskadi.org\/es\/wp-json\/wp\/v2\/posts\/31378\/revisions\/40950"}],"wp:featuredmedia":[{"embeddable":true,"href":"https:\/\/ospitalarioakfundazioaeuskadi.org\/es\/wp-json\/wp\/v2\/media\/27069"}],"wp:attachment":[{"href":"https:\/\/ospitalarioakfundazioaeuskadi.org\/es\/wp-json\/wp\/v2\/media?parent=31378"}],"wp:term":[{"taxonomy":"category","embeddable":true,"href":"https:\/\/ospitalarioakfundazioaeuskadi.org\/es\/wp-json\/wp\/v2\/categories?post=31378"},{"taxonomy":"post_tag","embeddable":true,"href":"https:\/\/ospitalarioakfundazioaeuskadi.org\/es\/wp-json\/wp\/v2\/tags?post=31378"},{"taxonomy":"linea-asistencial","embeddable":true,"href":"https:\/\/ospitalarioakfundazioaeuskadi.org\/es\/wp-json\/wp\/v2\/linea-asistencial?post=31378"}],"curies":[{"name":"wp","href":"https:\/\/api.w.org\/{rel}","templated":true}]}}