{"id":31381,"date":"2014-05-13T00:00:00","date_gmt":"2014-05-13T00:00:00","guid":{"rendered":"http:\/\/194.35.43.170\/~aitamenninueva\/caminando-hacia-8216provincia-unica8217-8137\/"},"modified":"2022-10-25T13:54:41","modified_gmt":"2022-10-25T13:54:41","slug":"caminando-hacia-8216provincia-unica8217-8137","status":"publish","type":"post","link":"https:\/\/ospitalarioakfundazioaeuskadi.org\/es\/caminando-hacia-8216provincia-unica8217-8137\/","title":{"rendered":"Caminando hacia la provincia \u00fanica"},"content":{"rendered":"<div class=\"texto wysiwyg\">\n<p>Los d\u00edas 7 y 8 de mayo tuvo lugar el primer encuentro de los responsables de las tres provincias: Madrid, Palencia y Barcelona. El encuentro sirvi\u00f3 para que los responsables se conocieran y compartieran su quehacer pastoral. Uno de los momentos m\u00e1s emotivos fue visitar el pante\u00f3n de nuestros fundadores, donde recordamos los \u00faltimos d\u00edas de <a href=\"..\/..\/eu\/berriak\/benito-menni-deunaren-heriotzaren-mendeurreuna-8068.html\" title=\"Benito Menni\">Benito Menni<\/a>. <\/p>\n<p>Por parte del Hospital Aita Menni, acudi\u00f3 el responsable del <a href=\"..\/pastoral-proyectos-sociales\/servicio-pastoral.html\" title=\"Servicio Pastoral\">Servicio Pastoral<\/a>, Egoitz Zabala, y la coordinadora de las residencias de Txurdinaga y Durango, Gema Reinares.<\/p>\n<\/div>\n","protected":false},"excerpt":{"rendered":"<div class=\"entry-summary\">\nSe celebra el primer encuentro de responsables de Pastoral de las provincias de Madrid, Palencia y Barcelona.\n<\/div>\n<div class=\"link-more\"><a href=\"https:\/\/ospitalarioakfundazioaeuskadi.org\/es\/caminando-hacia-8216provincia-unica8217-8137\/\" class=\"more-link\">Seguir leyendo<span class=\"screen-reader-text\"> &ldquo;Caminando hacia la provincia \u00fanica&rdquo;<\/span>&hellip;<\/a><\/div>\n","protected":false},"author":1,"featured_media":27038,"comment_status":"closed","ping_status":"closed","sticky":false,"template":"","format":"standard","meta":{"footnotes":""},"categories":[1],"tags":[],"linea-asistencial":[],"class_list":["post-31381","post","type-post","status-publish","format-standard","has-post-thumbnail","hentry","category-sin-categorizar","entry"],"_links":{"self":[{"href":"https:\/\/ospitalarioakfundazioaeuskadi.org\/es\/wp-json\/wp\/v2\/posts\/31381","targetHints":{"allow":["GET"]}}],"collection":[{"href":"https:\/\/ospitalarioakfundazioaeuskadi.org\/es\/wp-json\/wp\/v2\/posts"}],"about":[{"href":"https:\/\/ospitalarioakfundazioaeuskadi.org\/es\/wp-json\/wp\/v2\/types\/post"}],"author":[{"embeddable":true,"href":"https:\/\/ospitalarioakfundazioaeuskadi.org\/es\/wp-json\/wp\/v2\/users\/1"}],"replies":[{"embeddable":true,"href":"https:\/\/ospitalarioakfundazioaeuskadi.org\/es\/wp-json\/wp\/v2\/comments?post=31381"}],"version-history":[{"count":1,"href":"https:\/\/ospitalarioakfundazioaeuskadi.org\/es\/wp-json\/wp\/v2\/posts\/31381\/revisions"}],"predecessor-version":[{"id":53671,"href":"https:\/\/ospitalarioakfundazioaeuskadi.org\/es\/wp-json\/wp\/v2\/posts\/31381\/revisions\/53671"}],"wp:featuredmedia":[{"embeddable":true,"href":"https:\/\/ospitalarioakfundazioaeuskadi.org\/es\/wp-json\/wp\/v2\/media\/27038"}],"wp:attachment":[{"href":"https:\/\/ospitalarioakfundazioaeuskadi.org\/es\/wp-json\/wp\/v2\/media?parent=31381"}],"wp:term":[{"taxonomy":"category","embeddable":true,"href":"https:\/\/ospitalarioakfundazioaeuskadi.org\/es\/wp-json\/wp\/v2\/categories?post=31381"},{"taxonomy":"post_tag","embeddable":true,"href":"https:\/\/ospitalarioakfundazioaeuskadi.org\/es\/wp-json\/wp\/v2\/tags?post=31381"},{"taxonomy":"linea-asistencial","embeddable":true,"href":"https:\/\/ospitalarioakfundazioaeuskadi.org\/es\/wp-json\/wp\/v2\/linea-asistencial?post=31381"}],"curies":[{"name":"wp","href":"https:\/\/api.w.org\/{rel}","templated":true}]}}