{"id":31407,"date":"2018-03-01T00:00:00","date_gmt":"2018-03-01T00:00:00","guid":{"rendered":"http:\/\/194.35.43.170\/~aitamenninueva\/carnaval-diversion-trabajo-para-mejorar-11925\/"},"modified":"2022-10-25T13:47:32","modified_gmt":"2022-10-25T13:47:32","slug":"carnaval-diversion-trabajo-para-mejorar-11925","status":"publish","type":"post","link":"https:\/\/ospitalarioakfundazioaeuskadi.org\/es\/carnaval-diversion-trabajo-para-mejorar-11925\/","title":{"rendered":"Carnaval, diversi\u00f3n y trabajo para mejorar el desarrollo de habilidades en los CRPS"},"content":{"rendered":"<div class=\"texto wysiwyg\">\n<p>M\u00e1s all\u00e1 de unas fiestas que comienzan un jueves y terminan el martes siguiente, los carnavales son un acontecimiento muy esperado <a href=\"carnavales-2018-mitologia-vasca-inunda-11877.html\" target=\"_blank\" rel=\"noopener\">en los distintos dispositivos del Hospital Aita Menni<\/a>. Los disfraces nos mueven a la diversi\u00f3n, al trabajo en distintos aspectos y constituyen una herramienta que favorece la interacci\u00f3n social.<\/p>\n<p>Las personas usuarias del <b>CRPS de Arrasate<\/b> estuvieron confeccionando los disfraces durante varias sesiones para lucirlos el martes de carnaval. La actividad nos permiti\u00f3 trabajar varios aspectos. Por un lado, pudimos repasar el taller de movilidad en la comunidad, donde las se\u00f1ales de tr\u00e1fico y la seguridad vial tienen un papel importante. Por otro, el trabajo manual de confecci\u00f3n de los trajes nos sirvi\u00f3 para mejorar aspectos como la motricidad fina, la concentraci\u00f3n, la memoria, la coordinaci\u00f3n oculomanual, la secuenciaci\u00f3n\u2026\u00a0\u00a0<\/p>\n<p>El martes de carnaval, adem\u00e1s, aprovechamos para destinar el taller de cocina a la elaboraci\u00f3n de un postre t\u00edpico de estas fechas y poder darle un aire m\u00e1s l\u00fadico del habitual, haciendo unas torrijas t\u00edpicas de estas fechas. El d\u00eda estuvo cargado de diversas actividades, entre ellas, un divertido karaoke.<\/p>\n<p><img decoding=\"async\" src=\"https:\/\/www.ospitalarioakfundazioaeuskadi.org\/wp-content\/uploads\/2021\/10\/beasain-0-1.jpg\" alt=\"\" title=\"\"><\/p>\n<p>Como a\u00f1os anteriores, desde el <b>CRPS de Beasain<\/b>\u00a0nos trasladamos hasta Tolosa para celebrar en la comunidad esta fiesta tan se\u00f1alada. All\u00ed vimos el desfile de carrozas y pudimos vivir el ambiente y mezclarnos con la gente. Adem\u00e1s, el martes de carnaval tres de nuestras\u00a0personas usuarias\u00a0elaboraron un exquisito chocolate para compartir con todos en el centro.\u00a0<\/p>\n<p><img decoding=\"async\" src=\"https:\/\/www.ospitalarioakfundazioaeuskadi.org\/wp-content\/uploads\/2021\/10\/maldatxo-0-4.jpg\" alt=\"\" title=\"\"><\/p>\n<p>En el <b>CRPS Maldatxo<\/b>\u00a0(Donostia) este a\u00f1o tambi\u00e9n hemos celebrado el carnaval.\u00a0El trabajo de d\u00edas preparando tanto el disfraz como los complementos, culmin\u00f3 tambi\u00e9n con una salida a Tolosa el martes de carnaval.\u00a0Los d\u00edas previos, entre todos realizamos el disfraz que decidimos hacer. Este a\u00f1o decidimos emular una tuna estudiantil.\u00a0Para ello, utilizamos pl\u00e1sticos de diferentes colores, con los que confeccionamos la capa.\u00a0Asimismo, decoramos las panderetas t\u00edpicas de los tunos.\u00a0El centro fue adornado para la ocasi\u00f3n con un mural elaborado por uno de nuestros usuarios.\u00a0La salida a Tolosa fue todo un \u00e9xito, ya que pudimos disfrutar del desfile de las carrozas t\u00edpicas de carnaval en este pueblo y de disfrutar de una comida en dicha localidad.\u00a0<\/p>\n<p>Tras disfrutar de esta fiesta llena de color, \u00a1nos quedamos esperando al carnaval del a\u00f1o que viene!<\/p><\/div>\n","protected":false},"excerpt":{"rendered":"<div class=\"entry-summary\">\nEn los Centros de Rehabilitaci\u00f3n Psicosocial gestionados por Aita Menni aprovechamos estas fechas para programar actividades de integraci\u00f3n en la comunidad y divertirnos. Las sesiones de confecci\u00f3n de los trajes nos sirven para trabajar la motricidad fina, la concentraci\u00f3n, la secuenciaci\u00f3n\u2026\n<\/div>\n<div class=\"link-more\"><a href=\"https:\/\/ospitalarioakfundazioaeuskadi.org\/es\/carnaval-diversion-trabajo-para-mejorar-11925\/\" class=\"more-link\">Seguir leyendo<span class=\"screen-reader-text\"> &ldquo;Carnaval, diversi\u00f3n y trabajo para mejorar el desarrollo de habilidades en los CRPS&rdquo;<\/span>&hellip;<\/a><\/div>\n","protected":false},"author":1,"featured_media":25747,"comment_status":"closed","ping_status":"closed","sticky":false,"template":"","format":"standard","meta":{"footnotes":""},"categories":[1046,1025,1026,1027],"tags":[],"linea-asistencial":[979],"class_list":["post-31407","post","type-post","status-publish","format-standard","has-post-thumbnail","hentry","category-crps-arrasate-mondragon","category-crps-beasain","category-crps-irun","category-crps-maldatxo","linea-asistencial-1-salud-mental","entry"],"_links":{"self":[{"href":"https:\/\/ospitalarioakfundazioaeuskadi.org\/es\/wp-json\/wp\/v2\/posts\/31407","targetHints":{"allow":["GET"]}}],"collection":[{"href":"https:\/\/ospitalarioakfundazioaeuskadi.org\/es\/wp-json\/wp\/v2\/posts"}],"about":[{"href":"https:\/\/ospitalarioakfundazioaeuskadi.org\/es\/wp-json\/wp\/v2\/types\/post"}],"author":[{"embeddable":true,"href":"https:\/\/ospitalarioakfundazioaeuskadi.org\/es\/wp-json\/wp\/v2\/users\/1"}],"replies":[{"embeddable":true,"href":"https:\/\/ospitalarioakfundazioaeuskadi.org\/es\/wp-json\/wp\/v2\/comments?post=31407"}],"version-history":[{"count":1,"href":"https:\/\/ospitalarioakfundazioaeuskadi.org\/es\/wp-json\/wp\/v2\/posts\/31407\/revisions"}],"predecessor-version":[{"id":53412,"href":"https:\/\/ospitalarioakfundazioaeuskadi.org\/es\/wp-json\/wp\/v2\/posts\/31407\/revisions\/53412"}],"wp:featuredmedia":[{"embeddable":true,"href":"https:\/\/ospitalarioakfundazioaeuskadi.org\/es\/wp-json\/wp\/v2\/media\/25747"}],"wp:attachment":[{"href":"https:\/\/ospitalarioakfundazioaeuskadi.org\/es\/wp-json\/wp\/v2\/media?parent=31407"}],"wp:term":[{"taxonomy":"category","embeddable":true,"href":"https:\/\/ospitalarioakfundazioaeuskadi.org\/es\/wp-json\/wp\/v2\/categories?post=31407"},{"taxonomy":"post_tag","embeddable":true,"href":"https:\/\/ospitalarioakfundazioaeuskadi.org\/es\/wp-json\/wp\/v2\/tags?post=31407"},{"taxonomy":"linea-asistencial","embeddable":true,"href":"https:\/\/ospitalarioakfundazioaeuskadi.org\/es\/wp-json\/wp\/v2\/linea-asistencial?post=31407"}],"curies":[{"name":"wp","href":"https:\/\/api.w.org\/{rel}","templated":true}]}}