{"id":31425,"date":"2018-02-16T00:00:00","date_gmt":"2018-02-16T00:00:00","guid":{"rendered":"http:\/\/194.35.43.170\/~aitamenninueva\/carnavales-2018-mitologia-vasca-inunda-11877\/"},"modified":"2022-12-09T11:26:13","modified_gmt":"2022-12-09T11:26:13","slug":"carnavales-2018-mitologia-vasca-inunda-11877","status":"publish","type":"post","link":"https:\/\/ospitalarioakfundazioaeuskadi.org\/es\/carnavales-2018-mitologia-vasca-inunda-11877\/","title":{"rendered":"Carnavales 2018: La mitolog\u00eda vasca inunda el Hospital Aita Menni"},"content":{"rendered":"<div class=\"texto wysiwyg\">\n<p>El Hospital Aita Menni disfrut\u00f3 el martes de carnaval de una tarde inolvidable. Tras varios meses de esfuerzo y dedicaci\u00f3n, pacientes, profesionales de nuestras distintas Unidades,\u00a0e incluso algunas religiosas,\u00a0se disfrazaron de personajes mitol\u00f3gicos, dando vida a sorginak, lamias, galtzagorris, zanpantzarrak\u2026Las personas con enfermedad mental o discapacidad intelectual participantes confeccionaron todos sus trajes en torno a la mitolog\u00eda vasca. <b>\u00a1\u00a1Venid y avisad a todos, que es carnaval!!<\/b><\/p>\n<p><i>\u00abSoy Amari, &nbsp;la madre del&nbsp; sol, de la luna.&nbsp;Cual caracol llevo en mi espalda tu cuna.&nbsp;Soy la tierra, el aire,&nbsp;el agua y el fuego.&nbsp;Soy la madre naturaleza&nbsp;rodeada de \u00e1rboles, flores, animales, r\u00edos y personas.&nbsp;Acomp\u00e1\u00f1ame, deja que te muestre la belleza que he creado en este rinc\u00f3n del universo&nbsp;y que te presente a mis criaturas. \u00a1Ven!&nbsp;Las hermosas mujeres&nbsp;con gorro, escoba y vestido, las sorgi\u00f1az,&nbsp;guardianas del cielo y de la tierra&nbsp;que esperan la llegada del atardecer para volar a poniente&nbsp;y tintar con fuego los aquelarres.&nbsp;En mis frondosos hayedos y robledos nos encontramos con los gentiles.&nbsp;Se\u00f1or y guardi\u00e1n de los bosques,\u00a0&nbsp;protector de las plantas y animales salvajes. &nbsp;Compositor de todas mis esculturas de piedra, los d\u00f3lmenes.&nbsp;Junto a los r\u00edos&nbsp;ver\u00e9is a mis doncellas de pies de pez, las lamias,&nbsp;que peinan sus largos cabellos dorados&nbsp;y enamoran a los pastores, aunque su amor es imposible&nbsp;y sus l\u00e1grimas son las cascadas y las fuentes de la tierra.&nbsp;Y a continuaci\u00f3n, mis duendes, los galtzagorris.&nbsp;Al son de la canci\u00f3n hacen sus deberes.&nbsp;Trabajadores insaciables,\u00a0&nbsp;ayudan a los humanos en sus labores.&nbsp;Se enojan si no tienen nada que hacer.&nbsp;Mientras que en los prados m\u00e1s altos de las monta\u00f1as,&nbsp;Tartalo, el pastor&nbsp;se ocupa de mis reba\u00f1os.&nbsp;\u00a1Atento! Su \u00fanico ojo vigila para que nada ni nadie enturbie la paz del lugar.&nbsp;Por \u00faltimo, los m\u00fasicos,&nbsp;criaturas que dan la bienvenida a los carnavales&nbsp;vestidos con el pelaje de mis hermosas ovejas.&nbsp;Colores vivos y cencerros que se escuchas desde Aizkorri: los zanpantzarrak<\/i>\u00ab.<\/p>\n<p>Con este hermoso texto, la presentadora fue describiendo y dando paso a los distintos grupos. Al son de la m\u00fasica fueron subiendo al escenario, llen\u00e1ndolo de magia, desfilando por \u00e9l y mostrando su propia coreograf\u00eda.<\/p>\n<p>Tanto en el escenario como en el patio de butacas, todo el mundo disfrut\u00f3 del momento. Desde aqu\u00ed queremos agradecer el trabajo de las personas que hicieron posible esta fabulosa fiesta: a\u00a0los cocineros, por el chocolate; al equipo de mantenimiento, por colaborar en la colocaci\u00f3n de sillas, mesas, microfon\u00eda, luces, etc.; a\u00a0todo el personal de enfermer\u00eda, por su labor imprescindible a la hora de ayudar a vestir a los y las pacientes y trasladarlos al sal\u00f3n de actos; al equipo de limpieza, sin el que nada ser\u00eda posible, y por \u00faltimo, al <a href=\"..\/psiquiatria\/servicio-rehabilitacion-dinamizacion-social.html\" target=\"_blank\" rel=\"noopener\">Servicio de Rehabilitaci\u00f3n y Dinamizaci\u00f3n Social<\/a> al completo: <b>Macarena, Marian, Ainhoa, Fuen, Juli, Leixuri, Leire, Amaia y Selene.\u00a0<\/b><b>ESKERRIK ASKO!\u00a0<\/b><\/p>\n<p><b><img decoding=\"async\" src=\"https:\/\/www.ospitalarioakfundazioaeuskadi.org\/wp-content\/uploads\/2021\/10\/carnaval2018a-2-1-1.jpg\" alt=\"\" title=\"\"><\/b><\/p><\/div>\n","protected":false},"excerpt":{"rendered":"<div class=\"entry-summary\">\nSorginak, lamias, galtzagorris\u2026, cada Unidad escogi\u00f3 un personaje en torno a la mitolog\u00eda vasca. Tras mucho tiempo de esfuerzo y dedicaci\u00f3n preparando bailes y disfraces, pacientes y profesionales desfilaron y se subieron al escenario del sal\u00f3n de actos llen\u00e1ndolo de magia y mostrando su propia coreograf\u00eda.\n<\/div>\n<div class=\"link-more\"><a href=\"https:\/\/ospitalarioakfundazioaeuskadi.org\/es\/carnavales-2018-mitologia-vasca-inunda-11877\/\" class=\"more-link\">Seguir leyendo<span class=\"screen-reader-text\"> &ldquo;Carnavales 2018: La mitolog\u00eda vasca inunda el Hospital Aita Menni&rdquo;<\/span>&hellip;<\/a><\/div>\n","protected":false},"author":1,"featured_media":25726,"comment_status":"closed","ping_status":"closed","sticky":false,"template":"","format":"standard","meta":{"footnotes":""},"categories":[1008],"tags":[],"linea-asistencial":[982,979],"class_list":["post-31425","post","type-post","status-publish","format-standard","has-post-thumbnail","hentry","category-hospital-aita-menni","linea-asistencial-2-discapacidad-intelectual","linea-asistencial-1-salud-mental","entry"],"_links":{"self":[{"href":"https:\/\/ospitalarioakfundazioaeuskadi.org\/es\/wp-json\/wp\/v2\/posts\/31425","targetHints":{"allow":["GET"]}}],"collection":[{"href":"https:\/\/ospitalarioakfundazioaeuskadi.org\/es\/wp-json\/wp\/v2\/posts"}],"about":[{"href":"https:\/\/ospitalarioakfundazioaeuskadi.org\/es\/wp-json\/wp\/v2\/types\/post"}],"author":[{"embeddable":true,"href":"https:\/\/ospitalarioakfundazioaeuskadi.org\/es\/wp-json\/wp\/v2\/users\/1"}],"replies":[{"embeddable":true,"href":"https:\/\/ospitalarioakfundazioaeuskadi.org\/es\/wp-json\/wp\/v2\/comments?post=31425"}],"version-history":[{"count":1,"href":"https:\/\/ospitalarioakfundazioaeuskadi.org\/es\/wp-json\/wp\/v2\/posts\/31425\/revisions"}],"predecessor-version":[{"id":53414,"href":"https:\/\/ospitalarioakfundazioaeuskadi.org\/es\/wp-json\/wp\/v2\/posts\/31425\/revisions\/53414"}],"wp:featuredmedia":[{"embeddable":true,"href":"https:\/\/ospitalarioakfundazioaeuskadi.org\/es\/wp-json\/wp\/v2\/media\/25726"}],"wp:attachment":[{"href":"https:\/\/ospitalarioakfundazioaeuskadi.org\/es\/wp-json\/wp\/v2\/media?parent=31425"}],"wp:term":[{"taxonomy":"category","embeddable":true,"href":"https:\/\/ospitalarioakfundazioaeuskadi.org\/es\/wp-json\/wp\/v2\/categories?post=31425"},{"taxonomy":"post_tag","embeddable":true,"href":"https:\/\/ospitalarioakfundazioaeuskadi.org\/es\/wp-json\/wp\/v2\/tags?post=31425"},{"taxonomy":"linea-asistencial","embeddable":true,"href":"https:\/\/ospitalarioakfundazioaeuskadi.org\/es\/wp-json\/wp\/v2\/linea-asistencial?post=31425"}],"curies":[{"name":"wp","href":"https:\/\/api.w.org\/{rel}","templated":true}]}}