{"id":31447,"date":"2019-01-23T00:00:00","date_gmt":"2019-01-23T00:00:00","guid":{"rendered":"http:\/\/194.35.43.170\/~aitamenninueva\/celebracion-sebastian-2019-maldatxo-12719\/"},"modified":"2022-12-09T10:52:51","modified_gmt":"2022-12-09T10:52:51","slug":"celebracion-sebastian-2019-maldatxo-12719","status":"publish","type":"post","link":"https:\/\/ospitalarioakfundazioaeuskadi.org\/es\/celebracion-sebastian-2019-maldatxo-12719\/","title":{"rendered":"Celebraci\u00f3n de San Sebasti\u00e1n 2019 en Maldatxo"},"content":{"rendered":"<div class=\"texto wysiwyg\">\n<p>Al igual que otros a\u00f1os, el equipo de profesionales y las personas usuarias del <a href=\"..\/psiquiatria\/centros-rehabilitacion-psicosocial\/index.html\" target=\"_blank\" rel=\"noopener\">Centro de Rehabilitaci\u00f3n Psicosocial<\/a> de Maldatxo en Donostia han celebrado como se merece el d\u00eda de San Sebasti\u00e1n. Una vez m\u00e1s, todos juntos d<span>ecoramos el centro con banderas, globos y tambores de color azul y blanco, como manda la fiesta.<\/span><\/p>\n<p>La gastronom\u00eda tambi\u00e9n es parte importante en esta celebraci\u00f3n, por lo que cocinamos un men\u00fa especial entre todos: huevos rellenos de chaka y at\u00fan,\u00a0 y unas\u00a0 buenas gulas con champi\u00f1ones, gambas y su toque picante. Para terminar, hicimos un rico postre ligero y sabroso: mousse de lim\u00f3n.<\/p>\n<p>Disfrutamos todos juntos, y nos marchamos tan felices, ya que ten\u00edamos por delante tres d\u00edas de fiesta para seguir celebrando en la ciudad.<\/p><\/div>\n","protected":false},"excerpt":{"rendered":"<div class=\"entry-summary\">\nComo es tradici\u00f3n en nuestro CRPS de Donostia, este a\u00f1o tambi\u00e9n festejamos el d\u00eda del patr\u00f3n de la ciudad. Disfrutamos todos juntos decorando el centro y con un men\u00fa muy especial, como manda la fiesta.\n<\/div>\n<div class=\"link-more\"><a href=\"https:\/\/ospitalarioakfundazioaeuskadi.org\/es\/celebracion-sebastian-2019-maldatxo-12719\/\" class=\"more-link\">Seguir leyendo<span class=\"screen-reader-text\"> &ldquo;Celebraci\u00f3n de San Sebasti\u00e1n 2019 en Maldatxo&rdquo;<\/span>&hellip;<\/a><\/div>\n","protected":false},"author":1,"featured_media":26223,"comment_status":"closed","ping_status":"closed","sticky":false,"template":"","format":"standard","meta":{"footnotes":""},"categories":[646,1027],"tags":[],"linea-asistencial":[979],"class_list":["post-31447","post","type-post","status-publish","format-standard","has-post-thumbnail","hentry","category-aita-menni","category-crps-maldatxo","linea-asistencial-1-salud-mental","entry"],"_links":{"self":[{"href":"https:\/\/ospitalarioakfundazioaeuskadi.org\/es\/wp-json\/wp\/v2\/posts\/31447","targetHints":{"allow":["GET"]}}],"collection":[{"href":"https:\/\/ospitalarioakfundazioaeuskadi.org\/es\/wp-json\/wp\/v2\/posts"}],"about":[{"href":"https:\/\/ospitalarioakfundazioaeuskadi.org\/es\/wp-json\/wp\/v2\/types\/post"}],"author":[{"embeddable":true,"href":"https:\/\/ospitalarioakfundazioaeuskadi.org\/es\/wp-json\/wp\/v2\/users\/1"}],"replies":[{"embeddable":true,"href":"https:\/\/ospitalarioakfundazioaeuskadi.org\/es\/wp-json\/wp\/v2\/comments?post=31447"}],"version-history":[{"count":1,"href":"https:\/\/ospitalarioakfundazioaeuskadi.org\/es\/wp-json\/wp\/v2\/posts\/31447\/revisions"}],"predecessor-version":[{"id":53353,"href":"https:\/\/ospitalarioakfundazioaeuskadi.org\/es\/wp-json\/wp\/v2\/posts\/31447\/revisions\/53353"}],"wp:featuredmedia":[{"embeddable":true,"href":"https:\/\/ospitalarioakfundazioaeuskadi.org\/es\/wp-json\/wp\/v2\/media\/26223"}],"wp:attachment":[{"href":"https:\/\/ospitalarioakfundazioaeuskadi.org\/es\/wp-json\/wp\/v2\/media?parent=31447"}],"wp:term":[{"taxonomy":"category","embeddable":true,"href":"https:\/\/ospitalarioakfundazioaeuskadi.org\/es\/wp-json\/wp\/v2\/categories?post=31447"},{"taxonomy":"post_tag","embeddable":true,"href":"https:\/\/ospitalarioakfundazioaeuskadi.org\/es\/wp-json\/wp\/v2\/tags?post=31447"},{"taxonomy":"linea-asistencial","embeddable":true,"href":"https:\/\/ospitalarioakfundazioaeuskadi.org\/es\/wp-json\/wp\/v2\/linea-asistencial?post=31447"}],"curies":[{"name":"wp","href":"https:\/\/api.w.org\/{rel}","templated":true}]}}