{"id":31450,"date":"2006-01-19T00:00:00","date_gmt":"2006-01-19T00:00:00","guid":{"rendered":"http:\/\/194.35.43.170\/~aitamenninueva\/celebracion-seminario-disfagia-neurogena-como-evaluarla-7303\/"},"modified":"2022-10-25T13:56:47","modified_gmt":"2022-10-25T13:56:47","slug":"celebracion-seminario-disfagia-neurogena-como-evaluarla-7303","status":"publish","type":"post","link":"https:\/\/ospitalarioakfundazioaeuskadi.org\/es\/celebracion-seminario-disfagia-neurogena-como-evaluarla-7303\/","title":{"rendered":"Celebraci\u00f3n del seminario \u00abdisfagia neur\u00f3gena.\u00a0C\u00d3MO Evaluarla y tratarla\u00bb"},"content":{"rendered":"<div class=\"texto wysiwyg\">\n<p>Bajo el t\u00edtulo \u201cDisfagia neur\u00f3gena. C\u00f3mo evaluarla y tratarla\u201d, el pr\u00f3ximo 26 de enero, jueves, se celebrar\u00e1 en Donostia-San Sebasti\u00e1n una jornada cient\u00edfica sobre la disfagia neur\u00f3gena, una secuela com\u00fan, pero en ciertos \u00e1mbitos poco conocida, de gran variedad de enfermedades agudas o cr\u00f3nicas, como accidentes cerebrovasculares, traumatismos craneoencef\u00e1licos, enfermedades neuromusculares y degenerativas del sistema nervioso central, que se refiere a la dificultad para llevar a cabo el proceso de degluci\u00f3n de los alimentos.&nbsp;\u00a0&nbsp;Este seminario forma parte del Programa de Formaci\u00f3n en Neuro-rehabilitaci\u00f3n que el Servicio de Da\u00f1o Cerebral del Hospital Aita Menni desarrolla en diferentes \u00e1reas relacionadas con el da\u00f1o cerebral adquirido. Comprende en realidad un curso b\u00e1sico sobre los procesos inherentes a la evaluaci\u00f3n de la disfagia y su tratamiento, y est\u00e1 dirigido a profesionales sanitarios, especialmente a neur\u00f3logos, otorrinos, geriatras, m\u00e9dicos rehabilitadores, neurocirujanos, terapeutas ocupacionales, fisioterapeutas y DUEs.&nbsp;\u00a0&nbsp;La disfagia neur\u00f3gena o de origen neurol\u00f3gico se define como un trastorno de la degluci\u00f3n que aparece en torno a una lesi\u00f3n del sistema nervioso. As\u00ed, por ejemplo, afecta a m\u00e1s del 30% de los pacientes que han sufrido un accidente cerebrovascular.&nbsp;\u00a0&nbsp;La severidad de este s\u00edntoma puede variar desde una dificultad moderada hasta la total imposibilidad para la alimentaci\u00f3n oral. Los afectados ven alterados los mecanismos que conforman desde la masticaci\u00f3n hasta el desplazamiento del bolo alimenticio de la boca hacia el est\u00f3mago. Por tanto, se trata de una disfunci\u00f3n grave que debe ser diagnosticada y tratada precozmente debido a la importante morbimortalidad asociada que presenta.&nbsp;\u00a0&nbsp;Para informaci\u00f3n e inscripci\u00f3n, tr\u00edptico del seminario disponible en formato PDF: <a title=\"Abre documento PDF Sobre le seminario de disfagia\" href=\"https:\/\/www.ospitalarioakfundazioaeuskadi.org\/archivos\/201307\/seminario-disfagia-0.pdf\">Seminario disfagia neur\u00f3gena (1.5 MB)<\/a><\/p><\/div>\n","protected":false},"excerpt":{"rendered":"<div class=\"entry-summary\">\nEsta jornada cient\u00edfica forma parte del Programa de Formaci\u00f3n en Neuro-rehabilitaci\u00f3n del Servicio de Da\u00f1o Cerebral del Hospital Aita Menni\n<\/div>\n<div class=\"link-more\"><a href=\"https:\/\/ospitalarioakfundazioaeuskadi.org\/es\/celebracion-seminario-disfagia-neurogena-como-evaluarla-7303\/\" class=\"more-link\">Seguir leyendo<span class=\"screen-reader-text\"> &ldquo;Celebraci\u00f3n del seminario \u00abdisfagia neur\u00f3gena.\u00a0C\u00d3MO Evaluarla y tratarla\u00bb&rdquo;<\/span>&hellip;<\/a><\/div>\n","protected":false},"author":1,"featured_media":0,"comment_status":"closed","ping_status":"closed","sticky":false,"template":"","format":"standard","meta":{"footnotes":""},"categories":[1],"tags":[],"linea-asistencial":[],"class_list":["post-31450","post","type-post","status-publish","format-standard","hentry","category-sin-categorizar","entry"],"_links":{"self":[{"href":"https:\/\/ospitalarioakfundazioaeuskadi.org\/es\/wp-json\/wp\/v2\/posts\/31450","targetHints":{"allow":["GET"]}}],"collection":[{"href":"https:\/\/ospitalarioakfundazioaeuskadi.org\/es\/wp-json\/wp\/v2\/posts"}],"about":[{"href":"https:\/\/ospitalarioakfundazioaeuskadi.org\/es\/wp-json\/wp\/v2\/types\/post"}],"author":[{"embeddable":true,"href":"https:\/\/ospitalarioakfundazioaeuskadi.org\/es\/wp-json\/wp\/v2\/users\/1"}],"replies":[{"embeddable":true,"href":"https:\/\/ospitalarioakfundazioaeuskadi.org\/es\/wp-json\/wp\/v2\/comments?post=31450"}],"version-history":[{"count":1,"href":"https:\/\/ospitalarioakfundazioaeuskadi.org\/es\/wp-json\/wp\/v2\/posts\/31450\/revisions"}],"predecessor-version":[{"id":53718,"href":"https:\/\/ospitalarioakfundazioaeuskadi.org\/es\/wp-json\/wp\/v2\/posts\/31450\/revisions\/53718"}],"wp:attachment":[{"href":"https:\/\/ospitalarioakfundazioaeuskadi.org\/es\/wp-json\/wp\/v2\/media?parent=31450"}],"wp:term":[{"taxonomy":"category","embeddable":true,"href":"https:\/\/ospitalarioakfundazioaeuskadi.org\/es\/wp-json\/wp\/v2\/categories?post=31450"},{"taxonomy":"post_tag","embeddable":true,"href":"https:\/\/ospitalarioakfundazioaeuskadi.org\/es\/wp-json\/wp\/v2\/tags?post=31450"},{"taxonomy":"linea-asistencial","embeddable":true,"href":"https:\/\/ospitalarioakfundazioaeuskadi.org\/es\/wp-json\/wp\/v2\/linea-asistencial?post=31450"}],"curies":[{"name":"wp","href":"https:\/\/api.w.org\/{rel}","templated":true}]}}