{"id":31469,"date":"2021-04-19T00:00:00","date_gmt":"2021-04-19T00:00:00","guid":{"rendered":"http:\/\/194.35.43.170\/~aitamenninueva\/celebramos-benito-menni-unadosisdeesperanza-medio-14300\/"},"modified":"2023-01-28T16:31:36","modified_gmt":"2023-01-28T16:31:36","slug":"celebramos-benito-menni-unadosisdeesperanza-medio-14300","status":"publish","type":"post","link":"https:\/\/ospitalarioakfundazioaeuskadi.org\/es\/celebramos-benito-menni-unadosisdeesperanza-medio-14300\/","title":{"rendered":"Celebramos San Benito Menni con #UnaDosisDeEsperanza en medio de tanta incertidumbre"},"content":{"rendered":"<div class=\"texto wysiwyg\">\n<p>Este a\u00f1o, como cada 24 de abril, celebramos la festividad de <b>San Benito Menni<\/b>, <a href=\"https:\/\/www.hospitalarias.es\/quienes-somos\/congregacion\/\" target=\"_blank\" rel=\"noopener nofollow\">fundador<\/a>\u00a0del Hospital Aita Menni y de Hermanas Hospitalarias. Aunque debido a la pandemia de covid-19 todav\u00eda no podemos celebrarlo como nos gustar\u00eda, hemos organizado distintas actividades para que vivamos y transmitamos a nuestro entorno #UnaDosisDeEsperanza en medio de tanta incertidumbre como vivimos.<\/p>\n<p>Para celebrar el d\u00eda de nuestro santo fundador, en el Hospital Aita Menni vamos a realizar actividades especiales durante la ma\u00f1ana y por la tarde, una peque\u00f1a fiesta en las unidades, con m\u00fasica, karaoke y merienda para los pacientes. Adem\u00e1s, el jueves d\u00eda 22, a las 12 del mediod\u00eda en el sal\u00f3n de actos del hospital tendremos una charla\u00a0formativa\u00a0a cargo de nuestro director m\u00e9dico, el doctor <b>Manuel Mart\u00edn Carrasco<\/b>, que nos hablar\u00e1 sobre la aportaci\u00f3n de San Benito Menni a la psiquiatr\u00eda.<\/p>\n<p><b>San Benito Menni<\/b>, sacerdote de la Orden de San Juan de Dios, funda junto con <b>Mar\u00eda Josefa Recio<\/b> y <b>Mar\u00eda Angustias Gim\u00e9nez<\/b> la Congregaci\u00f3n de Hermanas Hospitalarias el 31 de mayo de 1881. Su fiesta es un buen momento para recordar, como \u00e9l mismo dec\u00eda, que <i>\u201cla fe, la esperanza y la caridad infunden una nueva vida y fortaleza sobrehumana en el coraz\u00f3n de quien las posee\u201d<\/i> (Carta 022).<\/p>\n<p><img decoding=\"async\" src=\"https:\/\/www.ospitalarioakfundazioaeuskadi.org\/wp-content\/uploads\/2021\/10\/unadosisdeesperanzap-0-1.jpg\" alt=\"\" title=\"\"><\/p>\n<p>Fotos y dibujos con el hashtag #unadosisdeesperanza con los que el HAM ha participado. Es el lema que compartimos en todos los centros de los 25 pa\u00edses donde Hermanas Hospitalarias tiene presencia.<\/p>\n<p><b>A continuaci\u00f3n detallamos las iniciativas virtuales m\u00e1s destacadas, entre las que se encuentran las siguientes:<\/b><\/p>\n<ul>\n<li>Martes 20 de abril<\/li>\n<\/ul>\n<p>Webinar donde, a trav\u00e9s del el testimonio de distintas hermanas y colaboradores, conoceremos la labor de nuestra instituci\u00f3n en Timor, Kinshasha y Uruguay.<\/p>\n<ul>\n<li>Mi\u00e9rcoles 21 de abril<\/li>\n<\/ul>\n<p>De 19\u201900 a 19\u201915h, presentaci\u00f3n del v\u00eddeo. \u201cGestos de Hospitalidad: Hoy Como Ayer y Siempre\u201d. Porque las actitudes y acciones hospitalarias que desde San Benito Menni venimos promoviendo, siguen hoy en plena vigencia. Con\u00e9ctate al <a href=\"https:\/\/www.youtube.com\/channel\/UCLDF_pbuKIYSKpMIG7SfJLQ?view_as=subscriber\" target=\"_blank\" rel=\"noopener nofollow\">canal de YouTube de Hermanas Hospitalarias<\/a> y podr\u00e1s ver el v\u00eddeo en directo.<\/p>\n<ul>\n<li>Jueves 22 de abril<\/li>\n<\/ul>\n<p>A las 11:00h. Coloquio &#8216;Apoyo a la consulta en salud mental en Tole (Camer\u00fan)&#8217; para dar a conocer el proyecto que est\u00e1 siendo apoyado por el Ayuntamiento de la Cendea de Olza (Navarra).<\/p>\n<p>12\u201900 a 12\u201910h: Felicitaci\u00f3n de sor <b>Matilde Porras<\/b>, superiora provincial y de D. <b>Alberto Mart\u00edn<\/b>, gerente provincial. Un momento de comuni\u00f3n con toda la comunidad hospitalaria. Ser\u00e1 en directo a trav\u00e9s de nuestro Canal de YouTube.<\/p>\n<p>12\u201910 a 12\u201945h: Paraliturgia de la festividad de San Benito Menni. Compartiremos un tiempo de oraci\u00f3n abierto a todas aquellas personas que deseen y quieran acompa\u00f1arnos. Quedar\u00e1 grabada en nuestro canal de Youtube para quien desee verla posteriormente.<\/p>\n<p>\u00a1Os esperamos!<\/p>\n<p class=\"xmsonormal\">\n<\/div>\n","protected":false},"excerpt":{"rendered":"<div class=\"entry-summary\">\nComo cada 24 de abril, conmemoramos la festividad de nuestro fundador. Aunque no podemos celebrarlo como nos gustar\u00eda, hemos organizado distintas actividades para que vivamos y transmitamos esperanza en medio de tanta incertidumbre como vivimos.\n<\/div>\n<div class=\"link-more\"><a href=\"https:\/\/ospitalarioakfundazioaeuskadi.org\/es\/celebramos-benito-menni-unadosisdeesperanza-medio-14300\/\" class=\"more-link\">Seguir leyendo<span class=\"screen-reader-text\"> &ldquo;Celebramos San Benito Menni con #UnaDosisDeEsperanza en medio de tanta incertidumbre&rdquo;<\/span>&hellip;<\/a><\/div>\n","protected":false},"author":1,"featured_media":26803,"comment_status":"closed","ping_status":"closed","sticky":false,"template":"","format":"standard","meta":{"footnotes":""},"categories":[646],"tags":[],"linea-asistencial":[],"class_list":["post-31469","post","type-post","status-publish","format-standard","has-post-thumbnail","hentry","category-aita-menni","entry"],"_links":{"self":[{"href":"https:\/\/ospitalarioakfundazioaeuskadi.org\/es\/wp-json\/wp\/v2\/posts\/31469","targetHints":{"allow":["GET"]}}],"collection":[{"href":"https:\/\/ospitalarioakfundazioaeuskadi.org\/es\/wp-json\/wp\/v2\/posts"}],"about":[{"href":"https:\/\/ospitalarioakfundazioaeuskadi.org\/es\/wp-json\/wp\/v2\/types\/post"}],"author":[{"embeddable":true,"href":"https:\/\/ospitalarioakfundazioaeuskadi.org\/es\/wp-json\/wp\/v2\/users\/1"}],"replies":[{"embeddable":true,"href":"https:\/\/ospitalarioakfundazioaeuskadi.org\/es\/wp-json\/wp\/v2\/comments?post=31469"}],"version-history":[{"count":3,"href":"https:\/\/ospitalarioakfundazioaeuskadi.org\/es\/wp-json\/wp\/v2\/posts\/31469\/revisions"}],"predecessor-version":[{"id":58251,"href":"https:\/\/ospitalarioakfundazioaeuskadi.org\/es\/wp-json\/wp\/v2\/posts\/31469\/revisions\/58251"}],"wp:featuredmedia":[{"embeddable":true,"href":"https:\/\/ospitalarioakfundazioaeuskadi.org\/es\/wp-json\/wp\/v2\/media\/26803"}],"wp:attachment":[{"href":"https:\/\/ospitalarioakfundazioaeuskadi.org\/es\/wp-json\/wp\/v2\/media?parent=31469"}],"wp:term":[{"taxonomy":"category","embeddable":true,"href":"https:\/\/ospitalarioakfundazioaeuskadi.org\/es\/wp-json\/wp\/v2\/categories?post=31469"},{"taxonomy":"post_tag","embeddable":true,"href":"https:\/\/ospitalarioakfundazioaeuskadi.org\/es\/wp-json\/wp\/v2\/tags?post=31469"},{"taxonomy":"linea-asistencial","embeddable":true,"href":"https:\/\/ospitalarioakfundazioaeuskadi.org\/es\/wp-json\/wp\/v2\/linea-asistencial?post=31469"}],"curies":[{"name":"wp","href":"https:\/\/api.w.org\/{rel}","templated":true}]}}