{"id":31474,"date":"2014-05-14T00:00:00","date_gmt":"2014-05-14T00:00:00","guid":{"rendered":"http:\/\/194.35.43.170\/~aitamenninueva\/celebramos-centenario-benito-menni-8131\/"},"modified":"2022-10-25T13:54:41","modified_gmt":"2022-10-25T13:54:41","slug":"celebramos-centenario-benito-menni-8131","status":"publish","type":"post","link":"https:\/\/ospitalarioakfundazioaeuskadi.org\/es\/celebramos-centenario-benito-menni-8131\/","title":{"rendered":"As\u00ed celebramos el Centenario de San Benito Menni"},"content":{"rendered":"<div class=\"texto wysiwyg\">\n<p>El d\u00eda \u00a024, varios sacerdotes concelebraron una multitudinaria misa en la iglesia del vecino Hospital Psiqui\u00e1trico de San Juan de Dios, en la que no falt\u00f3 el coro y en la que se bail\u00f3 ante el santo un aurresku de honor. A la salida, todas las personas que quisieron sumarse a nosotros pudieron reunirse para continuar la jornada a la fiesta, entre otras muchas se encontraban el alcalde Arrasate-Mondrag\u00f3n, representantes del Ayuntamiento de Ezcoriatza, de la di\u00f3cesis de San Sebasti\u00e1n, de otras \u00f3rdenes religiosas, de Caritas, de la Ertzaintza o de la Orquesta Sinf\u00f3nica de Euskadi, as\u00ed como de empresas y entidades con las que trabajamos codo a codo d\u00eda a d\u00eda. <\/p>\n<p>El d\u00eda concluy\u00f3 con la entrega de distinciones a los trabajadores de Aita Menni que en este ejercicio han cumplido 25 a\u00f1os al servicio de Hospital. Pero el <a href=\"https:\/\/ospitalarioakfundazioaeuskadi.org\/es\/centenario-muerte-benito-menni-8068\/\" title=\"Centenario de San Benito Menni\">programa del Centenario de San Benito Menni contin\u00faa<\/a>.\u00a0<\/p>\n<p><span>Entre las <\/span><strong>\u00faltimas\u00a0actividades celebradas\u00a0<\/strong><span>destaca, el 17 de mayo, la <\/span><strong>acogida de la luz y el icono de la hospitalidad<\/strong><span>. Se trata de un candil con la luz encendida el 24 de abril en <\/span><strong>Dinan<\/strong><span>, ciudad francesa donde falleci\u00f3 el padre Menni en 1914. La luz y el icono recorrer\u00e1n todas las casas fundadas por San Benito. El farol y el icono, que tambi\u00e9n pasar\u00e1n por la comunidad de los Hermanos de San Juan de Dios, permanecer\u00e1n en nuestro hospital hasta finales de junio, fecha en que ser\u00e1n transportados a Palencia.<\/span><\/p>\n<p>El icono representa la bondad de los<strong> valores de la Hospitalidad<\/strong>, palabra clave que se encuentra en el centro del icono y que sintetiza nuestra cultura. Hospitalidad significa el ejercicio humano, terap\u00e9utico y espiritual de servir a las personas enfermas, necesitadas, a las que sufren. De este modo, pasan de ser excluidas a ser acogidas y cuidadas para que puedan integrarse en sociedad.<\/p>\n<p>Adem\u00e1s, durante el a\u00f1o, trabajadores y allegados del Hospital Aita Menni se encargar\u00e1n de depositar el logo del Centenario de San Benito Menni en los buzones de cuatro cimas del Pa\u00eds Vasco, concretamente de los montes Udalaitz (junio), Aizkorri (julio), Gorbea (marzo 2015) y\u00a0 Anboto (abril 2015). Exposiciones de arte y artesan\u00eda, actuaciones musicales, pr\u00e1cticas deportivas y la peregrinaci\u00f3n a Lourdes y a Ciempozuelos, lugar donde se encuentran los restos de San Benito Menni.<\/p>\n<p><img decoding=\"async\" src=\"https:\/\/www.ospitalarioakfundazioaeuskadi.org\/wp-content\/uploads\/2021\/10\/picmonkey-collage-0-5.jpg\" alt=\"Icono y candil San Benito Menni\" title=\"\"><\/p>\n<\/div>\n","protected":false},"excerpt":{"rendered":"<div class=\"entry-summary\">\n\u00c9ste es un a\u00f1o se\u00f1alado para el Hospital Aita Menni. El 24 abril conmemoramos el 100 aniversario del fallecimiento de nuestro fundador, el padre Benito Menni, ya santo, e iniciamos un periodo de celebraci\u00f3n que durar\u00e1 hasta abril de 2015.\n<\/div>\n<div class=\"link-more\"><a href=\"https:\/\/ospitalarioakfundazioaeuskadi.org\/es\/celebramos-centenario-benito-menni-8131\/\" class=\"more-link\">Seguir leyendo<span class=\"screen-reader-text\"> &ldquo;As\u00ed celebramos el Centenario de San Benito Menni&rdquo;<\/span>&hellip;<\/a><\/div>\n","protected":false},"author":1,"featured_media":27033,"comment_status":"closed","ping_status":"closed","sticky":false,"template":"","format":"standard","meta":{"footnotes":""},"categories":[1],"tags":[],"linea-asistencial":[],"class_list":["post-31474","post","type-post","status-publish","format-standard","has-post-thumbnail","hentry","category-sin-categorizar","entry"],"_links":{"self":[{"href":"https:\/\/ospitalarioakfundazioaeuskadi.org\/es\/wp-json\/wp\/v2\/posts\/31474","targetHints":{"allow":["GET"]}}],"collection":[{"href":"https:\/\/ospitalarioakfundazioaeuskadi.org\/es\/wp-json\/wp\/v2\/posts"}],"about":[{"href":"https:\/\/ospitalarioakfundazioaeuskadi.org\/es\/wp-json\/wp\/v2\/types\/post"}],"author":[{"embeddable":true,"href":"https:\/\/ospitalarioakfundazioaeuskadi.org\/es\/wp-json\/wp\/v2\/users\/1"}],"replies":[{"embeddable":true,"href":"https:\/\/ospitalarioakfundazioaeuskadi.org\/es\/wp-json\/wp\/v2\/comments?post=31474"}],"version-history":[{"count":1,"href":"https:\/\/ospitalarioakfundazioaeuskadi.org\/es\/wp-json\/wp\/v2\/posts\/31474\/revisions"}],"predecessor-version":[{"id":53670,"href":"https:\/\/ospitalarioakfundazioaeuskadi.org\/es\/wp-json\/wp\/v2\/posts\/31474\/revisions\/53670"}],"wp:featuredmedia":[{"embeddable":true,"href":"https:\/\/ospitalarioakfundazioaeuskadi.org\/es\/wp-json\/wp\/v2\/media\/27033"}],"wp:attachment":[{"href":"https:\/\/ospitalarioakfundazioaeuskadi.org\/es\/wp-json\/wp\/v2\/media?parent=31474"}],"wp:term":[{"taxonomy":"category","embeddable":true,"href":"https:\/\/ospitalarioakfundazioaeuskadi.org\/es\/wp-json\/wp\/v2\/categories?post=31474"},{"taxonomy":"post_tag","embeddable":true,"href":"https:\/\/ospitalarioakfundazioaeuskadi.org\/es\/wp-json\/wp\/v2\/tags?post=31474"},{"taxonomy":"linea-asistencial","embeddable":true,"href":"https:\/\/ospitalarioakfundazioaeuskadi.org\/es\/wp-json\/wp\/v2\/linea-asistencial?post=31474"}],"curies":[{"name":"wp","href":"https:\/\/api.w.org\/{rel}","templated":true}]}}