{"id":31552,"date":"2014-09-12T00:00:00","date_gmt":"2014-09-12T00:00:00","guid":{"rendered":"http:\/\/194.35.43.170\/~aitamenninueva\/charla-sobre-vida-benito-menni-8468\/"},"modified":"2023-01-27T05:15:53","modified_gmt":"2023-01-27T05:15:53","slug":"charla-sobre-vida-benito-menni-8468","status":"publish","type":"post","link":"https:\/\/ospitalarioakfundazioaeuskadi.org\/es\/charla-sobre-vida-benito-menni-8468\/","title":{"rendered":"El m\u00fasico vasco Juan Carlos Irizar present\u00f3 en el Aquarium de Donostia su \u00faltimo disco, un homenaje a la figura de San Benito Menni"},"content":{"rendered":"<div class=\"texto wysiwyg\">\n<p>El m\u00fasico vasco\u00a0<a href=\"https:\/\/ospitalarioakfundazioaeuskadi.org\/es\/juan-carlos-irizar-dirige-coro-8262\/\" title=\"Juan Carlos Irizar\" target=\"_blank\" rel=\"noopener\">Juan Carlos Irizar<\/a>\u00a0present\u00f3 en el Aquarium-Palacio del Mar de Donostia-San Sebasti\u00e1n su \u00faltimo disco, un \u00a0homenaje a la figura de San Benito Menni con motivo del <a href=\"https:\/\/ospitalarioakfundazioaeuskadi.org\/es\/celebramos-centenario-benito-menni-8131\/\" title=\"Centenario san Benito Menni\"><strong>100 aniversario de su fallecimiento<\/strong><\/a>. El padre Menni fue el restaurador de la Orden de los Hermanos de San Juan de Dios, <strong>fundador de la Congregaci\u00f3n de las Hermanas Hospitalarias<\/strong> del Sagrado Coraz\u00f3n de Jes\u00fas, a la que pertenece nuestro hospital, y el <strong>creador de la primera red asistencial psiqui\u00e1trica de Espa\u00f1a<\/strong>.<\/p>\n<p>La presentaci\u00f3n del repertorio form\u00f3 parte de una jornada especial de actos celebrada el 12 de septiembre en el Aquarium donostiarra para conmemorar el 100 aniversario del fallecimiento de San Benito Menni. Junto con el coro de hermanas del Hospital Aita Menni y el coro de c\u00e1mara Los Tonos Humanos, el artista vasco interpret\u00f3 el<strong> himno a San Benito Menni que ha compuesto en honor al fundador con motivo del centenario<\/strong>.\u00a0<\/p>\n<p>Entre otras personalidades, estuvieron\u00a0<strong>presentes el subdelegado del Gobierno de Espa\u00f1a en Gipuzkoa, Jos\u00e9 Luis Herrador; el delegado Territorial del Departamento de Salud en Gipuzkoa, Rafael Uribarren; el presidente del Aquarium, Vicente Zaragueta, y los Consejos de Direcci\u00f3n del Hospital Aita Menni y del Hospital Psiqui\u00e1trico San Juan de Dios de Arrasate-Mondrag\u00f3n<\/strong>.<\/p>\n<p><a href=\"https:\/\/www.facebook.com\/media\/set\/?set=a.791335530917985.1073741889.135683853149826&amp;type=1\" target=\"_blank\" rel=\"noopener nofollow\"><img decoding=\"async\" src=\"https:\/\/www.ospitalarioakfundazioaeuskadi.org\/wp-content\/uploads\/2021\/10\/picmonkey-collagew-0-1.jpg\" alt=\"Acuarium\" title=\"\"><\/a><\/p>\n<p>Durante la jornada, <strong>Sor Natividad Carbajo<\/strong>, vicaria provincial, record\u00f3 la vida del Padre Menni y su paso por Euskadi. Por su parte, el Dr.\u00a0<a href=\"https:\/\/www.ospitalarioakfundazioaeuskadi.org\/es\/autor\/jose-ignacio-quemada-ubis\/\" title=\"Ignacio Quemada\" target=\"_blank\" rel=\"noopener\">Ignacio Quemada<\/a>, director m\u00e9dico del Hospital Aita Menni, incidi\u00f3 en la relevancia de la obra de San Benito Menni dentro de la psiquiatr\u00eda. Asimismo, <strong>Egoitz Zabala<\/strong>, responsable de\u00a0<a href=\"..\/pastoral-proyectos-sociales.html\" title=\"Pastoral y proyectos sociales\" target=\"_blank\" rel=\"noopener\">Pastoral y Voluntariado<\/a>\u00a0de Aita Menni, record\u00f3 el impulso que el padre Menni dio al voluntariado en el siglo XIX.\u00a0<\/p>\n<p><span>Al concluir la ma\u00f1ana, se celebr\u00f3 un mercadillo solidario para recaudar fondos que se destinar\u00e1n a la lucha contra la epidemia de \u00e9bola en \u00c1frica Occidental con art\u00edculos confeccionados por los pacientes y usuarios de varios centros de Aita Menni.\u00a0<\/span><\/p>\n<p><span><\/span><\/p>\n<p>CELEBRACI\u00d3N DEL ANIVERSARIO<\/p>\n<p>Desde el pasado mes de abril 24 de abril -fecha del 100 aniversario de la muerte de San Benito Menni-, las Hermanas Hospitalarias y la Orden de los Hermanos de San Juan de Dios organizan, de manera conjunta, diversas iniciativas para celebrar tan destacada fecha. Estas actividades se vienen desarrollando desde entonces y hasta el 24 de abril de 2015, d\u00eda en el que terminar\u00e1 el aniversario.\u00a0<\/p>\n<p>Entre muchas de las acciones del programa del centenario, destaca la celebraci\u00f3n de mercadillos solidarios, exposiciones de arte, actuaciones del coro de pacientes de Aita Menni, pr\u00e1cticas deportivas como el ascenso a las <a href=\"https:\/\/ospitalarioakfundazioaeuskadi.org\/es\/subida-udalaitz-celebracion-8216altura8217-honor-8314\/\" target=\"_blank\" rel=\"noopener\">cuatro cimas m\u00e1s altas del Pa\u00eds Vasco<\/a> y la peregrinaci\u00f3n a <a href=\"https:\/\/ospitalarioakfundazioaeuskadi.org\/es\/aniversario-fundacion-congregacion-otras-celebraciones-8218\/\" title=\"Peregrinaci\u00f3n a Lourdes\" target=\"_blank\" rel=\"noopener\">Lourdes<\/a> y a<a href=\"https:\/\/ospitalarioakfundazioaeuskadi.org\/es\/pacientes-hermanas-colaboradores-peregrinan-ciempozuelos-8465\/\" target=\"_blank\" rel=\"noopener\"> Ciempozuelos<\/a>, lugar donde residen los restos de San Benito Menni.<\/p>\n<p><img decoding=\"async\" src=\"https:\/\/www.ospitalarioakfundazioaeuskadi.org\/wp-content\/uploads\/2021\/10\/picmonkey-collage2-535x265x100-0-1.jpg\" alt=\"Homenaje SBM Acuarium\" title=\"\"><\/p>\n<p>SAN BENITO MENNI<\/p>\n<p>San Benito Menni naci\u00f3 en Mil\u00e1n (Italia) en 1841 y falleci\u00f3 en Din\u00e1n (Francia) el 24 de abril de 1914. En 1860 ingres\u00f3 en la Orden Hospitalaria de San Juan de Dios y cambi\u00f3 el nombre de \u00c1ngel H\u00e9rcules, impuesto en su bautismo, por el de Benito. Curs\u00f3 los estudios filos\u00f3ficos y teol\u00f3gicos primero en el Seminario de Lodi (Italia) y despu\u00e9s en el Colegio Romano (Pontificia Universidad Gregoriana de Roma). Fue ordenado sacerdote en 1866.<\/p>\n<p>P\u00edo IX le encomend\u00f3 la compleja misi\u00f3n de restaurar en Espa\u00f1a la extinguida Orden Hospitalaria de San Juan de Dios, tarea que inici\u00f3 en 1867. A la restauraci\u00f3n de la Orden en Espa\u00f1a sigui\u00f3 tambi\u00e9n, a finales del siglo XIX, la restauraci\u00f3n de la misma Orden en Portugal y a principios del siglo XX en M\u00e9xico. El 31 de mayo de 1881 fund\u00f3 la Congregaci\u00f3n de Hermanas Hospitalarias del Sagrado Coraz\u00f3n de Jes\u00fas. Fue pionero en la atenci\u00f3n psiqui\u00e1trica de finales del siglo XIX y principios del XX, ya que cre\u00f3 la primera red de asistencia psiqui\u00e1trica de Espa\u00f1a. Adem\u00e1s, <strong>fue impulsor de la centralidad de la persona en el proceso asistencial, del trato humanitario a los pacientes y la consideraci\u00f3n de la locura como enfermedad. <\/strong><span>Fund\u00f3 14 centros para la atenci\u00f3n psiqui\u00e1trica y 15 asilos para la atenci\u00f3n de ni\u00f1os raqu\u00edticos y escrofulosos.\u00a0<\/span><\/p>\n<p><span><strong>El 23 de junio de 1985 fue declarado beato por el Papa Juan Pablo II y el 21 de noviembre de 1999 lo canoniz\u00f3, acto por el que se reconoci\u00f3 ante la Iglesia su santidad.<\/strong><\/span><\/p>\n<\/div>\n","protected":false},"excerpt":{"rendered":"<div class=\"entry-summary\">\nLa presentaci\u00f3n del repertorio form\u00f3 parte de una jornada especial de actos que tuvo lugar en el Aquarium donostiarra para conmemorar el 100 aniversario del fallecimiento de San Benito Menni\n<\/div>\n<div class=\"link-more\"><a href=\"https:\/\/ospitalarioakfundazioaeuskadi.org\/es\/charla-sobre-vida-benito-menni-8468\/\" class=\"more-link\">Seguir leyendo<span class=\"screen-reader-text\"> &ldquo;El m\u00fasico vasco Juan Carlos Irizar present\u00f3 en el Aquarium de Donostia su \u00faltimo disco, un homenaje a la figura de San Benito Menni&rdquo;<\/span>&hellip;<\/a><\/div>\n","protected":false},"author":1,"featured_media":27115,"comment_status":"closed","ping_status":"closed","sticky":false,"template":"","format":"standard","meta":{"footnotes":""},"categories":[1042,1032],"tags":[],"linea-asistencial":[],"class_list":["post-31552","post","type-post","status-publish","format-standard","has-post-thumbnail","hentry","category-solidaridad","category-voluntariado","entry"],"_links":{"self":[{"href":"https:\/\/ospitalarioakfundazioaeuskadi.org\/es\/wp-json\/wp\/v2\/posts\/31552","targetHints":{"allow":["GET"]}}],"collection":[{"href":"https:\/\/ospitalarioakfundazioaeuskadi.org\/es\/wp-json\/wp\/v2\/posts"}],"about":[{"href":"https:\/\/ospitalarioakfundazioaeuskadi.org\/es\/wp-json\/wp\/v2\/types\/post"}],"author":[{"embeddable":true,"href":"https:\/\/ospitalarioakfundazioaeuskadi.org\/es\/wp-json\/wp\/v2\/users\/1"}],"replies":[{"embeddable":true,"href":"https:\/\/ospitalarioakfundazioaeuskadi.org\/es\/wp-json\/wp\/v2\/comments?post=31552"}],"version-history":[{"count":3,"href":"https:\/\/ospitalarioakfundazioaeuskadi.org\/es\/wp-json\/wp\/v2\/posts\/31552\/revisions"}],"predecessor-version":[{"id":58229,"href":"https:\/\/ospitalarioakfundazioaeuskadi.org\/es\/wp-json\/wp\/v2\/posts\/31552\/revisions\/58229"}],"wp:featuredmedia":[{"embeddable":true,"href":"https:\/\/ospitalarioakfundazioaeuskadi.org\/es\/wp-json\/wp\/v2\/media\/27115"}],"wp:attachment":[{"href":"https:\/\/ospitalarioakfundazioaeuskadi.org\/es\/wp-json\/wp\/v2\/media?parent=31552"}],"wp:term":[{"taxonomy":"category","embeddable":true,"href":"https:\/\/ospitalarioakfundazioaeuskadi.org\/es\/wp-json\/wp\/v2\/categories?post=31552"},{"taxonomy":"post_tag","embeddable":true,"href":"https:\/\/ospitalarioakfundazioaeuskadi.org\/es\/wp-json\/wp\/v2\/tags?post=31552"},{"taxonomy":"linea-asistencial","embeddable":true,"href":"https:\/\/ospitalarioakfundazioaeuskadi.org\/es\/wp-json\/wp\/v2\/linea-asistencial?post=31552"}],"curies":[{"name":"wp","href":"https:\/\/api.w.org\/{rel}","templated":true}]}}