{"id":31569,"date":"2016-11-21T00:00:00","date_gmt":"2016-11-21T00:00:00","guid":{"rendered":"http:\/\/194.35.43.170\/~aitamenninueva\/clausura-misericordia-hospital-aita-menni-10797\/"},"modified":"2022-10-25T13:49:46","modified_gmt":"2022-10-25T13:49:46","slug":"clausura-misericordia-hospital-aita-menni-10797","status":"publish","type":"post","link":"https:\/\/ospitalarioakfundazioaeuskadi.org\/es\/clausura-misericordia-hospital-aita-menni-10797\/","title":{"rendered":"Clausura del A\u00f1o de la Misericordia en el Hospital Aita Menni"},"content":{"rendered":"<div class=\"texto wysiwyg\">\n<p>El pasado domingo, 20 de noviembre, el <strong>Papa Francisco<\/strong> clausur\u00f3 el a\u00f1o Santo de la Misericordia en la Bas\u00edlica del Vaticano. Todos los templos jubilares del mundo, y entre ellos el del Hospital Aita Menni, est\u00e1bamos llamados a celebrar una Eucarist\u00eda de Acci\u00f3n de Gracias el domingo anterior, 13 de noviembre.\u00a0<\/p>\n<p><em><img decoding=\"async\" class=\"w_img_derecha\" src=\"https:\/\/www.ospitalarioakfundazioaeuskadi.org\/wp-content\/uploads\/2021\/10\/puesta-santa-0-1.jpg\" alt=\"\" title=\"\"><\/em>El Hospital Aita Menni celebr\u00f3 su Eucarist\u00eda de Acci\u00f3n de Gracias, presidida por nuestro arcipreste, el padre <strong><a href=\"horacio-argarate-sentirse-escuchado-8216sin-8561.html\" target=\"_blank\" rel=\"noopener\">Horacio Argarate<\/a><\/strong>, y rodeado de toda la familia hospitalaria. Como no pod\u00eda ser de otra manera, los pacientes fueron el centro de la celebraci\u00f3n.\u00a0&nbsp; &nbsp;Fue una Eucarist\u00eda en la que recordamos que esta casa siempre ha sido casa de acogida, lugar de misericordia. <strong>Nuestra <a href=\"iglesia-hospital-aita-menni-puerta-9843.html\" target=\"_blank\" rel=\"noopener\">Puerta de la Misericordia<\/a> no se cierra al finalizar este A\u00f1o Santo<\/strong>, nuestras puertas siguen abiertas para acoger a todos aquellos hombres y mujeres excluidos por nuestra sociedad.\u00a0&nbsp;&nbsp;En el oficio recordamos a San Benito Menni, quien sembr\u00f3 la semilla de la misericordia en nuestra tierra. Recordamos y acercamos al altar a tantas personas &#8216;<em>descartadas<\/em>&#8216;, hombres y mujeres an\u00f3nimos que hoy siguen necesitando de misericordia; refugiados, personas sin hogar, ni\u00f1os y ni\u00f1as explotados, familias en riego de exclusi\u00f3n\u2026\u00a0<\/p>\n<p>Terminamos la Eucarist\u00eda agradeciendo a nuestros pacientes todo lo que aportan a nuestra vidas, record\u00e1ndoles que para nosotros son la piedra preciosa del Evangelio, que cuando la encontramos nos llena de gozo y alegr\u00eda. Les recordamos que para nosotros, cada uno de ellos,\u00a0<strong><em>son la viva imagen de Jes\u00fas<\/em><\/strong>.<\/p><\/div>\n","protected":false},"excerpt":{"rendered":"<div class=\"entry-summary\">\nEl pasado domingo, 20 de noviembre, el Papa Francisco clausur\u00f3 el a\u00f1o Santo de la Misericordia en la Bas\u00edlica del Vaticano. Todos los templos jubilares del mundo, y entre ellos el del Hospital Aita Menni, est\u00e1bamos llamados a celebrar una&hellip;\n<\/div>\n<div class=\"link-more\"><a href=\"https:\/\/ospitalarioakfundazioaeuskadi.org\/es\/clausura-misericordia-hospital-aita-menni-10797\/\" class=\"more-link\">Seguir leyendo<span class=\"screen-reader-text\"> &ldquo;Clausura del A\u00f1o de la Misericordia en el Hospital Aita Menni&rdquo;<\/span>&hellip;<\/a><\/div>\n","protected":false},"author":1,"featured_media":25042,"comment_status":"closed","ping_status":"closed","sticky":false,"template":"","format":"standard","meta":{"footnotes":""},"categories":[1],"tags":[],"linea-asistencial":[],"class_list":["post-31569","post","type-post","status-publish","format-standard","has-post-thumbnail","hentry","category-sin-categorizar","entry"],"_links":{"self":[{"href":"https:\/\/ospitalarioakfundazioaeuskadi.org\/es\/wp-json\/wp\/v2\/posts\/31569","targetHints":{"allow":["GET"]}}],"collection":[{"href":"https:\/\/ospitalarioakfundazioaeuskadi.org\/es\/wp-json\/wp\/v2\/posts"}],"about":[{"href":"https:\/\/ospitalarioakfundazioaeuskadi.org\/es\/wp-json\/wp\/v2\/types\/post"}],"author":[{"embeddable":true,"href":"https:\/\/ospitalarioakfundazioaeuskadi.org\/es\/wp-json\/wp\/v2\/users\/1"}],"replies":[{"embeddable":true,"href":"https:\/\/ospitalarioakfundazioaeuskadi.org\/es\/wp-json\/wp\/v2\/comments?post=31569"}],"version-history":[{"count":1,"href":"https:\/\/ospitalarioakfundazioaeuskadi.org\/es\/wp-json\/wp\/v2\/posts\/31569\/revisions"}],"predecessor-version":[{"id":53513,"href":"https:\/\/ospitalarioakfundazioaeuskadi.org\/es\/wp-json\/wp\/v2\/posts\/31569\/revisions\/53513"}],"wp:featuredmedia":[{"embeddable":true,"href":"https:\/\/ospitalarioakfundazioaeuskadi.org\/es\/wp-json\/wp\/v2\/media\/25042"}],"wp:attachment":[{"href":"https:\/\/ospitalarioakfundazioaeuskadi.org\/es\/wp-json\/wp\/v2\/media?parent=31569"}],"wp:term":[{"taxonomy":"category","embeddable":true,"href":"https:\/\/ospitalarioakfundazioaeuskadi.org\/es\/wp-json\/wp\/v2\/categories?post=31569"},{"taxonomy":"post_tag","embeddable":true,"href":"https:\/\/ospitalarioakfundazioaeuskadi.org\/es\/wp-json\/wp\/v2\/tags?post=31569"},{"taxonomy":"linea-asistencial","embeddable":true,"href":"https:\/\/ospitalarioakfundazioaeuskadi.org\/es\/wp-json\/wp\/v2\/linea-asistencial?post=31569"}],"curies":[{"name":"wp","href":"https:\/\/api.w.org\/{rel}","templated":true}]}}