{"id":31584,"date":"2017-04-06T00:00:00","date_gmt":"2017-04-06T00:00:00","guid":{"rendered":"http:\/\/194.35.43.170\/~aitamenninueva\/colaboramos-8220enfermeros-sahara-8220-envio-11118\/"},"modified":"2022-10-25T13:49:22","modified_gmt":"2022-10-25T13:49:22","slug":"colaboramos-8220enfermeros-sahara-8220-envio-11118","status":"publish","type":"post","link":"https:\/\/ospitalarioakfundazioaeuskadi.org\/es\/colaboramos-8220enfermeros-sahara-8220-envio-11118\/","title":{"rendered":"Colaboramos con &#8216;Enfermeros en el S\u00e1hara&#8217; en el env\u00edo de medicamentos de primera necesidad"},"content":{"rendered":"<div class=\"texto wysiwyg\">\n<p><img decoding=\"async\" class=\"w_img_derecha\" src=\"https:\/\/www.ospitalarioakfundazioaeuskadi.org\/wp-content\/uploads\/2021\/10\/enfermeros-en-el-sahara-0-1.jpg\" alt=\"\" title=\"\">Seg\u00fan nos cuenta <strong>Laura Carrillo<\/strong>, farmac\u00e9utica del Hospital Aita Menni, el HAM se ha sumado a la acci\u00f3n <a href=\"https:\/\/www.facebook.com\/profile.php?id=100014617391666\" target=\"_blank\" rel=\"noopener nofollow\">\u201cEnfermeros en el S\u00e1hara\u201d<\/a>, impulsada por un grupo de estudiantes de la <a href=\"http:\/\/www.osakidetza.euskadi.eus\/r85-gheue00\/es\/\" target=\"_blank\" rel=\"noopener nofollow\">Escuela Universitaria de Enfermer\u00eda de Vitoria-Gasteiz<\/a>, y ha querido aportar \u201c<em>su granito de arena<\/em>\u201d, como puede verse en las fotos de arriba. &nbsp;&nbsp;Los estudiantes entregar\u00e1n de forma directa los medicamentos de primera necesidad en los campamentos de refugiados saharauis situados en Tindouf, al sur de Argelia. &nbsp;&nbsp;Esta iniciativa parti\u00f3 de una alumna de la escuela que qued\u00f3 impactada cuando hizo unas pr\u00e1cticas en un ambulatorio de un campo de refugiados. El prop\u00f3sito de los estudiantes es viajar esta Semana Santa para llevar las medicinas y el material sanitario recogido, y tambi\u00e9n ayudar en lo posible durante los 9 d\u00edas que permanecer\u00e1n all\u00ed. Por tanto, este proyecto tiene dos focos de aportaci\u00f3n: <\/p>\n<p>&#8211; aportaci\u00f3n material de primera necesidad a las personas saharauis que viven en el campo de refugiados;\u00a0<\/p>\n<p>&#8211; aportaci\u00f3n inmaterial para el grupo de estudiantes que se desplaza, ya que les proporcionar\u00e1 una visi\u00f3n y una vivencia de la realidad que puede plasmarse en su labor profesional posteriormente.<\/p><\/div>\n","protected":false},"excerpt":{"rendered":"<div class=\"entry-summary\">\nEl Servicio de Farmacia del Hospital Aita Menni dona medicamentos de primera necesidad para la poblaci\u00f3n saharaui. El proyecto parte de la iniciativa de un grupo de estudiantes perteneciente a la Escuela de Enfermer\u00eda de Vitoria-Gasteiz.\n<\/div>\n<div class=\"link-more\"><a href=\"https:\/\/ospitalarioakfundazioaeuskadi.org\/es\/colaboramos-8220enfermeros-sahara-8220-envio-11118\/\" class=\"more-link\">Seguir leyendo<span class=\"screen-reader-text\"> &ldquo;Colaboramos con &#8216;Enfermeros en el S\u00e1hara&#8217; en el env\u00edo de medicamentos de primera necesidad&rdquo;<\/span>&hellip;<\/a><\/div>\n","protected":false},"author":1,"featured_media":25312,"comment_status":"closed","ping_status":"closed","sticky":false,"template":"","format":"standard","meta":{"footnotes":""},"categories":[1],"tags":[],"linea-asistencial":[],"class_list":["post-31584","post","type-post","status-publish","format-standard","has-post-thumbnail","hentry","category-sin-categorizar","entry"],"_links":{"self":[{"href":"https:\/\/ospitalarioakfundazioaeuskadi.org\/es\/wp-json\/wp\/v2\/posts\/31584","targetHints":{"allow":["GET"]}}],"collection":[{"href":"https:\/\/ospitalarioakfundazioaeuskadi.org\/es\/wp-json\/wp\/v2\/posts"}],"about":[{"href":"https:\/\/ospitalarioakfundazioaeuskadi.org\/es\/wp-json\/wp\/v2\/types\/post"}],"author":[{"embeddable":true,"href":"https:\/\/ospitalarioakfundazioaeuskadi.org\/es\/wp-json\/wp\/v2\/users\/1"}],"replies":[{"embeddable":true,"href":"https:\/\/ospitalarioakfundazioaeuskadi.org\/es\/wp-json\/wp\/v2\/comments?post=31584"}],"version-history":[{"count":1,"href":"https:\/\/ospitalarioakfundazioaeuskadi.org\/es\/wp-json\/wp\/v2\/posts\/31584\/revisions"}],"predecessor-version":[{"id":53472,"href":"https:\/\/ospitalarioakfundazioaeuskadi.org\/es\/wp-json\/wp\/v2\/posts\/31584\/revisions\/53472"}],"wp:featuredmedia":[{"embeddable":true,"href":"https:\/\/ospitalarioakfundazioaeuskadi.org\/es\/wp-json\/wp\/v2\/media\/25312"}],"wp:attachment":[{"href":"https:\/\/ospitalarioakfundazioaeuskadi.org\/es\/wp-json\/wp\/v2\/media?parent=31584"}],"wp:term":[{"taxonomy":"category","embeddable":true,"href":"https:\/\/ospitalarioakfundazioaeuskadi.org\/es\/wp-json\/wp\/v2\/categories?post=31584"},{"taxonomy":"post_tag","embeddable":true,"href":"https:\/\/ospitalarioakfundazioaeuskadi.org\/es\/wp-json\/wp\/v2\/tags?post=31584"},{"taxonomy":"linea-asistencial","embeddable":true,"href":"https:\/\/ospitalarioakfundazioaeuskadi.org\/es\/wp-json\/wp\/v2\/linea-asistencial?post=31584"}],"curies":[{"name":"wp","href":"https:\/\/api.w.org\/{rel}","templated":true}]}}