{"id":31589,"date":"2018-09-10T00:00:00","date_gmt":"2018-09-10T00:00:00","guid":{"rendered":"http:\/\/194.35.43.170\/~aitamenninueva\/comenzamos-gestionar-residencia-martin-onate-12343\/"},"modified":"2022-10-25T13:45:13","modified_gmt":"2022-10-25T13:45:13","slug":"comenzamos-gestionar-residencia-martin-onate-12343","status":"publish","type":"post","link":"https:\/\/ospitalarioakfundazioaeuskadi.org\/es\/comenzamos-gestionar-residencia-martin-onate-12343\/","title":{"rendered":"Comenzamos a gestionar la Residencia San Mart\u00edn de O\u00f1ate"},"content":{"rendered":"<div class=\"texto wysiwyg\">\n<div><\/div>\n<p><span>O\u00f1ate<\/span><\/p>\n<p>A partir del 1 de octubre, el <a href=\"..\/aita-menni\/aita-menni.html\" target=\"_blank\" rel=\"noopener\">Grupo Aita Menni<\/a> gestionar\u00e1 la Residencia para personas mayores\u00a0San Mart\u00edn de O\u00f1ati, dependiente del <a href=\"https:\/\/www.xn--oati-gqa.eus\/es\/servicios-municipales\/residencia-san-martin-egoitza\" target=\"_blank\" rel=\"noopener nofollow\">Ayuntamiento de la localidad<\/a>. La adjudicaci\u00f3n de esta gesti\u00f3n supone un reconocimiento a la labor asistencial prestada por nuestra instituci\u00f3n en el municipio, donde ya gestion\u00e1bamos el personal del Centro de D\u00eda y ofrec\u00edamos servicios de trabajo social y psicolog\u00eda.<\/p>\n<p>Que el municipio de O\u00f1ate deposite de nuevo su confianza en nuestro modelo asistencial asistido para personas mayores supone asimismo un reconocimiento a los servicios prestados en las residencias de Arrasate, Bilbao, Durango y Villabona, as\u00ed como en los centros de d\u00eda de Arrasate, Bergara, Bilbao, Durango, Eskoriatza y Soraluze.<\/p>\n<p>Aprovechamos la ocasi\u00f3n para felicitar al equipo de trabajo liderado por nuestra responsable de Calidad,\u00a0<b>Susana Fern\u00e1ndez Monge,<\/b>\u00a0por la preparaci\u00f3n de la documentaci\u00f3n necesaria para concurrir a la oferta p\u00fablica de contrataci\u00f3n de los servicios de la Residencia de ancianos y centro de d\u00eda San Martin.\u00a0<\/p>\n<p><b>Seguimos creciendo y asumimos el reto de continuar con nuestra labor asistencial en beneficio del cuidado y atenci\u00f3n de las personas mayores<\/b>, haciendo de nuestros dispositivos centros abiertos a la comunidad, polivalentes y multifuncionales, con diferentes recursos adaptados a las necesidades cambiantes de las personas que demandan nuestras servicios asistenciales.<\/p>\n<p>La residencia San Martin para personas mayores de O\u00f1ati pasar\u00e1 a depender\u00a0<span>en un futuro pr\u00f3ximo,<\/span><span>\u00a0<\/span><span>patrimonialmente y en t\u00e9rminos de gesti\u00f3n, de la empresa p\u00fablica <a href=\"http:\/\/www.kabia.eus\/es\" target=\"_blank\" rel=\"noopener nofollow\">Kabia<\/a>, organismo aut\u00f3nomo de la Diputaci\u00f3n Foral de Gipuzkoa.<\/span><\/p>\n<p><span><a href=\"https:\/\/www.diariovasco.com\/alto-deba\/onati\/aita-menni-cargo-20180926003118-ntvo.html\" target=\"_blank\" rel=\"noopener nofollow\"><img decoding=\"async\" src=\"https:\/\/www.ospitalarioakfundazioaeuskadi.org\/wp-content\/uploads\/2021\/10\/san-martin-onati-0-1.jpg\" alt=\"\" title=\"\"><\/a><\/span><\/p><\/div>\n","protected":false},"excerpt":{"rendered":"<div class=\"entry-summary\">\nLa confianza depositada por parte del Ayuntamiento de O\u00f1ati supone un reconocimiento a nuestra labor asistencial. Aita Menni gestiona desde hace tiempo el personal del Centro de D\u00eda para personas mayores de la localidad, donde presta tambi\u00e9n el servicio de trabajo social y psicolog\u00eda.\n<\/div>\n<div class=\"link-more\"><a href=\"https:\/\/ospitalarioakfundazioaeuskadi.org\/es\/comenzamos-gestionar-residencia-martin-onate-12343\/\" class=\"more-link\">Seguir leyendo<span class=\"screen-reader-text\"> &ldquo;Comenzamos a gestionar la Residencia San Mart\u00edn de O\u00f1ate&rdquo;<\/span>&hellip;<\/a><\/div>\n","protected":false},"author":1,"featured_media":24764,"comment_status":"closed","ping_status":"closed","sticky":false,"template":"","format":"standard","meta":{"footnotes":""},"categories":[646],"tags":[],"linea-asistencial":[980],"class_list":["post-31589","post","type-post","status-publish","format-standard","has-post-thumbnail","hentry","category-aita-menni","linea-asistencial-4-persona-mayor","entry"],"_links":{"self":[{"href":"https:\/\/ospitalarioakfundazioaeuskadi.org\/es\/wp-json\/wp\/v2\/posts\/31589","targetHints":{"allow":["GET"]}}],"collection":[{"href":"https:\/\/ospitalarioakfundazioaeuskadi.org\/es\/wp-json\/wp\/v2\/posts"}],"about":[{"href":"https:\/\/ospitalarioakfundazioaeuskadi.org\/es\/wp-json\/wp\/v2\/types\/post"}],"author":[{"embeddable":true,"href":"https:\/\/ospitalarioakfundazioaeuskadi.org\/es\/wp-json\/wp\/v2\/users\/1"}],"replies":[{"embeddable":true,"href":"https:\/\/ospitalarioakfundazioaeuskadi.org\/es\/wp-json\/wp\/v2\/comments?post=31589"}],"version-history":[{"count":1,"href":"https:\/\/ospitalarioakfundazioaeuskadi.org\/es\/wp-json\/wp\/v2\/posts\/31589\/revisions"}],"predecessor-version":[{"id":40988,"href":"https:\/\/ospitalarioakfundazioaeuskadi.org\/es\/wp-json\/wp\/v2\/posts\/31589\/revisions\/40988"}],"wp:featuredmedia":[{"embeddable":true,"href":"https:\/\/ospitalarioakfundazioaeuskadi.org\/es\/wp-json\/wp\/v2\/media\/24764"}],"wp:attachment":[{"href":"https:\/\/ospitalarioakfundazioaeuskadi.org\/es\/wp-json\/wp\/v2\/media?parent=31589"}],"wp:term":[{"taxonomy":"category","embeddable":true,"href":"https:\/\/ospitalarioakfundazioaeuskadi.org\/es\/wp-json\/wp\/v2\/categories?post=31589"},{"taxonomy":"post_tag","embeddable":true,"href":"https:\/\/ospitalarioakfundazioaeuskadi.org\/es\/wp-json\/wp\/v2\/tags?post=31589"},{"taxonomy":"linea-asistencial","embeddable":true,"href":"https:\/\/ospitalarioakfundazioaeuskadi.org\/es\/wp-json\/wp\/v2\/linea-asistencial?post=31589"}],"curies":[{"name":"wp","href":"https:\/\/api.w.org\/{rel}","templated":true}]}}