{"id":31597,"date":"2019-02-10T00:00:00","date_gmt":"2019-02-10T00:00:00","guid":{"rendered":"http:\/\/194.35.43.170\/~aitamenninueva\/como-gustaria-cuidaran-final-vida-12756\/"},"modified":"2022-10-25T13:44:16","modified_gmt":"2022-10-25T13:44:16","slug":"como-gustaria-cuidaran-final-vida-12756","status":"publish","type":"post","link":"https:\/\/ospitalarioakfundazioaeuskadi.org\/es\/como-gustaria-cuidaran-final-vida-12756\/","title":{"rendered":"\u00bfC\u00f3mo nos gustar\u00eda que nos cuidaran al final de la vida?"},"content":{"rendered":"<div class=\"texto wysiwyg\">\n<p><span><\/span><\/p>\n<p>Para <b>romper un poco con el tab\u00fa de la muerte y fomentar la conciencia social sobre el final de la vida, celebramos en la sala Kulturate de Arrasate la primera jornada de \u00e9tica abierta a toda la ciudadan\u00eda<\/b>.<span>\u00a0<\/span>Este primer encuentro, al que asistieron medio centenar de personas, surgi\u00f3 fruto de la colaboraci\u00f3n de los comit\u00e9s de \u00e9tica asistencial de la OSI Alto Deba y del Hospital Aita Menni, ya que hay miembros en com\u00fan en la Comisi\u00f3n Sociosanitaria de la OSI.\u00a0<\/p>\n<p>Seg\u00fan <b>Leire Gonz\u00e1lez Ercilla<\/b>, presidenta de nuestro Comit\u00e9 de \u00c9tica Asistencial, la jornada podr\u00eda haber llevado el t\u00edtulo de \u2018Cuidar como nos gustar\u00eda ser cuidados\u2019, <i>\u201cporque todas las personas necesitamos ser cuidadas en alg\u00fan momento de nuestra vida, porque somos vulnerables, fr\u00e1giles y necesitadas de compasi\u00f3n\u201d. <\/i>Y es posible que esta charla sea solo la primera, <i>\u00abya que esperamos seguir colaborando en este tipo de iniciativas con la OSI Alto Deba\u00bb.<\/i><\/p>\n<p><span style=\"background-color: rgb(255, 255, 255);\"><b>I\u00f1aki Sarqalegui<\/b>\u00a0nos habl\u00f3 sobre <b>la <a href=\"aita-menni-promueve-formacion-profesionales-11249.html\" target=\"_blank\" rel=\"noopener\">planificaci\u00f3n compartida de la atenci\u00f3n y las voluntades anticipadas<\/a><\/b>. Se trata de un proceso de comunicaci\u00f3n respetuoso con la autonom\u00eda de las personas, pero que las acompa\u00f1a en el final de la vida. Este acompa\u00f1amiento\u00a0respetuoso tiene gran importancia en los momentos de riesgo de p\u00e9rdida de la competencia para expresar decisiones o comunicarse con el entorno; ayuda a anticipar, facilitar, acompa\u00f1ar en el proceso de toma de decisiones de cada persona enferma, de acuerdo a<\/span><span>\u00a0<\/span><span>sus valores, principios y deseos.<\/span><\/p>\n<p><span style=\"background-color: rgb(255, 255, 255);\">Por su parte,\u00a0<b>Alberto Mel\u00e9ndez<\/b>\u00a0abord\u00f3 los <b>conflictos \u00e9ticos a la hora de tomar decisiones al final de la vida y nos mostr\u00f3 algunos de los diferentes escenarios con los que podemos encontrarnos<\/b>: la sedaci\u00f3n paliativa, la eutanasia y el suicidio asistido, el rechazo al tratamiento, la adecuaci\u00f3n (limitaci\u00f3n) del esfuerzo terap\u00e9utico. Ante estos pol\u00e9micos escenarios al final de la vida <b>es necesario el uso correcto de las palabras y para ello resulta imprescindible cierta labor de clarificaci\u00f3n y argumentaci\u00f3n para despu\u00e9s poder deliberar sobre todo ello.<\/b><\/span><\/p>\n<p><span>Unas cartas muy especiales<\/span><\/p>\n<p>Finalizamos esta jornada, que tuvo lugar el 24 de enero, haciendo grupos y jugando con la baraja &#8216;Vivir con voz propia&#8217;. Este juego es una adaptaci\u00f3n de las Go Wish, con el permiso de Coda Alliance, y consta de 33 cartas de las que hay que escoger 10. De este modo, la din\u00e1mica nos va conduciendo a dar respuesta a una gran pregunta:\u00a0<b>\u00bfEn el final de la vida, qu\u00e9 cuestiones son las m\u00e1s importantes para m\u00ed? <\/b>Las personas interesadas en utilizar este juego para facilitar la conversaci\u00f3n y el debate sobre las preferencias de cada persona respecto a los cuidados cuando se va acercando la muerte pueden adquirirlas en la web de <a href=\"https:\/\/www.vivirconvozpropia.com\/producto\/en-el-final-de-mi-vidaque-es-importante-para-mi-juego-de-33-cartas\/\" target=\"_blank\" rel=\"noopener nofollow\">Vivir con voz propia<\/a><span>.<\/span><\/p><\/div>\n","protected":false},"excerpt":{"rendered":"<div class=\"entry-summary\">\nCelebramos en la sala Kulturate de Arrasate-Mondrag\u00f3n la I Jornada abierta sobre el final de la vida. Organizada conjuntamente por los Comit\u00e9s de \u00c9tica Asistencial de la OSI Alto Deba y de Aita Menni para facilitar la conversaci\u00f3n sobre las preferencias de cada persona respecto a los cuidados al final de la vida.\n<\/div>\n<div class=\"link-more\"><a href=\"https:\/\/ospitalarioakfundazioaeuskadi.org\/es\/como-gustaria-cuidaran-final-vida-12756\/\" class=\"more-link\">Seguir leyendo<span class=\"screen-reader-text\"> &ldquo;\u00bfC\u00f3mo nos gustar\u00eda que nos cuidaran al final de la vida?&rdquo;<\/span>&hellip;<\/a><\/div>\n","protected":false},"author":1,"featured_media":26237,"comment_status":"closed","ping_status":"closed","sticky":false,"template":"","format":"standard","meta":{"footnotes":""},"categories":[1040],"tags":[],"linea-asistencial":[],"class_list":["post-31597","post","type-post","status-publish","format-standard","has-post-thumbnail","hentry","category-bioetica","entry"],"_links":{"self":[{"href":"https:\/\/ospitalarioakfundazioaeuskadi.org\/es\/wp-json\/wp\/v2\/posts\/31597","targetHints":{"allow":["GET"]}}],"collection":[{"href":"https:\/\/ospitalarioakfundazioaeuskadi.org\/es\/wp-json\/wp\/v2\/posts"}],"about":[{"href":"https:\/\/ospitalarioakfundazioaeuskadi.org\/es\/wp-json\/wp\/v2\/types\/post"}],"author":[{"embeddable":true,"href":"https:\/\/ospitalarioakfundazioaeuskadi.org\/es\/wp-json\/wp\/v2\/users\/1"}],"replies":[{"embeddable":true,"href":"https:\/\/ospitalarioakfundazioaeuskadi.org\/es\/wp-json\/wp\/v2\/comments?post=31597"}],"version-history":[{"count":1,"href":"https:\/\/ospitalarioakfundazioaeuskadi.org\/es\/wp-json\/wp\/v2\/posts\/31597\/revisions"}],"predecessor-version":[{"id":40952,"href":"https:\/\/ospitalarioakfundazioaeuskadi.org\/es\/wp-json\/wp\/v2\/posts\/31597\/revisions\/40952"}],"wp:featuredmedia":[{"embeddable":true,"href":"https:\/\/ospitalarioakfundazioaeuskadi.org\/es\/wp-json\/wp\/v2\/media\/26237"}],"wp:attachment":[{"href":"https:\/\/ospitalarioakfundazioaeuskadi.org\/es\/wp-json\/wp\/v2\/media?parent=31597"}],"wp:term":[{"taxonomy":"category","embeddable":true,"href":"https:\/\/ospitalarioakfundazioaeuskadi.org\/es\/wp-json\/wp\/v2\/categories?post=31597"},{"taxonomy":"post_tag","embeddable":true,"href":"https:\/\/ospitalarioakfundazioaeuskadi.org\/es\/wp-json\/wp\/v2\/tags?post=31597"},{"taxonomy":"linea-asistencial","embeddable":true,"href":"https:\/\/ospitalarioakfundazioaeuskadi.org\/es\/wp-json\/wp\/v2\/linea-asistencial?post=31597"}],"curies":[{"name":"wp","href":"https:\/\/api.w.org\/{rel}","templated":true}]}}