{"id":31614,"date":"2018-02-22T00:00:00","date_gmt":"2018-02-22T00:00:00","guid":{"rendered":"http:\/\/194.35.43.170\/~aitamenninueva\/compartimos-santander-pionera-experiencia-nuestra-11900\/"},"modified":"2022-10-25T13:47:32","modified_gmt":"2022-10-25T13:47:32","slug":"compartimos-santander-pionera-experiencia-nuestra-11900","status":"publish","type":"post","link":"https:\/\/ospitalarioakfundazioaeuskadi.org\/es\/compartimos-santander-pionera-experiencia-nuestra-11900\/","title":{"rendered":"Compartimos en Santander la pionera experiencia de nuestra Unidad de Psiquiatr\u00eda Legal"},"content":{"rendered":"<div class=\"texto wysiwyg\">\n<p><span><\/span><\/p>\n<p><span class=\"piefoto\">La V edici\u00f3n de la Jornada de Salud Mental se centr\u00f3 en \u00abProgramas de atenci\u00f3n a personas con trastorno mental grave judicializadas\u00bb<\/p>\n<p><\/span><\/p>\n<p class=\"w_p_separador\">\n<p><span>250 profesionales &#8211;<\/span>de la salud, de servicios sociales, jueces, fiscales y otros profesionales de Justicia, forenses, profesionales de instituciones penitenciarias, etc.- acudieron, el pasado d\u00eda 16 de febrero, a la V Jornada de Salud Mental organizada por el <a href=\"http:\/\/www.centropadremenni.org\/\" rel=\"nofollow noopener\" target=\"_blank\">Centro Hospitalario Padre Menni de Santander<\/a>. Con la colaboraci\u00f3n de la <a href=\"http:\/\/www.institucionpenitenciaria.es\/\" target=\"_blank\" rel=\"noopener nofollow\">Secretar\u00eda General de Instituciones Penitenciarias<\/a>\u00a0y\u00a0<a href=\"http:\/\/proyectohombrecantabria.org\/\" target=\"_blank\" rel=\"noopener nofollow\">Proyecto Hombre Cantabria<\/a><span>, el encuentro ten\u00eda como objetivo profundizar en el an\u00e1lisis y b\u00fasqueda de soluciones para las personas con enfermedad mental que deben cumplir una pena privativa de libertad.<\/span><\/p>\n<p>En este contexto, el doctor\u00a0<strong>I\u00f1aki Madariaga<\/strong>, m\u00e9dico psiquiatra responsable de la\u00a0<a href=\"..\/psiquiatria\/psiquiatria-legal\/unidad-psiquiatria-legal.html\" target=\"_blank\" rel=\"noopener\">Unidad de Psiquiatr\u00eda Legal (UPL)<\/a>\u00a0del Hospital Aita Menni, pronunci\u00f3 la conferencia\u00a0<i>\u201cSustituci\u00f3n de una pena privativa en medio penitenciario por medio terap\u00e9utico. El proyecto piloto de la Unidad Psiqui\u00e1trica Penitenciaria de Mondrag\u00f3n\u201d.\u00a0<\/i><\/p>\n<p>Tres de cada cien personas se ven afectadas por un trastorno mental grave. Este porcentaje aumenta entre la poblaci\u00f3n con una medida de seguridad impuesta, que se debe enfrentar al doble estigma de la enfermedad mental y la medida de seguridad. La Unidad de Psiquiatr\u00eda Legal del Hospital Aita Menni es un proyecto pionero que ofrece una respuesta asistencial de calidad a estas personas enfermas.<\/p>\n<p>En el evento, inaugurado por la alcaldesa de Santander, <b>Gema Igual<\/b>, participaron adem\u00e1s <b>Ana Tejerina<\/b>, subdirectora de Asistencia Sanitaria del Servicio C\u00e1ntabro de Salud; <b>Elo\u00edsa Velarde<\/b>, directora de Proyecto Hombre; <b>Carlos Fonfr\u00eda<\/b>, director del CP El Dueso; <b>M\u00aa Carmen Mart\u00edn<\/b> y <b>Carlos Pajares<\/b>, superiora y gerente del propio Centro Hospitalario Padre Menni, respectivamente.<\/p>\n<p>Dos mesas redondas<\/p>\n<p>Dos mesas redondas se abordaron la compleja problem\u00e1tica de las personas con patolog\u00edas de salud mental grave y, que a su vez est\u00e1n cumpliendo una condena.\u00a0<b>Madariaga<\/b> particip\u00f3 en la primera de ellas, junto a <b>Myriam Tapia<\/b>, subdirectora general de Penas y Medidas Alternativas, que habl\u00f3 sobre <i>\u201cNuevos retos en programas de tratamiento para penas y medidas alternativas\u201d;\u00a0<\/i><b>Jos\u00e9 Manuel Arroyo<\/b>, m\u00e9dico-psic\u00f3logo y subdirector general de Coordinaci\u00f3n de Sanidad Penitenciaria, con su intervenci\u00f3n <i>\u201cLas personas con problemas graves de salud mental en el sistema penitenciario espa\u00f1ol\u201d,<\/i> y <b>Miguel \u00c1ngel Mart\u00ednez<\/b>, psiquiatra especialista del Hospital Universitario Marqu\u00e9s de Valdecilla y psiquiatra consultor externo del Centro Penitenciario El Dueso, que abord\u00f3 la <i>\u201cAtenci\u00f3n a la salud mental en prisi\u00f3n; \u00bfQu\u00e9 ofrecemos a nuestros pacientes?\u201d<\/i>. Actu\u00f3 como moderador <b>Juan G\u00f3mez de Tojeiro<\/b>, director m\u00e9dico del CH Padre Menni de Santander.<\/p>\n<p>La segunda mesa redonda, moderada por <b>Roberto Verdugo<\/b>, psic\u00f3logo sanitario de Proyecto Hombre-Fundaci\u00f3n CESCAN, complet\u00f3 la jornada, con la participaci\u00f3n de:\u00a0<b>Gloria Gurria<\/b>, directora de Programas del Centro Inserci\u00f3n Social Jos\u00e9 Hierro, que disert\u00f3 sobre\u00a0<i>\u201cEnfermedad mental y justicia penal: \u00bfUna asignatura pendiente?\u201d<\/i>; <b>Roc\u00edo \u00c1lvarez<\/b>, enfermera y psic\u00f3loga del Centro de Inserci\u00f3n Social Jos\u00e9 Hierro, dedic\u00f3 su intervenci\u00f3n a\u00a0<i>\u201cLas personas con trastornos mental grave y problemas legales en Cantabria. Caminando hacia la prevenci\u00f3n\u201d<\/i>; <b>Purificaci\u00f3n Fern\u00e1ndez<\/b>, psic\u00f3loga cl\u00ednica del CH Padre Menni y del Centro Proyecto Hombre Fundaci\u00f3n CESCAN, explic\u00f3 el p<i>rograma \u00abPuente extendido a penas y medidas alternativas\u201d,\u00a0<\/i>y, por \u00faltimo, de\u00a0<b>Miguel Mateo<\/b>, m\u00e9dico de familia y director de programas del Centro de Inserci\u00f3n Social Jos\u00e9 Hierro, que abord\u00f3 <i>\u201cEl horizonte m\u00e1s pr\u00f3ximo: salud conectada y salud mental\u201d<\/i>.<\/p><\/div>\n","protected":false},"excerpt":{"rendered":"<div class=\"entry-summary\">\nEl doctor I\u00f1aki Madariaga habl\u00f3 del funcionamiento del dispositivo que dirige en la V Jornada de Salud Mental. \u201cSustituci\u00f3n de una pena privativa en medio penitenciario por medio terap\u00e9utico\u00bb fue el t\u00edtulo de la conferencia de nuestro responsable de la UPL.\n<\/div>\n<div class=\"link-more\"><a href=\"https:\/\/ospitalarioakfundazioaeuskadi.org\/es\/compartimos-santander-pionera-experiencia-nuestra-11900\/\" class=\"more-link\">Seguir leyendo<span class=\"screen-reader-text\"> &ldquo;Compartimos en Santander la pionera experiencia de nuestra Unidad de Psiquiatr\u00eda Legal&rdquo;<\/span>&hellip;<\/a><\/div>\n","protected":false},"author":1,"featured_media":25731,"comment_status":"closed","ping_status":"closed","sticky":false,"template":"","format":"standard","meta":{"footnotes":""},"categories":[1045],"tags":[],"linea-asistencial":[],"class_list":["post-31614","post","type-post","status-publish","format-standard","has-post-thumbnail","hentry","category-psiquiatria-legal","entry"],"_links":{"self":[{"href":"https:\/\/ospitalarioakfundazioaeuskadi.org\/es\/wp-json\/wp\/v2\/posts\/31614","targetHints":{"allow":["GET"]}}],"collection":[{"href":"https:\/\/ospitalarioakfundazioaeuskadi.org\/es\/wp-json\/wp\/v2\/posts"}],"about":[{"href":"https:\/\/ospitalarioakfundazioaeuskadi.org\/es\/wp-json\/wp\/v2\/types\/post"}],"author":[{"embeddable":true,"href":"https:\/\/ospitalarioakfundazioaeuskadi.org\/es\/wp-json\/wp\/v2\/users\/1"}],"replies":[{"embeddable":true,"href":"https:\/\/ospitalarioakfundazioaeuskadi.org\/es\/wp-json\/wp\/v2\/comments?post=31614"}],"version-history":[{"count":1,"href":"https:\/\/ospitalarioakfundazioaeuskadi.org\/es\/wp-json\/wp\/v2\/posts\/31614\/revisions"}],"predecessor-version":[{"id":41249,"href":"https:\/\/ospitalarioakfundazioaeuskadi.org\/es\/wp-json\/wp\/v2\/posts\/31614\/revisions\/41249"}],"wp:featuredmedia":[{"embeddable":true,"href":"https:\/\/ospitalarioakfundazioaeuskadi.org\/es\/wp-json\/wp\/v2\/media\/25731"}],"wp:attachment":[{"href":"https:\/\/ospitalarioakfundazioaeuskadi.org\/es\/wp-json\/wp\/v2\/media?parent=31614"}],"wp:term":[{"taxonomy":"category","embeddable":true,"href":"https:\/\/ospitalarioakfundazioaeuskadi.org\/es\/wp-json\/wp\/v2\/categories?post=31614"},{"taxonomy":"post_tag","embeddable":true,"href":"https:\/\/ospitalarioakfundazioaeuskadi.org\/es\/wp-json\/wp\/v2\/tags?post=31614"},{"taxonomy":"linea-asistencial","embeddable":true,"href":"https:\/\/ospitalarioakfundazioaeuskadi.org\/es\/wp-json\/wp\/v2\/linea-asistencial?post=31614"}],"curies":[{"name":"wp","href":"https:\/\/api.w.org\/{rel}","templated":true}]}}