{"id":31669,"date":"2017-10-04T00:00:00","date_gmt":"2017-10-04T00:00:00","guid":{"rendered":"http:\/\/194.35.43.170\/~aitamenninueva\/conocimos-ayuntamiento-irun-mano-edil-11468\/"},"modified":"2022-12-09T11:34:38","modified_gmt":"2022-12-09T11:34:38","slug":"conocimos-ayuntamiento-irun-mano-edil-11468","status":"publish","type":"post","link":"https:\/\/ospitalarioakfundazioaeuskadi.org\/es\/conocimos-ayuntamiento-irun-mano-edil-11468\/","title":{"rendered":"Conocimos el Ayuntamiento de Ir\u00fan de la mano del edil de Bienestar Social"},"content":{"rendered":"<div class=\"texto wysiwyg\">\n<p>Hace unos d\u00edas, tuvimos la oportunidad de ver el Ayuntamiento de Ir\u00fan de la mano de <b>Sergio Corch\u00f3n<\/b>, delegado de Bienestar Social del propio ayuntamiento de Ir\u00fan. E<span>l edil\u00a0<\/span>ejerci\u00f3 de gu\u00eda por un d\u00eda, y con \u00e9l pudimos conocer las distintas dependencias del edificio. En cada una de ellas, nos explic\u00f3 la labor que se desempe\u00f1a, as\u00ed como sus curiosidades e historia.<\/p>\n<p><b>Tuvimos la gran suerte de disfrutar de esa visita con \u00e9l, de aprender con sus explicaciones.<\/b> En todo momento respondi\u00f3 con mucha soltura y amabilidad a cualquiera de nuestras preguntas o dudas.\u00a0<\/p>\n<p>Muchos de\u00a0<span>nuestras personas usuarias\u00a0<\/span>vivieron la \u00e9poca en la que cualquier instancia oficial o gesti\u00f3n burocr\u00e1tica se realizaba en el mismo Ayuntamiento, pero ya hace algunos a\u00f1os que la administraci\u00f3n pas\u00f3 a realizarse en las oficinas del SAC (Servicio de Atenci\u00f3n Ciudadana) por lo que el edificio en este momento se utiliza para otras labores institucionales.\u00a0<\/p>\n<p>Desde el CRPS Antzaran <b>queremos agradecerle a\u00a0<span>Sergio Corch\u00f3n\u00a0<\/span><\/b><span><b>su disposici\u00f3n y la atenci\u00f3n que nos dispens\u00f3<\/b>.\u00a0<\/span><span>Fue un verdadero placer y disfrutamos mucho.\u00a0<\/span><\/p>\n<p><img decoding=\"async\" src=\"https:\/\/www.ospitalarioakfundazioaeuskadi.org\/wp-content\/uploads\/2021\/10\/crps-irun-ayto-1-1.jpg\" alt=\"\" title=\"\"><\/p>\n<p><img decoding=\"async\" src=\"https:\/\/visualthinking.info\/menniesp\/wp-content\/uploads\/2017\/10\/crps-irun-ayto-2.jpg-0.html\" alt=\"\" title=\"\"><\/p><\/div>\n","protected":false},"excerpt":{"rendered":"<div class=\"entry-summary\">\nQuer\u00edamos conocer la casa consistorial y Sergio Corch\u00f3n se ofreci\u00f3 a ense\u00f1arnos sus dependencias. Las personas usuarias del CRPS Antzaran de Ir\u00fan disfrutamos de una visita guiada muy especial, en la que tuvimos la oportunidad de sentarnos en el sal\u00f3n de plenos, recorrer el edificio y conocer su historia.\n<\/div>\n<div class=\"link-more\"><a href=\"https:\/\/ospitalarioakfundazioaeuskadi.org\/es\/conocimos-ayuntamiento-irun-mano-edil-11468\/\" class=\"more-link\">Seguir leyendo<span class=\"screen-reader-text\"> &ldquo;Conocimos el Ayuntamiento de Ir\u00fan de la mano del edil de Bienestar Social&rdquo;<\/span>&hellip;<\/a><\/div>\n","protected":false},"author":1,"featured_media":25544,"comment_status":"closed","ping_status":"closed","sticky":false,"template":"","format":"standard","meta":{"footnotes":""},"categories":[1026],"tags":[],"linea-asistencial":[979],"class_list":["post-31669","post","type-post","status-publish","format-standard","has-post-thumbnail","hentry","category-crps-irun","linea-asistencial-1-salud-mental","entry"],"_links":{"self":[{"href":"https:\/\/ospitalarioakfundazioaeuskadi.org\/es\/wp-json\/wp\/v2\/posts\/31669","targetHints":{"allow":["GET"]}}],"collection":[{"href":"https:\/\/ospitalarioakfundazioaeuskadi.org\/es\/wp-json\/wp\/v2\/posts"}],"about":[{"href":"https:\/\/ospitalarioakfundazioaeuskadi.org\/es\/wp-json\/wp\/v2\/types\/post"}],"author":[{"embeddable":true,"href":"https:\/\/ospitalarioakfundazioaeuskadi.org\/es\/wp-json\/wp\/v2\/users\/1"}],"replies":[{"embeddable":true,"href":"https:\/\/ospitalarioakfundazioaeuskadi.org\/es\/wp-json\/wp\/v2\/comments?post=31669"}],"version-history":[{"count":1,"href":"https:\/\/ospitalarioakfundazioaeuskadi.org\/es\/wp-json\/wp\/v2\/posts\/31669\/revisions"}],"predecessor-version":[{"id":53441,"href":"https:\/\/ospitalarioakfundazioaeuskadi.org\/es\/wp-json\/wp\/v2\/posts\/31669\/revisions\/53441"}],"wp:featuredmedia":[{"embeddable":true,"href":"https:\/\/ospitalarioakfundazioaeuskadi.org\/es\/wp-json\/wp\/v2\/media\/25544"}],"wp:attachment":[{"href":"https:\/\/ospitalarioakfundazioaeuskadi.org\/es\/wp-json\/wp\/v2\/media?parent=31669"}],"wp:term":[{"taxonomy":"category","embeddable":true,"href":"https:\/\/ospitalarioakfundazioaeuskadi.org\/es\/wp-json\/wp\/v2\/categories?post=31669"},{"taxonomy":"post_tag","embeddable":true,"href":"https:\/\/ospitalarioakfundazioaeuskadi.org\/es\/wp-json\/wp\/v2\/tags?post=31669"},{"taxonomy":"linea-asistencial","embeddable":true,"href":"https:\/\/ospitalarioakfundazioaeuskadi.org\/es\/wp-json\/wp\/v2\/linea-asistencial?post=31669"}],"curies":[{"name":"wp","href":"https:\/\/api.w.org\/{rel}","templated":true}]}}