{"id":31674,"date":"2015-10-26T00:00:00","date_gmt":"2015-10-26T00:00:00","guid":{"rendered":"http:\/\/194.35.43.170\/~aitamenninueva\/consejero-salud-visita-unidad-psiquiatria-9691\/"},"modified":"2022-10-25T13:52:15","modified_gmt":"2022-10-25T13:52:15","slug":"consejero-salud-visita-unidad-psiquiatria-9691","status":"publish","type":"post","link":"https:\/\/ospitalarioakfundazioaeuskadi.org\/es\/consejero-salud-visita-unidad-psiquiatria-9691\/","title":{"rendered":"El consejero de Salud visita la Unidad de Psiquiatr\u00eda Legal"},"content":{"rendered":"<div class=\"texto wysiwyg\">\n<p><span><\/span><\/p>\n<p><span>La\u00a0<a href=\"..\/psiquiatria\/psiquiatria-legal\/unidad-psiquiatria-legal.html\" target=\"_blank\" rel=\"noopener\">Unidad de Psiquiatr\u00eda Legal <\/a>(UPL)\u00a0es fruto de la colaboraci\u00f3n de los departamentos de Salud y de Justicia de Justicia del Gobierno Vasco y el <a href=\"..\/aita-menni\/aita-menni.html\" target=\"_blank\" rel=\"noopener\">Hospital Aita Menni<\/a>. Se trata de la primera unidad psiqui\u00e1trica de Espa\u00f1a creada <strong>para atender a pacientes mentales que se hallan implicados en procesos judiciales como consecuencia de actuaciones derivadas de su propia enfermedad psiqui\u00e1trica<\/strong>. Sus instalaciones fueron <a href=\"hospital-aita-menni-arrasate-mondragon-7751.html\" target=\"_blank\" rel=\"noopener\">inauguradas en noviembre de 2013<\/a> para atender a personas con enfermedad mental grave que por orden judicial han de ser atendidas en una unidad psiqui\u00e1trica de alta seguridad.\u00a0<\/span><\/p>\n<p>Durante la visita\u00a0<strong>Jon Darp\u00f3n<\/strong>,\u00a0alab\u00f3 la labor desarrollada por instituciones como Aita Menni en la larga lucha contra la gran losa de las enfermedades mentales: su estigmatizaci\u00f3n. A juicio de\u00a0<span>Darp\u00f3n,<\/span><span>\u201c<em>aunque en las \u00faltimas d\u00e9cadas hemos avanzado mucho, a\u00fan nos resta un largo camino, en el que la apertura de centros como esta nueva Unidad de Psiquiatr\u00eda Legal de Aita Menni es un enorme paso en la buena direcci\u00f3n<\/em>\u201d. \u00a0 \u00a0\u00a0<\/span><\/p>\n<p>El consejero de Salud se felicit\u00f3, en este sentido, por el hecho de que Euskadi se sit\u00fae una vez m\u00e1s en la vanguardia, en este caso en lo que defini\u00f3 como \u201c<em>la vanguardia de la dignidad humana<\/em>\u201d. <em>\u201cEn primer lugar, porque aquellas personas que han cometido delito y por sufrir un trastorno mental no son imputables por el mismo, cumplen las medidas de seguridad en centros psiqui\u00e1tricos p\u00fablicos vascos; cuando en el resto del Estado, en torno a 9 de cada 10 personas en esa misma situaci\u00f3n est\u00e1n recluidas en centros penitenciarios, lugares no adecuados para un tratamiento acorde con su situaci\u00f3n mental. Y, al mismo tiempo, porque nuestra Comunidad dispone de un servicio de cooperaci\u00f3n con la justicia en el \u00e1mbito penitenciario, \u00fanico en el Estado, que intermedia entre la judicatura y los servicios asistenciales y que no solo facilita ese tr\u00e1nsito, sino que vela porque las condiciones de las personas en cumplimiento de medidas de seguridad sean las m\u00e1s id\u00f3neas<\/em>\u201d.\u00a0<\/p>\n<p><img decoding=\"async\" src=\"https:\/\/www.ospitalarioakfundazioaeuskadi.org\/wp-content\/uploads\/2021\/10\/img_8941-0-1.jpg\" alt=\"\" title=\"\"><\/p>\n<p>Por su parte, el director de la Unidad de Psiquiatr\u00eda Legal, <strong>I\u00f1aki Madariaga<\/strong>, explic\u00f3 que el centro, desde su apertura, \u201c<em>ha funcionado con normalidad y ha atendido a un total de 22 pacientes<\/em>\u201d. Por otro lado, el director gerente del Hospital Aita Menni, <strong>Mikel Tellaeche<\/strong>, anunci\u00f3 que est\u00e1 prevista una ampliaci\u00f3n de la capacidad de las instalaciones de tal forma que el a\u00f1o que viene se duplique el n\u00famero de plazas asistenciales. \u00ab<em>Ahora puede acoger 10 pacientes y en 2016 esperamos que sean 20. Se quiere dar una cobertura a Bizkaia, \u00c1lava y Gipuzkoa<\/em>\u201d, dijo.<\/p>\n<p>\u00a0EL \u2018PLUS\u2019 QUE OFRECE LA UPL<\/p>\n<p>Este tipo de enfermos mentales requiere de unos elementos espec\u00edficos de atenci\u00f3n en el \u00e1mbito de la seguridad. La diferencia de esta Unidad con los hospitales psiqui\u00e1tricos es que <strong>ofrece una instalaci\u00f3n psiqui\u00e1trica con elementos de alta seguridad en la atenci\u00f3n a los enfermos mentales y al mismo tiempo con una orientaci\u00f3n claramente asistencial<\/strong>.\u00a0La Unidad de Psiquiatr\u00eda Legal del Hospital Aita Menni dispone de 882 metros cuadrados que se distribuyen en diez habitaciones individuales, dos salones polivalentes, despachos para el personal sanitario, office-cocina, comedor y un patio exterior.\u00a0<\/p>\n<p>\u201cEl \u2018plus\u2019 que ofrece esta Unidad es el de proporcionar un servicio de psiquiatr\u00eda con una orientaci\u00f3n totalmente asistencial y al mismo tiempo con unas medidas de seguridad preparadas para atender a pacientes.\u00a0Sus instalaciones han sido creadas para dar respuesta \u00a0a la seguridad de estos pacientes y a las personas que los atienden. B\u00e1sicamente se trata de evitar autolesiones, agresiones e intentos de fuga. El mobiliario ha sido concebido fundamentalmente para que no pueda ser usado como instrumento de agresi\u00f3n ni de autolesi\u00f3n. En la habitaci\u00f3n no se dispone de ning\u00fan mecanismo, ni de ning\u00fan elemento desmontable o con aristas por motivos de seguridad.\u00a0<\/p>\n<p><img decoding=\"async\" src=\"https:\/\/www.ospitalarioakfundazioaeuskadi.org\/wp-content\/uploads\/2021\/10\/img_8942-0-1.jpg\" alt=\"\" title=\"\"><\/p>\n<p>INSTALACIONES<\/p>\n<p>La Unidad tiene en funcionamiento 55 c\u00e1maras de video (con visi\u00f3n nocturna), monitorizadas desde el puesto de Control General. No existe ning\u00fan punto ciego ni\u00a0en el interior ni en habitaciones, sala de estar, pasillos y comedor, como en el exterior. \u00a0Adem\u00e1s, predominan los espacios di\u00e1fanos a fin de que el personal asistencial pueda controlar visualmente \u00a0todo lo que est\u00e1 sucediendo.<\/p>\n<p>El acceso y salida de la Unidad de Psiquiatr\u00eda Legal es completamente ajeno e independiente de las instalaciones del resto del hospital. Desde el Centro de Control, protegido por cristales antivand\u00e1licos (doble cara de 8 mm), se controlan las instalaciones de climatizaci\u00f3n, iluminaci\u00f3n, megafon\u00eda y comunicaci\u00f3n con el paciente.<\/p>\n<\/div>\n","protected":false},"excerpt":{"rendered":"<div class=\"entry-summary\">\nEl responsable de salud del Gobierno Vasco, Jon Darp\u00f3n, estuvo acompa\u00f1ado durante la visita por la Direcci\u00f3n del centro. El director gerente del Hospital Aita Menni, Mikel Tellaeche, anunci\u00f3 que est\u00e1 prevista una ampliaci\u00f3n de la capacidad de las instalaciones de la UPL, de tal forma que el a\u00f1o que viene se duplique su n\u00famero de plazas asistenciales.\n<\/div>\n<div class=\"link-more\"><a href=\"https:\/\/ospitalarioakfundazioaeuskadi.org\/es\/consejero-salud-visita-unidad-psiquiatria-9691\/\" class=\"more-link\">Seguir leyendo<span class=\"screen-reader-text\"> &ldquo;El consejero de Salud visita la Unidad de Psiquiatr\u00eda Legal&rdquo;<\/span>&hellip;<\/a><\/div>\n","protected":false},"author":1,"featured_media":27600,"comment_status":"closed","ping_status":"closed","sticky":false,"template":"","format":"standard","meta":{"footnotes":""},"categories":[1045],"tags":[],"linea-asistencial":[],"class_list":["post-31674","post","type-post","status-publish","format-standard","has-post-thumbnail","hentry","category-psiquiatria-legal","entry"],"_links":{"self":[{"href":"https:\/\/ospitalarioakfundazioaeuskadi.org\/es\/wp-json\/wp\/v2\/posts\/31674","targetHints":{"allow":["GET"]}}],"collection":[{"href":"https:\/\/ospitalarioakfundazioaeuskadi.org\/es\/wp-json\/wp\/v2\/posts"}],"about":[{"href":"https:\/\/ospitalarioakfundazioaeuskadi.org\/es\/wp-json\/wp\/v2\/types\/post"}],"author":[{"embeddable":true,"href":"https:\/\/ospitalarioakfundazioaeuskadi.org\/es\/wp-json\/wp\/v2\/users\/1"}],"replies":[{"embeddable":true,"href":"https:\/\/ospitalarioakfundazioaeuskadi.org\/es\/wp-json\/wp\/v2\/comments?post=31674"}],"version-history":[{"count":1,"href":"https:\/\/ospitalarioakfundazioaeuskadi.org\/es\/wp-json\/wp\/v2\/posts\/31674\/revisions"}],"predecessor-version":[{"id":41251,"href":"https:\/\/ospitalarioakfundazioaeuskadi.org\/es\/wp-json\/wp\/v2\/posts\/31674\/revisions\/41251"}],"wp:featuredmedia":[{"embeddable":true,"href":"https:\/\/ospitalarioakfundazioaeuskadi.org\/es\/wp-json\/wp\/v2\/media\/27600"}],"wp:attachment":[{"href":"https:\/\/ospitalarioakfundazioaeuskadi.org\/es\/wp-json\/wp\/v2\/media?parent=31674"}],"wp:term":[{"taxonomy":"category","embeddable":true,"href":"https:\/\/ospitalarioakfundazioaeuskadi.org\/es\/wp-json\/wp\/v2\/categories?post=31674"},{"taxonomy":"post_tag","embeddable":true,"href":"https:\/\/ospitalarioakfundazioaeuskadi.org\/es\/wp-json\/wp\/v2\/tags?post=31674"},{"taxonomy":"linea-asistencial","embeddable":true,"href":"https:\/\/ospitalarioakfundazioaeuskadi.org\/es\/wp-json\/wp\/v2\/linea-asistencial?post=31674"}],"curies":[{"name":"wp","href":"https:\/\/api.w.org\/{rel}","templated":true}]}}