{"id":31684,"date":"2017-02-07T00:00:00","date_gmt":"2017-02-07T00:00:00","guid":{"rendered":"http:\/\/194.35.43.170\/~aitamenninueva\/continua-intercambio-experiencias-colegio-eskibel-10971\/"},"modified":"2022-10-25T13:49:33","modified_gmt":"2022-10-25T13:49:33","slug":"continua-intercambio-experiencias-colegio-eskibel-10971","status":"publish","type":"post","link":"https:\/\/ospitalarioakfundazioaeuskadi.org\/es\/continua-intercambio-experiencias-colegio-eskibel-10971\/","title":{"rendered":"Contin\u00faa el intercambio de experiencias con el Colegio Eskibel"},"content":{"rendered":"<div class=\"texto wysiwyg\">\n<p><span style=\"font-size:10.0pt;&#10;font-family:\">El intercambio de experiencias y colaboraci\u00f3n que mantienen desde hace m\u00e1s de un a\u00f1o el <a href=\"http:\/\/www.eskibel.com\" target=\"_blank\" rel=\"noopener nofollow\">Colegio Eskibel<\/a> de San Sebasti\u00e1n y el <a href=\"..\/aita-menni\/aita-menni.html\" target=\"_blank\" rel=\"noopener\">Hospital Aita Menni<\/a> contin\u00faa dando frutos. El pasado mes de enero, concretamente el d\u00eda 19, un grupo de alumnas de la Compa\u00f1\u00eda Erain-Eskibel acudi\u00f3 al <a href=\"\/es\/que-hacemos\/dano-cerebral\/\" target=\"_blank\" rel=\"noopener\">Centro de D\u00eda Aita Menni de Zuatzu<\/a>\u00a0para celebrar con nuestras personas usuarias la fiesta de San Sebasti\u00e1n.<\/span><\/p>\n<p><span style=\"font-size:10.0pt;font-family:\">\u00a0\u201c<em>La emoci\u00f3n era palpable en todos, pacientes, personal y alumnas. Con las piezas del maestro Sarriegui nuestras alumnas pusieron todo su empe\u00f1o para hacer pasar un rato muy agradable a las personas que all\u00ed estaban esa tarde<\/em>\u201d, <a href=\"http:\/\/www.eskibel.com\/es\/solidaridad\/750-visita-de-la-tamborrada-a-aita-menni.html\" target=\"_blank\" rel=\"noopener nofollow\">publicaba la p\u00e1gina web del colegio<\/a>\u00a0junto a esta bonita foto. <\/span><\/p>\n<p><span><\/span><\/p>\n<p><span>Un a\u00f1o de voluntariado<\/span><\/p>\n<p>Con el inicio del nuevo curso se reanudaba el voluntariado que las alumnas del Colegio Eskibel comenzaron en enero de 2016 en Zuatzu. De nuevo, antes de iniciar esta actividad, las alumnas recibieron una sesi\u00f3n de formaci\u00f3n a cargo de dos de nuestras terapeutas- la logopeda<span>\u00a0<\/span><strong>Eider Aizpuru<\/strong><span>\u00a0<\/span><span>y la neuropsic\u00f3loga<\/span><span>\u00a0<strong>Natalia Cruz<\/strong><\/span><strong>&#8211; <\/strong><span style=\"font-size: 10pt;\">\u00a0para conocer en qu\u00e9 consiste el da\u00f1o cerebral adquirido y cu\u00e1les son sus consecuencias. Hoy saben muy bien qu\u00e9 son, por ejemplo, las <a href=\"http:\/\/xn--daocerebral-2db.es\/publicacion\/guia-para-el-manejo-de-la-disfagia-pautas-para-personas-con-problemas-de-deglucion\/\" title=\"disfagia\" target=\"_blank\" rel=\"noopener nofollow\">dificultades en la degluci\u00f3n<\/a>, puesto que, por turnos, <a href=\"http:\/\/xn--daocerebral-2db.es\/interesante-colaboracion-entre-el-colegio-eskibel-y-el-centro-de-dia-de-dano-cerebral-de-san-sebastian\/\" target=\"_blank\" rel=\"noopener nofollow\">ayudan en el comedor<\/a> y hacen un rato de compa\u00f1\u00eda a las personas que all\u00ed se encuentran. Con la ayuda de la monitora<\/span><span>\u00a0<\/span><strong>Espe Vicente<\/strong><span style=\"font-size: 10pt;\">, cada viernes tres alumnas reparten los platos y recogen las mesas durante cerca de 45 minutos, en los que lo m\u00e1s importante es su acercamiento, a pesar de los <a href=\"http:\/\/xn--daocerebral-2db.es\/alteraciones-de-la-comunicacion-tras-el-dano-cerebral\/\" target=\"_blank\" rel=\"noopener nofollow\">problemas de comunicaci\u00f3n<\/a> que pueden tener, a las personas con DCA que vienen al centro.<\/span><\/p>\n<p>Como comienzo de esta colaboraci\u00f3n, el propio director gerente del Hospital Aita Menni,\u00a0<strong>Mikel Tellaeche<\/strong>, se acerc\u00f3 al colegio para dar a conocer a las alumnas de Eskibel el trabajo de las <a href=\"http:\/\/www.hospitalarias.es\" rel=\"nofollow noopener\" target=\"_blank\"><span>Hermanas Hospitalarias<\/span><\/a>, su experiencia de cooperaci\u00f3n internacional en Liberia y el proyecto solidario <a href=\"http:\/\/www.wearelikeyou.org\" target=\"_blank\" rel=\"noopener nofollow\">We are like you<\/a>.<span>\u00a0<\/span><\/p>\n<p>Estos meses de intercambio est\u00e1n resultando muy enriquecedores tanto para el Centro Zuatzu <span style=\"font-size: 10pt;\">como para el Colegio Eskibel. Desde el colegio nos transmiten que \u00ab<em>las alumnas se pelean por venir<\/em>\u00ab. Las notas de las encuestas de satisfacci\u00f3n que rellenan siempre recogen puntuaciones que rondan entre 9 y 10 puntos.<\/span>\u00a0<\/p>\n<p>Por su predisposici\u00f3n, apoyo e implicaci\u00f3n siempre, desde aqu\u00ed queremos dar las gracias al Colegio Eskibel.<\/p>\n<p><img decoding=\"async\" src=\"https:\/\/www.ospitalarioakfundazioaeuskadi.org\/wp-content\/uploads\/2021\/10\/voluntariado-eskibel_aita-menni-XxXx80-0-1.jpg\" alt=\"\" title=\"\"><\/p>\n<p><span>Voluntarias del Colegio Eskibel con la monitora\u00a0Espe Vicente<\/span><strong style=\"box-sizing: border-box;\"><span><\/span><\/strong><\/p>\n<p><span><\/span><\/div>\n","protected":false},"excerpt":{"rendered":"<div class=\"entry-summary\">\nLa Compa\u00f1\u00eda Erain-Eskibel acudi\u00f3 al Centro de D\u00eda Aita Menni de Zuatzu para celebrar con las personas usuarias la fiesta de San Sebasti\u00e1n. Desde principios de 2016 se desarrolla un programa de voluntariado entre el Hospital Aita Menni y el centro educativo.\n<\/div>\n<div class=\"link-more\"><a href=\"https:\/\/ospitalarioakfundazioaeuskadi.org\/es\/continua-intercambio-experiencias-colegio-eskibel-10971\/\" class=\"more-link\">Seguir leyendo<span class=\"screen-reader-text\"> &ldquo;Contin\u00faa el intercambio de experiencias con el Colegio Eskibel&rdquo;<\/span>&hellip;<\/a><\/div>\n","protected":false},"author":1,"featured_media":25188,"comment_status":"closed","ping_status":"closed","sticky":false,"template":"","format":"standard","meta":{"footnotes":""},"categories":[1],"tags":[],"linea-asistencial":[],"class_list":["post-31684","post","type-post","status-publish","format-standard","has-post-thumbnail","hentry","category-sin-categorizar","entry"],"_links":{"self":[{"href":"https:\/\/ospitalarioakfundazioaeuskadi.org\/es\/wp-json\/wp\/v2\/posts\/31684","targetHints":{"allow":["GET"]}}],"collection":[{"href":"https:\/\/ospitalarioakfundazioaeuskadi.org\/es\/wp-json\/wp\/v2\/posts"}],"about":[{"href":"https:\/\/ospitalarioakfundazioaeuskadi.org\/es\/wp-json\/wp\/v2\/types\/post"}],"author":[{"embeddable":true,"href":"https:\/\/ospitalarioakfundazioaeuskadi.org\/es\/wp-json\/wp\/v2\/users\/1"}],"replies":[{"embeddable":true,"href":"https:\/\/ospitalarioakfundazioaeuskadi.org\/es\/wp-json\/wp\/v2\/comments?post=31684"}],"version-history":[{"count":1,"href":"https:\/\/ospitalarioakfundazioaeuskadi.org\/es\/wp-json\/wp\/v2\/posts\/31684\/revisions"}],"predecessor-version":[{"id":53492,"href":"https:\/\/ospitalarioakfundazioaeuskadi.org\/es\/wp-json\/wp\/v2\/posts\/31684\/revisions\/53492"}],"wp:featuredmedia":[{"embeddable":true,"href":"https:\/\/ospitalarioakfundazioaeuskadi.org\/es\/wp-json\/wp\/v2\/media\/25188"}],"wp:attachment":[{"href":"https:\/\/ospitalarioakfundazioaeuskadi.org\/es\/wp-json\/wp\/v2\/media?parent=31684"}],"wp:term":[{"taxonomy":"category","embeddable":true,"href":"https:\/\/ospitalarioakfundazioaeuskadi.org\/es\/wp-json\/wp\/v2\/categories?post=31684"},{"taxonomy":"post_tag","embeddable":true,"href":"https:\/\/ospitalarioakfundazioaeuskadi.org\/es\/wp-json\/wp\/v2\/tags?post=31684"},{"taxonomy":"linea-asistencial","embeddable":true,"href":"https:\/\/ospitalarioakfundazioaeuskadi.org\/es\/wp-json\/wp\/v2\/linea-asistencial?post=31684"}],"curies":[{"name":"wp","href":"https:\/\/api.w.org\/{rel}","templated":true}]}}