{"id":31771,"date":"2017-11-21T00:00:00","date_gmt":"2017-11-21T00:00:00","guid":{"rendered":"http:\/\/194.35.43.170\/~aitamenninueva\/crps-arrasate-visita-goiena-11628\/"},"modified":"2022-12-08T22:40:31","modified_gmt":"2022-12-08T22:40:31","slug":"crps-arrasate-visita-goiena-11628","status":"publish","type":"post","link":"https:\/\/ospitalarioakfundazioaeuskadi.org\/es\/crps-arrasate-visita-goiena-11628\/","title":{"rendered":"El CRPS de Arrasate visita Goiena"},"content":{"rendered":"<div class=\"texto wysiwyg\">\n<p><b>La enfermedad mental grave repercute a nivel biopsicosocial. El c\u00edrculo social suele estar muy limitado, lo que en ocasiones conlleva a una escasa participaci\u00f3n en la comunidad,<\/b> llegando incluso a producirse un aislamiento. En lo referente al ocio y tiempo libre, cabe se\u00f1alar que las personas con problemas de salud mental disponen de mucho tiempo libre pero no suelen desempe\u00f1ar actividades gratificantes ni acceden a recursos de ocio en su entorno. Alguna de las causas, adem\u00e1s de la sintomatolog\u00eda negativa de la enfermedad, suelen tener que ver con el desconocimiento de la programaci\u00f3n l\u00fadico-cultural existente. <\/p>\n<p>Son diversos los medios que se emplean para dotar a las personas de <a href=\"..\/psiquiatria\/centros-rehabilitacion-psicosocial\/crps-aita-menni.html\" target=\"_blank\" rel=\"noopener\">nuestros CRPS<\/a> de\u00a0 las estrategias y habilidades necesarias que ayuden a estructurar su tiempo. Uno de los que contribuye a la planificaci\u00f3n del ocio en el fin de semana es la agenda del Goiena, que se recibe todos los viernes. <\/p>\n<p>Este mi\u00e9rcoles, hemos podido visitar las instalaciones de la mano de <b>Nerea <\/b>y <b>Eneko<\/b>. Muy atentamente y de una manera muy clara nos han explicado en un primer momento qui\u00e9nes forman el grupo, la manera en que trabajan, as\u00ed como han dado respuesta a todas las dudas e inquietudes que presentaban las personas usuarias del Centro de Rehabilitaci\u00f3n Psicosocial de Arrasate.<\/p>\n<p>Por otro lado, hemos tenido la oportunidad de conocer la redacci\u00f3n, en donde <b>Aitor <\/b>e <b>I\u00f1aki <\/b>nos han mostrado la labor que se realiza desde maquetaci\u00f3n y dise\u00f1o. <\/p>\n<p>Antes de irnos, pasamos por el plat\u00f3. All\u00ed\u00a0 <b>Nerea <\/b>y <b>Andoni <\/b>nos ense\u00f1aron los entresijos de la televisi\u00f3n.<\/p>\n<p><img decoding=\"async\" src=\"https:\/\/www.ospitalarioakfundazioaeuskadi.org\/wp-content\/uploads\/2021\/10\/crps-arrasate-1-0-1.jpg\" alt=\"\" title=\"\"><\/p>\n<p><span>Foto: Goiena<\/span><\/p>\n<p>Para algunas de las personas usuarias \u201c<i>ha sido una visita interesante e instructiva\u00bb.\u00a0<\/i><i>\u00abU<\/i><i>na experiencia positiva, \u00fanica\u201d.<\/i>Una vivencia de la que rese\u00f1an el trato y atenci\u00f3n recibidos. Adem\u00e1s, Goiena <a href=\"https:\/\/goiena.eus\/arrasate\/1510741209440-aita-mennikoak-goiena-ezagutzen\" target=\"_blank\" rel=\"noopener nofollow\">public\u00f3 la noticia de nuestra visita.\u00a0<\/a><\/p>\n<p>Seguro que a partir de ahora, cada vez que nos informemos con Goiena nos vendr\u00e1 a la mente el trabajo y el equipo humano que hay detr\u00e1s. <b>Mila esker Goiena Komunikazio Taldeari!<\/b><\/p><\/div>\n","protected":false},"excerpt":{"rendered":"<div class=\"entry-summary\">\nUna vivencia positiva de la que nuestras personas usuarias rese\u00f1an el trato y atenci\u00f3n recibidos. A partir de ahora, cada vez que nos informemos con Goiena nos vendr\u00e1 a la mente el trabajo y el equipo humano que hay detr\u00e1s. Mila esker Goiena Komunikazio Taldeari!\n<\/div>\n<div class=\"link-more\"><a href=\"https:\/\/ospitalarioakfundazioaeuskadi.org\/es\/crps-arrasate-visita-goiena-11628\/\" class=\"more-link\">Seguir leyendo<span class=\"screen-reader-text\"> &ldquo;El CRPS de Arrasate visita Goiena&rdquo;<\/span>&hellip;<\/a><\/div>\n","protected":false},"author":1,"featured_media":25112,"comment_status":"closed","ping_status":"closed","sticky":false,"template":"","format":"standard","meta":{"footnotes":""},"categories":[1046],"tags":[],"linea-asistencial":[979],"class_list":["post-31771","post","type-post","status-publish","format-standard","has-post-thumbnail","hentry","category-crps-arrasate-mondragon","linea-asistencial-1-salud-mental","entry"],"_links":{"self":[{"href":"https:\/\/ospitalarioakfundazioaeuskadi.org\/es\/wp-json\/wp\/v2\/posts\/31771","targetHints":{"allow":["GET"]}}],"collection":[{"href":"https:\/\/ospitalarioakfundazioaeuskadi.org\/es\/wp-json\/wp\/v2\/posts"}],"about":[{"href":"https:\/\/ospitalarioakfundazioaeuskadi.org\/es\/wp-json\/wp\/v2\/types\/post"}],"author":[{"embeddable":true,"href":"https:\/\/ospitalarioakfundazioaeuskadi.org\/es\/wp-json\/wp\/v2\/users\/1"}],"replies":[{"embeddable":true,"href":"https:\/\/ospitalarioakfundazioaeuskadi.org\/es\/wp-json\/wp\/v2\/comments?post=31771"}],"version-history":[{"count":1,"href":"https:\/\/ospitalarioakfundazioaeuskadi.org\/es\/wp-json\/wp\/v2\/posts\/31771\/revisions"}],"predecessor-version":[{"id":53428,"href":"https:\/\/ospitalarioakfundazioaeuskadi.org\/es\/wp-json\/wp\/v2\/posts\/31771\/revisions\/53428"}],"wp:featuredmedia":[{"embeddable":true,"href":"https:\/\/ospitalarioakfundazioaeuskadi.org\/es\/wp-json\/wp\/v2\/media\/25112"}],"wp:attachment":[{"href":"https:\/\/ospitalarioakfundazioaeuskadi.org\/es\/wp-json\/wp\/v2\/media?parent=31771"}],"wp:term":[{"taxonomy":"category","embeddable":true,"href":"https:\/\/ospitalarioakfundazioaeuskadi.org\/es\/wp-json\/wp\/v2\/categories?post=31771"},{"taxonomy":"post_tag","embeddable":true,"href":"https:\/\/ospitalarioakfundazioaeuskadi.org\/es\/wp-json\/wp\/v2\/tags?post=31771"},{"taxonomy":"linea-asistencial","embeddable":true,"href":"https:\/\/ospitalarioakfundazioaeuskadi.org\/es\/wp-json\/wp\/v2\/linea-asistencial?post=31771"}],"curies":[{"name":"wp","href":"https:\/\/api.w.org\/{rel}","templated":true}]}}