{"id":31781,"date":"2016-12-02T00:00:00","date_gmt":"2016-12-02T00:00:00","guid":{"rendered":"http:\/\/194.35.43.170\/~aitamenninueva\/crps-arrasate-vuelca-eliminacion-violencia-10853\/"},"modified":"2022-10-25T13:49:44","modified_gmt":"2022-10-25T13:49:44","slug":"crps-arrasate-vuelca-eliminacion-violencia-10853","status":"publish","type":"post","link":"https:\/\/ospitalarioakfundazioaeuskadi.org\/es\/crps-arrasate-vuelca-eliminacion-violencia-10853\/","title":{"rendered":"El CRPS de Arrasate se vuelca con eliminaci\u00f3n de la violencia contra las mujeres"},"content":{"rendered":"<div class=\"texto wysiwyg\">\n<p>El 25 de noviembre el CRPS de Arrasate quiso celebrar el <a href=\"http:\/\/www.un.org\/es\/events\/endviolenceday\/\" target=\"_blank\" rel=\"noopener nofollow\">D\u00eda Internacional de la Eliminaci\u00f3n de la Violencia contra la Mujer<\/a>, apoyando as\u00ed el rechazo hacia la violencia a la que son sometidas tantas mujeres y ni\u00f1as en todo el mundo y reclamando unas pol\u00edticas que aboguen por sus unos derechos dignos y erradiquen estas conductas con los mecanismos adecuados. <\/p>\n<p>Profesionales y personas usuarias del centro estuvieron trabajando el tema y revisando documentaci\u00f3n. Quieren tambi\u00e9n compartir parte de los datos publicados por Naciones Unidas.\u00a0<\/p>\n<p>El porqu\u00e9 del 25N\u00a0<\/p>\n<p><em><img decoding=\"async\" class=\"w_img_derecha\" src=\"https:\/\/www.ospitalarioakfundazioaeuskadi.org\/wp-content\/uploads\/2021\/10\/violencia-machista-1-1.jpg\" alt=\"\" title=\"\"><\/em>Si bien es cierto que la primera convocatoria data de 1981, la Organizaci\u00f3n de Naciones Unidas (ONU) no se postul\u00f3 hasta 1999, en su resoluci\u00f3n 54\/134 el 17 de diciembre, en la cual invitaba a los gobiernos y organizaciones de todo tipo a promover actividades dirigidas a sensibilizar a la ciudadan\u00eda sobre la problem\u00e1tica de la violencia contra las mujeres en todas sus vertientes: f\u00edsica, psicol\u00f3gica, cultural&#8230; Para ello, la ONU, design\u00f3 el 25 de noviembre como el D\u00eda Internacional de la Eliminaci\u00f3n de la Violencia contra la Mujer. <br class=\"titulo2\" \/><\/p>\n<p>\u00b7\u00a0\u00a0\u00a0\u00a0\u00a0\u00a0\u00a0\u00a0 La violencia contra la mujer es una violaci\u00f3n de los derechos humanos.<\/p>\n<p>\u00b7\u00a0\u00a0\u00a0\u00a0\u00a0\u00a0\u00a0\u00a0 La violencia contra la mujer es consecuencia de la discriminaci\u00f3n que sufre, tanto en leyes como en la pr\u00e1ctica, y la persistencia de desigualdades por raz\u00f3n de g\u00e9nero.<\/p>\n<p>\u00b7\u00a0\u00a0\u00a0\u00a0\u00a0\u00a0\u00a0\u00a0 La violencia contra la mujer afecta e impide el avance en muchas \u00e1reas, incluidas la erradicaci\u00f3n de la pobreza, la lucha contra el VIH\/SIDA y la paz y la seguridad.<\/p>\n<p>\u00b7\u00a0\u00a0\u00a0\u00a0\u00a0\u00a0\u00a0\u00a0 La violencia contra las mujeres y las ni\u00f1as se puede evitar. La prevenci\u00f3n es posible y esencial.<\/p>\n<p>\u00b7\u00a0\u00a0\u00a0\u00a0\u00a0\u00a0\u00a0\u00a0 La violencia contra la mujer sigue siendo una pandemia global. <strong>Hasta un 70\u00a0% de las mujeres sufren violencia en su vida.<\/strong><\/p>\n<p>Pinta el mundo de naranja<\/p>\n<p><span>Dicha entidad ha lanzado la campa\u00f1a\u00a0<\/span><strong>16 d\u00edas de activismo contra la violencia de g\u00e9nero<\/strong><span>: Pinta el mundo de naranja, desde el 25 de noviembre hasta el 10 de diciembre con el fin de sensibilizar y movilizar a la ciudadan\u00eda en busca de un cambio. Anima a la poblaci\u00f3n a usar ese color como s\u00edmbolo de futuro sin violencia.\u00a0<\/span><\/p><\/div>\n","protected":false},"excerpt":{"rendered":"<div class=\"entry-summary\">\nEl centro hace suya la causa del 25 de noviembre, D\u00eda Internacional de la Eliminaci\u00f3n de la Violencia contra la Mujer. Distintas actividades sirvieron para apoyar el rechazo hacia la violencia a la que son sometidas tantas mujeres en todo el mundo y para reflexionar sobre la necesidad de pol\u00edticas que aboguen por sus unos derechos dignos y erradiquen estas conductas con los mecanismos adecuados.\n<\/div>\n<div class=\"link-more\"><a href=\"https:\/\/ospitalarioakfundazioaeuskadi.org\/es\/crps-arrasate-vuelca-eliminacion-violencia-10853\/\" class=\"more-link\">Seguir leyendo<span class=\"screen-reader-text\"> &ldquo;El CRPS de Arrasate se vuelca con eliminaci\u00f3n de la violencia contra las mujeres&rdquo;<\/span>&hellip;<\/a><\/div>\n","protected":false},"author":1,"featured_media":25072,"comment_status":"closed","ping_status":"closed","sticky":false,"template":"","format":"standard","meta":{"footnotes":""},"categories":[1043],"tags":[],"linea-asistencial":[],"class_list":["post-31781","post","type-post","status-publish","format-standard","has-post-thumbnail","hentry","category-igualdad","entry"],"_links":{"self":[{"href":"https:\/\/ospitalarioakfundazioaeuskadi.org\/es\/wp-json\/wp\/v2\/posts\/31781","targetHints":{"allow":["GET"]}}],"collection":[{"href":"https:\/\/ospitalarioakfundazioaeuskadi.org\/es\/wp-json\/wp\/v2\/posts"}],"about":[{"href":"https:\/\/ospitalarioakfundazioaeuskadi.org\/es\/wp-json\/wp\/v2\/types\/post"}],"author":[{"embeddable":true,"href":"https:\/\/ospitalarioakfundazioaeuskadi.org\/es\/wp-json\/wp\/v2\/users\/1"}],"replies":[{"embeddable":true,"href":"https:\/\/ospitalarioakfundazioaeuskadi.org\/es\/wp-json\/wp\/v2\/comments?post=31781"}],"version-history":[{"count":1,"href":"https:\/\/ospitalarioakfundazioaeuskadi.org\/es\/wp-json\/wp\/v2\/posts\/31781\/revisions"}],"predecessor-version":[{"id":41789,"href":"https:\/\/ospitalarioakfundazioaeuskadi.org\/es\/wp-json\/wp\/v2\/posts\/31781\/revisions\/41789"}],"wp:featuredmedia":[{"embeddable":true,"href":"https:\/\/ospitalarioakfundazioaeuskadi.org\/es\/wp-json\/wp\/v2\/media\/25072"}],"wp:attachment":[{"href":"https:\/\/ospitalarioakfundazioaeuskadi.org\/es\/wp-json\/wp\/v2\/media?parent=31781"}],"wp:term":[{"taxonomy":"category","embeddable":true,"href":"https:\/\/ospitalarioakfundazioaeuskadi.org\/es\/wp-json\/wp\/v2\/categories?post=31781"},{"taxonomy":"post_tag","embeddable":true,"href":"https:\/\/ospitalarioakfundazioaeuskadi.org\/es\/wp-json\/wp\/v2\/tags?post=31781"},{"taxonomy":"linea-asistencial","embeddable":true,"href":"https:\/\/ospitalarioakfundazioaeuskadi.org\/es\/wp-json\/wp\/v2\/linea-asistencial?post=31781"}],"curies":[{"name":"wp","href":"https:\/\/api.w.org\/{rel}","templated":true}]}}