{"id":31789,"date":"2022-12-22T16:11:20","date_gmt":"2022-12-22T16:11:20","guid":{"rendered":"https:\/\/www.personamayor.org\/?p=31789"},"modified":"2023-02-02T18:19:08","modified_gmt":"2023-02-02T18:19:08","slug":"nos-visita-la-coral-la-mi-sol","status":"publish","type":"post","link":"https:\/\/ospitalarioakfundazioaeuskadi.org\/es\/nos-visita-la-coral-la-mi-sol\/","title":{"rendered":"Nos visita la Coral \u00abLa Mi Sol\u00bb"},"content":{"rendered":"<p>El d\u00eda 30 de noviembre, en la <a href=\"https:\/\/ospitalarioakfundazioaeuskadi.org\/es\/centro\/residencia-mayores-bilbao-txurdinagabarri\/\">Residencia de personas mayores Txurdinagabarri<\/a> pudimos disfrutar de un <strong>recital<\/strong> a cargo de la Coral \u00abLa Mi Sol\u00bb de Bilbao.<\/p>\n<p>Residentes de todas las plantas bajamos al sal\u00f3n principal de la Residencia y pudimos escuchar su repertorio de bilbainadas y villancicos, con el acompa\u00f1amiento de la acorde\u00f3n.<\/p>\n<p><img loading=\"lazy\" decoding=\"async\" class=\"alignleft size-full wp-image-57184\" src=\"https:\/\/www.ospitalarioakfundazioaeuskadi.org\/wp-content\/uploads\/2023\/01\/202212-residencia-txurdinagabarri-coral-1.jpg\" alt=\"Actuaci\u00f3n de la Coral La Mi Sol en la Residencia Txurdinagabarri\" width=\"850\" height=\"638\" title=\"\" srcset=\"https:\/\/ospitalarioakfundazioaeuskadi.org\/wp-content\/uploads\/2023\/01\/202212-residencia-txurdinagabarri-coral-1.jpg 850w, https:\/\/ospitalarioakfundazioaeuskadi.org\/wp-content\/uploads\/2023\/01\/202212-residencia-txurdinagabarri-coral-1-400x300.jpg 400w, https:\/\/ospitalarioakfundazioaeuskadi.org\/wp-content\/uploads\/2023\/01\/202212-residencia-txurdinagabarri-coral-1-768x576.jpg 768w\" sizes=\"auto, (max-width: 850px) 100vw, 850px\" \/><\/p>\n<p><img loading=\"lazy\" decoding=\"async\" class=\"alignleft size-full wp-image-57186\" src=\"https:\/\/www.ospitalarioakfundazioaeuskadi.org\/wp-content\/uploads\/2023\/01\/202212-residencia-txurdinagabarri-coral-2.jpg\" alt=\"Actuaci\u00f3n de la Coral La Mi Sol en la Residencia Txurdinagabarri\" width=\"850\" height=\"638\" title=\"\" srcset=\"https:\/\/ospitalarioakfundazioaeuskadi.org\/wp-content\/uploads\/2023\/01\/202212-residencia-txurdinagabarri-coral-2.jpg 850w, https:\/\/ospitalarioakfundazioaeuskadi.org\/wp-content\/uploads\/2023\/01\/202212-residencia-txurdinagabarri-coral-2-400x300.jpg 400w, https:\/\/ospitalarioakfundazioaeuskadi.org\/wp-content\/uploads\/2023\/01\/202212-residencia-txurdinagabarri-coral-2-768x576.jpg 768w\" sizes=\"auto, (max-width: 850px) 100vw, 850px\" \/><\/p>\n<p><img loading=\"lazy\" decoding=\"async\" class=\"alignleft size-full wp-image-57188\" src=\"https:\/\/www.ospitalarioakfundazioaeuskadi.org\/wp-content\/uploads\/2023\/01\/202212-residencia-txurdinagabarri-coral-3.jpg\" alt=\"Actuaci\u00f3n de la Coral La Mi Sol en la Residencia Txurdinagabarri\" width=\"850\" height=\"638\" title=\"\" srcset=\"https:\/\/ospitalarioakfundazioaeuskadi.org\/wp-content\/uploads\/2023\/01\/202212-residencia-txurdinagabarri-coral-3.jpg 850w, https:\/\/ospitalarioakfundazioaeuskadi.org\/wp-content\/uploads\/2023\/01\/202212-residencia-txurdinagabarri-coral-3-400x300.jpg 400w, https:\/\/ospitalarioakfundazioaeuskadi.org\/wp-content\/uploads\/2023\/01\/202212-residencia-txurdinagabarri-coral-3-768x576.jpg 768w\" sizes=\"auto, (max-width: 850px) 100vw, 850px\" \/><\/p>\n","protected":false},"excerpt":{"rendered":"<div class=\"entry-summary\">\nEl d\u00eda 30 de noviembre, en la Residencia de personas mayores Txurdinagabarri pudimos disfrutar de un recital a cargo de la Coral \u00abLa Mi Sol\u00bb de Bilbao. Residentes de todas las plantas bajamos al sal\u00f3n principal de la Residencia y&hellip;\n<\/div>\n<div class=\"link-more\"><a href=\"https:\/\/ospitalarioakfundazioaeuskadi.org\/es\/nos-visita-la-coral-la-mi-sol\/\" class=\"more-link\">Seguir leyendo<span class=\"screen-reader-text\"> &ldquo;Nos visita la Coral \u00abLa Mi Sol\u00bb&rdquo;<\/span>&hellip;<\/a><\/div>\n","protected":false},"author":1,"featured_media":57190,"comment_status":"closed","ping_status":"closed","sticky":false,"template":"","format":"standard","meta":{"footnotes":""},"categories":[648],"tags":[1098],"linea-asistencial":[980],"class_list":["post-31789","post","type-post","status-publish","format-standard","has-post-thumbnail","hentry","category-residencia-txurdinagabarri-bilbao","tag-residencia-txurdinagabarri-eu","linea-asistencial-4-persona-mayor","entry"],"_links":{"self":[{"href":"https:\/\/ospitalarioakfundazioaeuskadi.org\/es\/wp-json\/wp\/v2\/posts\/31789","targetHints":{"allow":["GET"]}}],"collection":[{"href":"https:\/\/ospitalarioakfundazioaeuskadi.org\/es\/wp-json\/wp\/v2\/posts"}],"about":[{"href":"https:\/\/ospitalarioakfundazioaeuskadi.org\/es\/wp-json\/wp\/v2\/types\/post"}],"author":[{"embeddable":true,"href":"https:\/\/ospitalarioakfundazioaeuskadi.org\/es\/wp-json\/wp\/v2\/users\/1"}],"replies":[{"embeddable":true,"href":"https:\/\/ospitalarioakfundazioaeuskadi.org\/es\/wp-json\/wp\/v2\/comments?post=31789"}],"version-history":[{"count":3,"href":"https:\/\/ospitalarioakfundazioaeuskadi.org\/es\/wp-json\/wp\/v2\/posts\/31789\/revisions"}],"predecessor-version":[{"id":58408,"href":"https:\/\/ospitalarioakfundazioaeuskadi.org\/es\/wp-json\/wp\/v2\/posts\/31789\/revisions\/58408"}],"wp:featuredmedia":[{"embeddable":true,"href":"https:\/\/ospitalarioakfundazioaeuskadi.org\/es\/wp-json\/wp\/v2\/media\/57190"}],"wp:attachment":[{"href":"https:\/\/ospitalarioakfundazioaeuskadi.org\/es\/wp-json\/wp\/v2\/media?parent=31789"}],"wp:term":[{"taxonomy":"category","embeddable":true,"href":"https:\/\/ospitalarioakfundazioaeuskadi.org\/es\/wp-json\/wp\/v2\/categories?post=31789"},{"taxonomy":"post_tag","embeddable":true,"href":"https:\/\/ospitalarioakfundazioaeuskadi.org\/es\/wp-json\/wp\/v2\/tags?post=31789"},{"taxonomy":"linea-asistencial","embeddable":true,"href":"https:\/\/ospitalarioakfundazioaeuskadi.org\/es\/wp-json\/wp\/v2\/linea-asistencial?post=31789"}],"curies":[{"name":"wp","href":"https:\/\/api.w.org\/{rel}","templated":true}]}}