{"id":31859,"date":"2017-07-14T00:00:00","date_gmt":"2017-07-14T00:00:00","guid":{"rendered":"http:\/\/194.35.43.170\/~aitamenninueva\/crps-maldatxo-recorre-instalaciones-diario-11342\/"},"modified":"2022-10-25T13:48:08","modified_gmt":"2022-10-25T13:48:08","slug":"crps-maldatxo-recorre-instalaciones-diario-11342","status":"publish","type":"post","link":"https:\/\/ospitalarioakfundazioaeuskadi.org\/es\/crps-maldatxo-recorre-instalaciones-diario-11342\/","title":{"rendered":"El CRPS de Maldatxo recorre las instalaciones del Diario Vasco"},"content":{"rendered":"<div class=\"texto wysiwyg\">\n<p>El pasado d\u00eda 5 de julio, las personas usuarias del CRPS de Maldatxo <b>visitaron las instalaciones del Diario Vasco <\/b>de Donostia\u00a0<span>junto con las monitoras<\/span><span>\u00a0<b>Kontxi Aldabe y Kristina Olazabal<\/b><\/span><span style=\"background-color: rgb(255, 255, 255);\">. El recorrido comenz\u00f3 con el <b>visionado de un v\u00eddeo sobre la historia\u00a0del peri\u00f3dico<\/b> y sus or\u00edgenes. De ah\u00ed pasaron a la hemeroteca, donde est\u00e1n guardados todos los peri\u00f3dicos del Diario Vasco desde su fundaci\u00f3n\u00a0<\/span><span>en el a\u00f1o 1934<\/span><span style=\"background-color: rgb(255, 255, 255);\">. Visitaron la redacci\u00f3n, la administraci\u00f3n, el almac\u00e9n de papel y la rotativa. En la visita aprendieron cosas muy curiosas, como la forma de apilar el papel para que en caso de incendio el fuego no se propague r\u00e1pidamente, o que durante la impresi\u00f3n del diario se lleva a cabo un control de calidad que supone que durante la noche se revisen 1.000 ejemplares para detectar fallos.<\/span><\/p>\n<p>El recorrido por las instalaciones de Diario Vasco, en el que <b>nos mostraron otras publicaciones que tambi\u00e9n se tiran en sus rotativas<\/b>, como &#8216;Mujer hoy&#8217; o &#8216;Mundo deportivo&#8217;,\u00a0<span>result\u00f3 muy interesante.<\/span><span style=\"background-color: rgb(255, 255, 255);\">\u00a0Durante el mismo tambi\u00e9n nos explicaron que en diferentes puntos del territorio espa\u00f1ol tambi\u00e9n cuentan con apoyos que hacen posible que Diario Vasco en edici\u00f3n de papel llegue m\u00e1s lectores.<\/span><\/p>\n<p>Las personas usuarias pudieron realizar todo tipo de preguntas y el personal del peri\u00f3dico se mostr\u00f3 amable y muy disponible para responderlas todas. Como recuerdo,\u00a0<b>nos dedicaron esta portada ficticia que recoge la &#8216;noticia&#8217; de nuestra visita y que dise\u00f1aron en nuestro honor<\/b>.\u00a0<\/p><\/div>\n","protected":false},"excerpt":{"rendered":"<div class=\"entry-summary\">\nLa visita result\u00f3 instructiva y muy interesante. Como recuerdo, nos queda esta bonita portada que el personal del peri\u00f3dico mont\u00f3 en nuestro honor.\n<\/div>\n<div class=\"link-more\"><a href=\"https:\/\/ospitalarioakfundazioaeuskadi.org\/es\/crps-maldatxo-recorre-instalaciones-diario-11342\/\" class=\"more-link\">Seguir leyendo<span class=\"screen-reader-text\"> &ldquo;El CRPS de Maldatxo recorre las instalaciones del Diario Vasco&rdquo;<\/span>&hellip;<\/a><\/div>\n","protected":false},"author":1,"featured_media":25442,"comment_status":"closed","ping_status":"closed","sticky":false,"template":"","format":"standard","meta":{"footnotes":""},"categories":[646,1027],"tags":[],"linea-asistencial":[979],"class_list":["post-31859","post","type-post","status-publish","format-standard","has-post-thumbnail","hentry","category-aita-menni","category-crps-maldatxo","linea-asistencial-1-salud-mental","entry"],"_links":{"self":[{"href":"https:\/\/ospitalarioakfundazioaeuskadi.org\/es\/wp-json\/wp\/v2\/posts\/31859","targetHints":{"allow":["GET"]}}],"collection":[{"href":"https:\/\/ospitalarioakfundazioaeuskadi.org\/es\/wp-json\/wp\/v2\/posts"}],"about":[{"href":"https:\/\/ospitalarioakfundazioaeuskadi.org\/es\/wp-json\/wp\/v2\/types\/post"}],"author":[{"embeddable":true,"href":"https:\/\/ospitalarioakfundazioaeuskadi.org\/es\/wp-json\/wp\/v2\/users\/1"}],"replies":[{"embeddable":true,"href":"https:\/\/ospitalarioakfundazioaeuskadi.org\/es\/wp-json\/wp\/v2\/comments?post=31859"}],"version-history":[{"count":1,"href":"https:\/\/ospitalarioakfundazioaeuskadi.org\/es\/wp-json\/wp\/v2\/posts\/31859\/revisions"}],"predecessor-version":[{"id":53453,"href":"https:\/\/ospitalarioakfundazioaeuskadi.org\/es\/wp-json\/wp\/v2\/posts\/31859\/revisions\/53453"}],"wp:featuredmedia":[{"embeddable":true,"href":"https:\/\/ospitalarioakfundazioaeuskadi.org\/es\/wp-json\/wp\/v2\/media\/25442"}],"wp:attachment":[{"href":"https:\/\/ospitalarioakfundazioaeuskadi.org\/es\/wp-json\/wp\/v2\/media?parent=31859"}],"wp:term":[{"taxonomy":"category","embeddable":true,"href":"https:\/\/ospitalarioakfundazioaeuskadi.org\/es\/wp-json\/wp\/v2\/categories?post=31859"},{"taxonomy":"post_tag","embeddable":true,"href":"https:\/\/ospitalarioakfundazioaeuskadi.org\/es\/wp-json\/wp\/v2\/tags?post=31859"},{"taxonomy":"linea-asistencial","embeddable":true,"href":"https:\/\/ospitalarioakfundazioaeuskadi.org\/es\/wp-json\/wp\/v2\/linea-asistencial?post=31859"}],"curies":[{"name":"wp","href":"https:\/\/api.w.org\/{rel}","templated":true}]}}