{"id":31874,"date":"2018-05-18T00:00:00","date_gmt":"2018-05-18T00:00:00","guid":{"rendered":"http:\/\/194.35.43.170\/~aitamenninueva\/cuidamos-propio-bienestar-emocional-para-12041\/"},"modified":"2022-12-08T22:15:34","modified_gmt":"2022-12-08T22:15:34","slug":"cuidamos-propio-bienestar-emocional-para-12041","status":"publish","type":"post","link":"https:\/\/ospitalarioakfundazioaeuskadi.org\/es\/cuidamos-propio-bienestar-emocional-para-12041\/","title":{"rendered":"Cuidamos el propio bienestar emocional para poder cuidar mejor"},"content":{"rendered":"<div class=\"texto wysiwyg\">\n<p>El propio bienestar emocional es muy necesario para cuidar.\u00a0<span>Personal de enfermer\u00eda y auxiliares del\u00a0<\/span><a href=\"..\/psiquiatria\/larga-estancia-hospitalaria\/index.html\" target=\"_blank\" rel=\"noopener\">\u00c1rea de Larga Estancia B<\/a><span>\u00a0recibieron, el d\u00eda 19 de abril, algunas referencias de salud emocional para la vida de la mano de\u00a0<\/span><b>Alfonso S\u00e1ez de Ibarra<\/b><span>.\u00a0<\/span><\/p>\n<p><span style=\"background-color: rgb(255, 255, 255);\">\u201cCuanto mejor se encuentra un profesional a nivel personal probablemente mejor est\u00e1 con los pacientes\u201d. <\/span><b>Ana Dom\u00ednguez<\/b><span style=\"background-color: rgb(255, 255, 255);\">, tambi\u00e9n psic\u00f3loga cl\u00ednica de nuestro hospital, introdujo al ponente como amante de la divulgaci\u00f3n de conocimientos sobre Psicolog\u00eda que nos ayuden <\/span><i>\u201ca sobrellevar los sufrimientos del d\u00eda a d\u00eda, a convivir con el desgaste cotidiano. Estos son asuntos que nos afectan a todos pero debemos procurar que no repercutan en las personas con enfermedad mental a las que cuidamos\u201d,<\/i><span> dijo.<\/span><\/p>\n<p>Tras una introducci\u00f3n elogiosa por parte del doctor <b>Agust\u00edn Sagasta<\/b>, una sesi\u00f3n similar fue impartida por <b>Alfonso S\u00e1ez de Ibarra,<\/b> el d\u00eda 17 de mayo, para enfermeras y auxiliares del \u00e1rea de Psicogeriatr\u00eda.<\/p>\n<p><b>Entrar dentro de uno mismo<\/b><\/p>\n<p><span>En el mundo actual,<\/span><i> \u201cpensar sobre uno mismo es dif\u00edcil y a veces genera temor\u201d<\/i><span>. El psic\u00f3logo\u00a0<\/span><span style=\"background-color: rgb(255, 255, 255);\">considera que es preciso buscar momentos y espacios para mirar<\/span><i>\u201dse\u201d<\/i><span style=\"background-color: rgb(255, 255, 255);\"> por dentro. Siempre y cuando no se trate de agrandar un problema sino de observarnos de la manera m\u00e1s serena. \u201c<\/span><i>Si determinado asunto nos est\u00e1 haciendo sentirnos mal es preferible buscar la manera de distanciarnos\u201d.<\/i><\/p>\n<p><b>S\u00e1ez de Ibarra<\/b> comenz\u00f3 hablando del desarrollo emocional en la infancia, de la importancia del equilibrio entre el ser humano como ser racional y emocional. Dio apuntes sobre tres modelos del psiquismo. El primero, en relaci\u00f3n a uno mismo, fue explicado desde el punto de vista freudiano. La ventana de Johari sirvi\u00f3 para explicar la relaci\u00f3n con las dem\u00e1s personas. La pir\u00e1mide de Maslow, para explicar el psiquismo en cuanto al proyecto de vida.<\/p>\n<p>Salud emocional para la vida<\/p>\n<p><i>\u201cNo reaccionamos a los hechos sino a su interpretaci\u00f3n\u201d.<\/i> Tal y como puede verse en el v\u00eddeo, nuestro psic\u00f3logo remarc\u00f3 que la interpretaci\u00f3n de un suceso nos provoca una emoci\u00f3n o sentimiento que condiciona nuestro comportamiento, mientras recordaba la necesaria tolerancia a la frustraci\u00f3n, es decir, al sentimiento que se genera cuando no se puede satisfacer un deseo. Si se acumula y es fuente de sufrimiento, se puede cronificar, advirti\u00f3.<\/p>\n<p><span style=\"font-size:10.0pt;font-family:\">Por tanto, hay que fortalecer la tolerancia a la frustraci\u00f3n y adquirir recursos para sobrellevar el malestar, buscando estrategias distractivas y \u201c<i>momentos<\/i>\u201d de bienestar. Compartir con otras personas el sufrimiento ayuda a sobrellevarlo. Toda p\u00e9rdida implica tristeza y\/o angustia. Para superarla hemos de elaborar el duelo sanamente, es decir, pasar por un proceso de aprendizaje que nos ayude a vivir sin lo perdido. La muerte de un ser querido suele estructurarse en varias fases: negaci\u00f3n, ira, tristeza, negociaci\u00f3n y aceptaci\u00f3n. Hay que aprender a vivir de <i>\u201cotra manera\u201d<\/i>, a buscar nuevos recursos y fuentes de gratificaci\u00f3n.<\/span><span>\u00a0\u00a0<\/span><\/p>\n<div class=\"cookieconsent-optout-marketing\">\n<div class=\"alert alert-warning\">Este contenido est\u00e1 alojado en un proveedor externo. Si quieres verlo, debes <a href=\"javascript:Cookiebot.renew()\" style=\"cursor:pointer;text-decoration:underline;\">aceptar las cookies de la categor\u00eda \"Otras\"<\/a> en la Configuraci\u00f3n de Cookies.<\/div><\/div><iframe loading=\"lazy\" width=\"100%\" height=\"315\" src=\"https:\/\/www.youtube.com\/embed\/MAgF0K4efuE\" frameborder=\"0\"><\/iframe><\/p>\n<p><p class=\"MsoNormal titulo2\"><b>Herramientas para un estilo de vida saludable<\/b><\/p>\n<p>Las emociones se desarrollan hasta su m\u00e1xima expresi\u00f3n y luego remiten. Un estilo de vida emocional saludable se basa en mantener los equilibrios, por ejemplo, el nivel de tolerancia\u00a0<span style=\"background-color: rgb(255, 255, 255);\">entre rutina (seguridad) y cambio (adaptaci\u00f3n, aprendizaje estimulaci\u00f3n). Las herramientas para conseguir un estilo de vida saludable var\u00edan de unas personas a otras, han de ser coherentes con cada proyecto de vida (autorrealizaci\u00f3n). En cualquier caso, <b>Alfonso S\u00e1ez de Ibarra<\/b> nos invita a reservar espacios para pensar sobre uno mismo: tomar contacto con el significado emocional de los sucesos dentro de mi propio proyecto de vida (meditaci\u00f3n, oraci\u00f3n, reflexi\u00f3n). Nos invita asimismo a atrevernos a buscar, experimentar y cambiar.<\/span><\/p><\/div>\n","protected":false},"excerpt":{"rendered":"<div class=\"entry-summary\">\nEs muy importante contar con recursos que nos ayuden a gestionar nuestro estado de \u00e1nimo d\u00eda a d\u00eda y alcanzar una vida emocional saludable. Dentro de las sesiones dedicadas a la formaci\u00f3n permanente de nuestra \u00c1rea de Enfermer\u00eda, que se celebran una vez al mes, el psic\u00f3logo cl\u00ednico Alfonso S\u00e1ez de Ibarra ofreci\u00f3 dos charlas a enfermeras y auxiliares de enfermer\u00eda.\n<\/div>\n<div class=\"link-more\"><a href=\"https:\/\/ospitalarioakfundazioaeuskadi.org\/es\/cuidamos-propio-bienestar-emocional-para-12041\/\" class=\"more-link\">Seguir leyendo<span class=\"screen-reader-text\"> &ldquo;Cuidamos el propio bienestar emocional para poder cuidar mejor&rdquo;<\/span>&hellip;<\/a><\/div>\n","protected":false},"author":1,"featured_media":25816,"comment_status":"closed","ping_status":"closed","sticky":false,"template":"","format":"standard","meta":{"footnotes":""},"categories":[646],"tags":[],"linea-asistencial":[],"class_list":["post-31874","post","type-post","status-publish","format-standard","has-post-thumbnail","hentry","category-aita-menni","entry"],"_links":{"self":[{"href":"https:\/\/ospitalarioakfundazioaeuskadi.org\/es\/wp-json\/wp\/v2\/posts\/31874","targetHints":{"allow":["GET"]}}],"collection":[{"href":"https:\/\/ospitalarioakfundazioaeuskadi.org\/es\/wp-json\/wp\/v2\/posts"}],"about":[{"href":"https:\/\/ospitalarioakfundazioaeuskadi.org\/es\/wp-json\/wp\/v2\/types\/post"}],"author":[{"embeddable":true,"href":"https:\/\/ospitalarioakfundazioaeuskadi.org\/es\/wp-json\/wp\/v2\/users\/1"}],"replies":[{"embeddable":true,"href":"https:\/\/ospitalarioakfundazioaeuskadi.org\/es\/wp-json\/wp\/v2\/comments?post=31874"}],"version-history":[{"count":1,"href":"https:\/\/ospitalarioakfundazioaeuskadi.org\/es\/wp-json\/wp\/v2\/posts\/31874\/revisions"}],"predecessor-version":[{"id":53399,"href":"https:\/\/ospitalarioakfundazioaeuskadi.org\/es\/wp-json\/wp\/v2\/posts\/31874\/revisions\/53399"}],"wp:featuredmedia":[{"embeddable":true,"href":"https:\/\/ospitalarioakfundazioaeuskadi.org\/es\/wp-json\/wp\/v2\/media\/25816"}],"wp:attachment":[{"href":"https:\/\/ospitalarioakfundazioaeuskadi.org\/es\/wp-json\/wp\/v2\/media?parent=31874"}],"wp:term":[{"taxonomy":"category","embeddable":true,"href":"https:\/\/ospitalarioakfundazioaeuskadi.org\/es\/wp-json\/wp\/v2\/categories?post=31874"},{"taxonomy":"post_tag","embeddable":true,"href":"https:\/\/ospitalarioakfundazioaeuskadi.org\/es\/wp-json\/wp\/v2\/tags?post=31874"},{"taxonomy":"linea-asistencial","embeddable":true,"href":"https:\/\/ospitalarioakfundazioaeuskadi.org\/es\/wp-json\/wp\/v2\/linea-asistencial?post=31874"}],"curies":[{"name":"wp","href":"https:\/\/api.w.org\/{rel}","templated":true}]}}