{"id":31892,"date":"2017-02-22T00:00:00","date_gmt":"2017-02-22T00:00:00","guid":{"rendered":"http:\/\/194.35.43.170\/~aitamenninueva\/david-jorge-receta-11022\/"},"modified":"2022-10-25T13:49:32","modified_gmt":"2022-10-25T13:49:32","slug":"david-jorge-receta-11022","status":"publish","type":"post","link":"https:\/\/ospitalarioakfundazioaeuskadi.org\/es\/david-jorge-receta-11022\/","title":{"rendered":"David de Jorge nos da su receta"},"content":{"rendered":"<div class=\"texto wysiwyg\">\n<p>El pasado 21 de febrero recibimos la visita de\u00a0<strong style=\"color: rgb(85, 85, 85);\"><a href=\"http:\/\/www.daviddejorge.com\/es\/david-de-jorge\" rel=\"nofollow noopener\" target=\"_blank\">David de Jorge<\/a>\u00a0<\/strong>en el CRPS de Ir\u00fan. Desde las 9 de la ma\u00f1ana en el centro se notaba un ambiente m\u00e1s alborotado que otros d\u00edas. Hab\u00eda nervios y ganas de ver al risue\u00f1o cocinero. <\/p>\n<p><img decoding=\"async\" class=\"w_img_derecha\" src=\"https:\/\/www.ospitalarioakfundazioaeuskadi.org\/wp-content\/uploads\/2021\/10\/david-de-jorge_crps-1.jpg\" alt=\"\" title=\"\">Su entrada fue<strong> muy cordial<\/strong>, salud\u00f3 a todo el mundo, a cada una de las profesionales y una por una a todas las personas usuarias que estaban en el centro. Enseguida nos pidi\u00f3 que nos pusi\u00e9ramos m\u00e1s cerca de \u00e9l e inmediatamente\u00a0se cre\u00f3 un ambiente cercano y familiar.&nbsp;&nbsp;David de Jorge centr\u00f3 su coloquio en conocernos; quiso saber qu\u00e9 hacemos en el centro a diario. Posteriormente se quiso informar de <strong>nuestros h\u00e1bitos alimentarios<\/strong>, preguntado a cada cual el desayuno que realiza a diario. Tras escuchar las respuestas, aprovech\u00f3 para dar alg\u00fan merecido estir\u00f3n de orejas. A continuaci\u00f3n, pregunto por el <strong>ejercicio f\u00edsico<\/strong> que realizan las personas usuarias y tambi\u00e9n hubo momento para alguna rega\u00f1ina, as\u00ed como para interesarse por sus relaciones personales, novios\/as, amigos\/as\u2026&nbsp;&nbsp;Al llegar a este punto, nuestro invitado recalc\u00f3 <strong>cu\u00e1les son para \u00e9l los tres principios fundamentales para disfrutar de una vida saludable: un buen desayuno, ejercicio f\u00edsico y tener ilusiones<\/strong>. Luego nos habl\u00f3 de su vida y de los proyectos que tiene para el futuro.<\/p>\n<p>Siempre con humor<\/p>\n<p>David nos cont\u00f3 que sigue con el proceso de adelgazamiento y por ello est\u00e1 a las puertas de una nueva intervenci\u00f3n, que le llevar\u00e1 durante un periodo a abandonar los plat\u00f3s. Tambi\u00e9n nos anunci\u00f3 que en un futuro volver\u00e1 a la televisi\u00f3n con un formato renovado.\u00a0<span style=\"background-color: rgb(255, 255, 255);\">En ning\u00fan momento de la ma\u00f1ana falt\u00f3 la nota de humor que caracteriza al conocido cocinero. Hubo tiempo para chistes, an\u00e9cdotas y para tratar incluso alg\u00fan tema m\u00e1s picantillo\u2026<\/span><\/p>\n<p>Desde el CRPS de Ir\u00fan queremos agradecerle a David el inter\u00e9s mostrado por conocernos y por alegrarnos el d\u00eda tal y como lo hizo. <strong>GRACIAS, DAVID, Y<\/strong> (como siempre t\u00fa dices) <strong>\u00a1\u00a1\u00a1VIVA RUSIA!!!<\/strong><\/p>\n<p><img decoding=\"async\" src=\"https:\/\/www.ospitalarioakfundazioaeuskadi.org\/wp-content\/uploads\/2021\/10\/david-de-jorge_crps2-0-1.jpg\" alt=\"\" title=\"\"><\/p><\/div>\n","protected":false},"excerpt":{"rendered":"<div class=\"entry-summary\">\nEl d\u00eda 21 nos alegr\u00f3 la ma\u00f1ana en el CRPS de Ir\u00fan. Seg\u00fan \u00e9l, hay tres principios fundamentales para tener una vida saludable: un buen desayuno,  ejercicio f\u00edsico y tener ilusiones.\n<\/div>\n<div class=\"link-more\"><a href=\"https:\/\/ospitalarioakfundazioaeuskadi.org\/es\/david-jorge-receta-11022\/\" class=\"more-link\">Seguir leyendo<span class=\"screen-reader-text\"> &ldquo;David de Jorge nos da su receta&rdquo;<\/span>&hellip;<\/a><\/div>\n","protected":false},"author":1,"featured_media":25198,"comment_status":"closed","ping_status":"closed","sticky":false,"template":"","format":"standard","meta":{"footnotes":""},"categories":[1],"tags":[],"linea-asistencial":[979],"class_list":["post-31892","post","type-post","status-publish","format-standard","has-post-thumbnail","hentry","category-sin-categorizar","linea-asistencial-1-salud-mental","entry"],"_links":{"self":[{"href":"https:\/\/ospitalarioakfundazioaeuskadi.org\/es\/wp-json\/wp\/v2\/posts\/31892","targetHints":{"allow":["GET"]}}],"collection":[{"href":"https:\/\/ospitalarioakfundazioaeuskadi.org\/es\/wp-json\/wp\/v2\/posts"}],"about":[{"href":"https:\/\/ospitalarioakfundazioaeuskadi.org\/es\/wp-json\/wp\/v2\/types\/post"}],"author":[{"embeddable":true,"href":"https:\/\/ospitalarioakfundazioaeuskadi.org\/es\/wp-json\/wp\/v2\/users\/1"}],"replies":[{"embeddable":true,"href":"https:\/\/ospitalarioakfundazioaeuskadi.org\/es\/wp-json\/wp\/v2\/comments?post=31892"}],"version-history":[{"count":1,"href":"https:\/\/ospitalarioakfundazioaeuskadi.org\/es\/wp-json\/wp\/v2\/posts\/31892\/revisions"}],"predecessor-version":[{"id":53488,"href":"https:\/\/ospitalarioakfundazioaeuskadi.org\/es\/wp-json\/wp\/v2\/posts\/31892\/revisions\/53488"}],"wp:featuredmedia":[{"embeddable":true,"href":"https:\/\/ospitalarioakfundazioaeuskadi.org\/es\/wp-json\/wp\/v2\/media\/25198"}],"wp:attachment":[{"href":"https:\/\/ospitalarioakfundazioaeuskadi.org\/es\/wp-json\/wp\/v2\/media?parent=31892"}],"wp:term":[{"taxonomy":"category","embeddable":true,"href":"https:\/\/ospitalarioakfundazioaeuskadi.org\/es\/wp-json\/wp\/v2\/categories?post=31892"},{"taxonomy":"post_tag","embeddable":true,"href":"https:\/\/ospitalarioakfundazioaeuskadi.org\/es\/wp-json\/wp\/v2\/tags?post=31892"},{"taxonomy":"linea-asistencial","embeddable":true,"href":"https:\/\/ospitalarioakfundazioaeuskadi.org\/es\/wp-json\/wp\/v2\/linea-asistencial?post=31892"}],"curies":[{"name":"wp","href":"https:\/\/api.w.org\/{rel}","templated":true}]}}