{"id":31912,"date":"2016-10-10T00:00:00","date_gmt":"2016-10-10T00:00:00","guid":{"rendered":"http:\/\/194.35.43.170\/~aitamenninueva\/deporte-como-herramienta-terapeutica-integracion-10674\/"},"modified":"2022-10-25T13:49:53","modified_gmt":"2022-10-25T13:49:53","slug":"deporte-como-herramienta-terapeutica-integracion-10674","status":"publish","type":"post","link":"https:\/\/ospitalarioakfundazioaeuskadi.org\/es\/deporte-como-herramienta-terapeutica-integracion-10674\/","title":{"rendered":"El deporte como herramienta terap\u00e9utica de integraci\u00f3n, normalizaci\u00f3n y bienestar"},"content":{"rendered":"<div class=\"texto wysiwyg\">\n<p>Las personas con trastornos\u00a0mentales graves (TMG) presentan una compleja problem\u00e1tica que afecta a varias esferas, como a su funcionamiento psicosocial, integraci\u00f3n social y laboral, y a su participaci\u00f3n en la comunidad. Ello hace imprescindible, para una adecuada atenci\u00f3n integral a sus distintas necesidades, ofrecer programas y servicios de apoyo que les ayuden a recuperar y\/o adquirir las capacidades y habilidades necesarias para vivir y relacionarse en la comunidad, que favorezcan su integraci\u00f3n social efectiva y normalizaci\u00f3n en su entorno.\u00a0<\/p>\n<p>La experiencia y los estudios\u00a0han demostrado que a trav\u00e9s de la pr\u00e1ctica deportiva las personas que sufren trastornos\u00a0mentales graves pueden minimizar los s\u00edntomas propios de la enfermedad, aumentar la autoestima, permitir una oportunidad para salir del aislamiento. El deporte nos sirve para descubrir capacidades y motivaciones propias, recuperar aficiones, potenciar relaciones sociales y h\u00e1bitos saludables, fomentar la integraci\u00f3n social dentro de la comunidad, disminuye el riesgo de marginalidad, crea un espacio de intercambio de experiencias y permite disfrutar con la consecuci\u00f3n de logros personales y, en definitiva, mejorar la calidad de vida.\u00a0<\/p>\n<p>Desde hace varios a\u00f1os, los pacientes del Hospital Aita Menni participaban en actividades deportivas como baloncesto o\u00a0f\u00fatbol, utiliz\u00e1ndose estas como herramienta terap\u00e9utica dentro de los programas de rehabilitaci\u00f3n.<\/p>\n<p>A primeros de septiembre de este a\u00f1o se cre\u00f3 el Equipo de\u00a0F\u00fatbol\u00a0Sala y sus integrantes pasaron a formar parte de la Agrupaci\u00f3n Deportiva Aita Menni-ADAM. El pasado d\u00eda 29, se presentaron los 18 jugadores que forman el equipo en el acto de apertura de la nueva temporada de ADAM. De esta manera, fomentamos la pr\u00e1ctica del deporte entre\u00a0los pacientes, y en este caso del\u00a0f\u00fatbol, y les ofrecemos as\u00ed la posibilidad de participar en una actividad deportiva grupal a nivel de competici\u00f3n.<\/p>\n<p><strong>Futsal Intercentros<\/strong><\/p>\n<p>La Liga de F\u00fatbol\u00a0Sala (futsal) Intercentros de Salud Mental de Euskadi es una actividad deportiva integradora y recuperadora que vienen realizando varios hospitales de d\u00eda, en la que el Equipo de F\u00fatbol Sala ADAM ha entrado a formar parte esta temporada 2016-2017. La competici\u00f3n<span style=\"background-color: rgb(255, 255, 255);\">\u00a0se desarrolla entre los meses de octubre a junio y en ella participan diferentes centros que trabajan con personas diagnosticadas de trastorno mental grave, tanto del \u00e1mbito p\u00fablico como privado.<\/span><\/p>\n<p>Con equipos participantes de Gipuzkoa, Bizkaia y \u00c1lava, el tipo de competici\u00f3n es una liga de partidos entre todos los equipos participantes a s\u00f3lo una vuelta. Cuando se han jugado todos los partidos, se juegan semifinales ente el 4\u00ba y el primer clasificado, y entre el segundo y el tercero. La final se disputa entre los ganadores de ambos partidos.<\/p>\n<p><img decoding=\"async\" src=\"https:\/\/www.ospitalarioakfundazioaeuskadi.org\/wp-content\/uploads\/2021\/10\/futbito-0-3.jpg\" alt=\"\" title=\"\"><\/p><\/div>\n","protected":false},"excerpt":{"rendered":"<div class=\"entry-summary\">\nEl ocio, y en este caso el deporte, es una fuente importante de bienestar en la salud mental\n<\/div>\n<div class=\"link-more\"><a href=\"https:\/\/ospitalarioakfundazioaeuskadi.org\/es\/deporte-como-herramienta-terapeutica-integracion-10674\/\" class=\"more-link\">Seguir leyendo<span class=\"screen-reader-text\"> &ldquo;El deporte como herramienta terap\u00e9utica de integraci\u00f3n, normalizaci\u00f3n y bienestar&rdquo;<\/span>&hellip;<\/a><\/div>\n","protected":false},"author":1,"featured_media":24938,"comment_status":"closed","ping_status":"closed","sticky":false,"template":"","format":"standard","meta":{"footnotes":""},"categories":[1030],"tags":[],"linea-asistencial":[],"class_list":["post-31912","post","type-post","status-publish","format-standard","has-post-thumbnail","hentry","category-deporte-adaptado","entry"],"_links":{"self":[{"href":"https:\/\/ospitalarioakfundazioaeuskadi.org\/es\/wp-json\/wp\/v2\/posts\/31912","targetHints":{"allow":["GET"]}}],"collection":[{"href":"https:\/\/ospitalarioakfundazioaeuskadi.org\/es\/wp-json\/wp\/v2\/posts"}],"about":[{"href":"https:\/\/ospitalarioakfundazioaeuskadi.org\/es\/wp-json\/wp\/v2\/types\/post"}],"author":[{"embeddable":true,"href":"https:\/\/ospitalarioakfundazioaeuskadi.org\/es\/wp-json\/wp\/v2\/users\/1"}],"replies":[{"embeddable":true,"href":"https:\/\/ospitalarioakfundazioaeuskadi.org\/es\/wp-json\/wp\/v2\/comments?post=31912"}],"version-history":[{"count":1,"href":"https:\/\/ospitalarioakfundazioaeuskadi.org\/es\/wp-json\/wp\/v2\/posts\/31912\/revisions"}],"predecessor-version":[{"id":40224,"href":"https:\/\/ospitalarioakfundazioaeuskadi.org\/es\/wp-json\/wp\/v2\/posts\/31912\/revisions\/40224"}],"wp:featuredmedia":[{"embeddable":true,"href":"https:\/\/ospitalarioakfundazioaeuskadi.org\/es\/wp-json\/wp\/v2\/media\/24938"}],"wp:attachment":[{"href":"https:\/\/ospitalarioakfundazioaeuskadi.org\/es\/wp-json\/wp\/v2\/media?parent=31912"}],"wp:term":[{"taxonomy":"category","embeddable":true,"href":"https:\/\/ospitalarioakfundazioaeuskadi.org\/es\/wp-json\/wp\/v2\/categories?post=31912"},{"taxonomy":"post_tag","embeddable":true,"href":"https:\/\/ospitalarioakfundazioaeuskadi.org\/es\/wp-json\/wp\/v2\/tags?post=31912"},{"taxonomy":"linea-asistencial","embeddable":true,"href":"https:\/\/ospitalarioakfundazioaeuskadi.org\/es\/wp-json\/wp\/v2\/linea-asistencial?post=31912"}],"curies":[{"name":"wp","href":"https:\/\/api.w.org\/{rel}","templated":true}]}}