{"id":31978,"date":"2009-07-08T00:00:00","date_gmt":"2009-07-08T00:00:00","guid":{"rendered":"http:\/\/194.35.43.170\/~aitamenninueva\/diputado-general-markel-olano-visito-7327\/"},"modified":"2022-10-25T13:54:47","modified_gmt":"2022-10-25T13:54:47","slug":"diputado-general-markel-olano-visito-7327","status":"publish","type":"post","link":"https:\/\/ospitalarioakfundazioaeuskadi.org\/es\/diputado-general-markel-olano-visito-7327\/","title":{"rendered":"El Diputado General Markel Olano visit\u00f3 el Centro de D\u00eda de Da\u00f1o Cerebral Aita Menni de Donostia"},"content":{"rendered":"<div class=\"texto wysiwyg\">\n<p>El Diputado General de Gipuzkoa visit\u00f3 el pasado 6 de julio el <a href=\"https:\/\/ospitalarioakfundazioaeuskadi.org\/es\/que-hacemos\/neurorrehabilitacion-dano-cerebral\/\" title=\"Centros de d\u00eda de da\u00f1o cerebral \">Centro de D\u00eda de Da\u00f1o Cerebral Aita Menni de Donostia<\/a> en compa\u00f1\u00eda de la Diputada de Pol\u00edtica Social, Maite Etxaniz; el Director General de Atenci\u00f3n a la Dependecia, Juan Ram\u00f3n Larra\u00f1aga y el Director General de Planificaci\u00f3n e Inversiones, Jos\u00e9 Arizmendi.&nbsp;\u00a0&nbsp;El Centro de D\u00eda de Da\u00f1o Cerebral Aita Menni de Donostia tiene capacidad para atender a 25 personas con da\u00f1o cerebral adquirido que presentan secuelas que les impiden un retorno completo a las actividades previas y est\u00e1 concertado con el Departamento de Pol\u00edtica Social de la Diputaci\u00f3n de Gipuzkoa.&nbsp;\u00a0&nbsp;Durante la visita estuvieron acompa\u00f1ados por el Director Gerente del Hospital Aita Menni, I\u00f1aki Agirre y por en neuropsic\u00f3logo responsable del centro, I\u00f1igo Urrutikoetxea quienes les mostraron las instalaciones y les informaron de las actividades que se desarrollan en el centro.<\/p>\n<\/div>\n","protected":false},"excerpt":{"rendered":"<div class=\"entry-summary\">\nEl Diputado General de Gipuzkoa visit\u00f3 el pasado 6 de julio el Centro de D\u00eda de Da\u00f1o Cerebral Aita Menni de Donostia en compa\u00f1\u00eda de la Diputada de Pol\u00edtica Social, Maite Etxaniz; el Director General de Atenci\u00f3n a la Dependecia,&hellip;\n<\/div>\n<div class=\"link-more\"><a href=\"https:\/\/ospitalarioakfundazioaeuskadi.org\/es\/diputado-general-markel-olano-visito-7327\/\" class=\"more-link\">Seguir leyendo<span class=\"screen-reader-text\"> &ldquo;El Diputado General Markel Olano visit\u00f3 el Centro de D\u00eda de Da\u00f1o Cerebral Aita Menni de Donostia&rdquo;<\/span>&hellip;<\/a><\/div>\n","protected":false},"author":1,"featured_media":26960,"comment_status":"closed","ping_status":"closed","sticky":false,"template":"","format":"standard","meta":{"footnotes":""},"categories":[1],"tags":[],"linea-asistencial":[],"class_list":["post-31978","post","type-post","status-publish","format-standard","has-post-thumbnail","hentry","category-sin-categorizar","entry"],"_links":{"self":[{"href":"https:\/\/ospitalarioakfundazioaeuskadi.org\/es\/wp-json\/wp\/v2\/posts\/31978","targetHints":{"allow":["GET"]}}],"collection":[{"href":"https:\/\/ospitalarioakfundazioaeuskadi.org\/es\/wp-json\/wp\/v2\/posts"}],"about":[{"href":"https:\/\/ospitalarioakfundazioaeuskadi.org\/es\/wp-json\/wp\/v2\/types\/post"}],"author":[{"embeddable":true,"href":"https:\/\/ospitalarioakfundazioaeuskadi.org\/es\/wp-json\/wp\/v2\/users\/1"}],"replies":[{"embeddable":true,"href":"https:\/\/ospitalarioakfundazioaeuskadi.org\/es\/wp-json\/wp\/v2\/comments?post=31978"}],"version-history":[{"count":1,"href":"https:\/\/ospitalarioakfundazioaeuskadi.org\/es\/wp-json\/wp\/v2\/posts\/31978\/revisions"}],"predecessor-version":[{"id":53697,"href":"https:\/\/ospitalarioakfundazioaeuskadi.org\/es\/wp-json\/wp\/v2\/posts\/31978\/revisions\/53697"}],"wp:featuredmedia":[{"embeddable":true,"href":"https:\/\/ospitalarioakfundazioaeuskadi.org\/es\/wp-json\/wp\/v2\/media\/26960"}],"wp:attachment":[{"href":"https:\/\/ospitalarioakfundazioaeuskadi.org\/es\/wp-json\/wp\/v2\/media?parent=31978"}],"wp:term":[{"taxonomy":"category","embeddable":true,"href":"https:\/\/ospitalarioakfundazioaeuskadi.org\/es\/wp-json\/wp\/v2\/categories?post=31978"},{"taxonomy":"post_tag","embeddable":true,"href":"https:\/\/ospitalarioakfundazioaeuskadi.org\/es\/wp-json\/wp\/v2\/tags?post=31978"},{"taxonomy":"linea-asistencial","embeddable":true,"href":"https:\/\/ospitalarioakfundazioaeuskadi.org\/es\/wp-json\/wp\/v2\/linea-asistencial?post=31978"}],"curies":[{"name":"wp","href":"https:\/\/api.w.org\/{rel}","templated":true}]}}