{"id":31981,"date":"2021-05-11T00:00:00","date_gmt":"2021-05-11T00:00:00","guid":{"rendered":"http:\/\/194.35.43.170\/~aitamenninueva\/director-nuestra-unidad-psiquiatria-legal-14348\/"},"modified":"2022-12-09T10:52:13","modified_gmt":"2022-12-09T10:52:13","slug":"director-nuestra-unidad-psiquiatria-legal-14348","status":"publish","type":"post","link":"https:\/\/ospitalarioakfundazioaeuskadi.org\/es\/director-nuestra-unidad-psiquiatria-legal-14348\/","title":{"rendered":"El director de nuestra Unidad de Psiquiatr\u00eda Legal, discusor en la  jornada &#8216;La psiquiatr\u00eda en el medio penitenciario&#8217;"},"content":{"rendered":"<div class=\"texto wysiwyg\">\n<p>Para actualizar sus conocimientos en torno a la atenci\u00f3n a la enfermedad mental en el \u00e1mbito penitenciario, alrededor de 300 especialistas participaron en\u00a0la\u00a0<a href=\"https:\/\/www.cursoactualizacionpsiquiatria.com\/#programa\" target=\"_blank\" rel=\"noopener nofollow\">jornada &#8216;La psiquiatr\u00eda en el medio penitenciario&#8217;<\/a>\u00a0celebrada el pasado 12 de mayo.\u00a0En este encuentro -organizado por PSISENDA (Asociaci\u00f3n para la Investigaci\u00f3n del Trastorno Mental Severo) con la colaboraci\u00f3n de la Red de Salud Mental de \u00c1lava, Osakidetza, el Colegio de M\u00e9dicos de \u00c1lava y la Universidad de Deusto-, las ponencias contaron con discusores de primer nivel. Uno de ellos fue el doctor <b>I\u00f1aki Madariaga<\/b>, director de la <a href=\"..\/..\/eu\/psikiatria\/psikiatria-legaleko\/psikiatria-legaleko-unitatea.html\" target=\"_blank\" rel=\"noopener\">Unidad de Psiquiatr\u00eda Legal del Hospital Aita Menni<\/a>. Completaban este panel <b>\u00c1lvaro Mole\u00f3n<\/b>, psiquiatra especialista en Psiquiatr\u00eda Cl\u00ednica y Forense, y <b>Alfredo Calcedo<\/b>, psiquiatra, miembro de la Sociedad Espa\u00f1ola de Psiquiatr\u00eda Legal y profesor titular de Psiquiatr\u00eda de la Universidad Complutense de Madrid.<\/p>\n<p><img decoding=\"async\" src=\"https:\/\/www.ospitalarioakfundazioaeuskadi.org\/wp-content\/uploads\/2021\/10\/screenshot_20210512-202603_chrome-0-1.jpg\" alt=\"\" title=\"\"><\/p>\n<p>Los trastornos mentales en prisi\u00f3n son muy prevalentes y cada vez es mayor la poblaci\u00f3n reclusa que sufre patolog\u00edas psiqui\u00e1tricas.\u00a0Durante esta jornada, que tuvo lugar de manera virtual, se dio a conocer la situaci\u00f3n de los dispositivos de asistencia psiqui\u00e1trica en Euskadi y en el resto de las Comunidades Aut\u00f3nomas. Para ello, cont\u00f3 con los ejemplos de experiencias diversas a trav\u00e9s de los servicios que est\u00e1n ofreciendo las respuestas m\u00e1s ambiciosas.<\/p>\n<p>El doctor <b>I\u00f1aki Madariaga<\/b>\u00a0expuso su opini\u00f3n tras las ponencias como uno de los mayores expertos en psiquiatr\u00eda penitenciaria por su experiencia como alma mater y\u00a0director de\u00a0<a href=\"nuestra-unidad-psiquiatria-legal-sigue-14227.html\">nuestra Unidad de Psiquiatr\u00eda Legal<\/a>. Recordamos que Hermanas Hospitalarias Aita Menni inaugur\u00f3 la Unidad de Psiquiatr\u00eda Legal de Mondrag\u00f3n a finales de 2013,\u00a0con el convencimiento de que el entorno carcelario\u00a0no es el m\u00e1s apropiado para las personas que han cometido un delito debido a su enfermedad mental.<\/p>\n<p><img decoding=\"async\" src=\"https:\/\/www.ospitalarioakfundazioaeuskadi.org\/wp-content\/uploads\/2021\/10\/unidad-psiquiatria-legal1-1-1.jpg\" alt=\"\" title=\"\"><\/p>\n<p>Los directores de la jornada, el doctor <b>Edorta Elizag\u00e1rate<\/b> y el\u00a0catedr\u00e1tico\u00a0<b>Miguel Guti\u00e9rrez<\/b>, subrayaron que los trastornos mentales en prisi\u00f3n son muy prevalentes. <i>\u201cHay cada vez m\u00e1s reclusos con patolog\u00edas psiqui\u00e1tricas que permanecen encarcelados y que generan necesidades de evaluaci\u00f3n, diagn\u00f3stico, tratamiento y cuidados, y que a veces desbordan las capacidades de los dispositivos sanitarios emplazados en los propios centros penitenciarios\u00bb<\/i>, declararon.<\/p>\n<\/div>\n","protected":false},"excerpt":{"rendered":"<div class=\"entry-summary\">\nPor su experiencia como responsable de nuestra pionera Unidad de atenci\u00f3n a personas que debido a su enfermedad mental han cometido un delito, el doctor Madariaga expuso su punto de vista tras las ponencias. Hermanas Hospitalarias Aita Menni inaugur\u00f3 la Unidad de Psiquiatr\u00eda Legal de Mondrag\u00f3n a finales de 2013, con el convencimiento de que el entorno carcelario no es el m\u00e1s apropiado para quienes han realizado una acci\u00f3n punible a causa de un trastorno psiqui\u00e1trico.\n<\/div>\n<div class=\"link-more\"><a href=\"https:\/\/ospitalarioakfundazioaeuskadi.org\/es\/director-nuestra-unidad-psiquiatria-legal-14348\/\" class=\"more-link\">Seguir leyendo<span class=\"screen-reader-text\"> &ldquo;El director de nuestra Unidad de Psiquiatr\u00eda Legal, discusor en la  jornada &#8216;La psiquiatr\u00eda en el medio penitenciario&#8217;&rdquo;<\/span>&hellip;<\/a><\/div>\n","protected":false},"author":1,"featured_media":26830,"comment_status":"closed","ping_status":"closed","sticky":false,"template":"","format":"standard","meta":{"footnotes":""},"categories":[646,1036,1045],"tags":[],"linea-asistencial":[979],"class_list":["post-31981","post","type-post","status-publish","format-standard","has-post-thumbnail","hentry","category-aita-menni","category-conocimiento","category-psiquiatria-legal","linea-asistencial-1-salud-mental","entry"],"_links":{"self":[{"href":"https:\/\/ospitalarioakfundazioaeuskadi.org\/es\/wp-json\/wp\/v2\/posts\/31981","targetHints":{"allow":["GET"]}}],"collection":[{"href":"https:\/\/ospitalarioakfundazioaeuskadi.org\/es\/wp-json\/wp\/v2\/posts"}],"about":[{"href":"https:\/\/ospitalarioakfundazioaeuskadi.org\/es\/wp-json\/wp\/v2\/types\/post"}],"author":[{"embeddable":true,"href":"https:\/\/ospitalarioakfundazioaeuskadi.org\/es\/wp-json\/wp\/v2\/users\/1"}],"replies":[{"embeddable":true,"href":"https:\/\/ospitalarioakfundazioaeuskadi.org\/es\/wp-json\/wp\/v2\/comments?post=31981"}],"version-history":[{"count":2,"href":"https:\/\/ospitalarioakfundazioaeuskadi.org\/es\/wp-json\/wp\/v2\/posts\/31981\/revisions"}],"predecessor-version":[{"id":43813,"href":"https:\/\/ospitalarioakfundazioaeuskadi.org\/es\/wp-json\/wp\/v2\/posts\/31981\/revisions\/43813"}],"wp:featuredmedia":[{"embeddable":true,"href":"https:\/\/ospitalarioakfundazioaeuskadi.org\/es\/wp-json\/wp\/v2\/media\/26830"}],"wp:attachment":[{"href":"https:\/\/ospitalarioakfundazioaeuskadi.org\/es\/wp-json\/wp\/v2\/media?parent=31981"}],"wp:term":[{"taxonomy":"category","embeddable":true,"href":"https:\/\/ospitalarioakfundazioaeuskadi.org\/es\/wp-json\/wp\/v2\/categories?post=31981"},{"taxonomy":"post_tag","embeddable":true,"href":"https:\/\/ospitalarioakfundazioaeuskadi.org\/es\/wp-json\/wp\/v2\/tags?post=31981"},{"taxonomy":"linea-asistencial","embeddable":true,"href":"https:\/\/ospitalarioakfundazioaeuskadi.org\/es\/wp-json\/wp\/v2\/linea-asistencial?post=31981"}],"curies":[{"name":"wp","href":"https:\/\/api.w.org\/{rel}","templated":true}]}}