{"id":32032,"date":"2021-02-17T00:00:00","date_gmt":"2021-02-17T00:00:00","guid":{"rendered":"http:\/\/194.35.43.170\/~aitamenninueva\/divertidos-emojis-protagonizan-carnaval-aita-14206\/"},"modified":"2022-10-25T11:41:14","modified_gmt":"2022-10-25T11:41:14","slug":"divertidos-emojis-protagonizan-carnaval-aita-14206","status":"publish","type":"post","link":"https:\/\/ospitalarioakfundazioaeuskadi.org\/es\/divertidos-emojis-protagonizan-carnaval-aita-14206\/","title":{"rendered":"Divertidos emojis protagonizan el Carnaval Aita Menni 2021"},"content":{"rendered":"<div class=\"texto wysiwyg\">\n<p><p class=\"caja-sombra\">Al mal tiempo, buena cara. Y a la pandemia, \u00a1caritas divertidas! En el Hospital Aita Menni plantamos cara a la Covid-19 celebrando el Carnaval 2021 como se merece. Hemos trabajado al igual que siempre en la confecci\u00f3n de nuestros disfraces de Carnaval y hemos disfrutado luci\u00e9ndolos en todas las \u00e1reas. Eso s\u00ed, con todas las medidas de seguridad para hacer frente al coronavirus.<\/p>\n<p>Debido a las actuales circunstancias derivadas de la pandemia, el Hospital Aita Menni est\u00e1 sectorizado. Esto significa que cada Unidad ha organizado su propia fiesta, si bien la tem\u00e1tica ha sido conjunta: los emoticonos o emojis que acompa\u00f1an a nuestros mensajes electr\u00f3nicos.\u00a0<\/p>\n<p>Como es tradici\u00f3n, durante semanas nuestras monitoras han promovido desde distintos talleres de manualidades el dise\u00f1o y la confecci\u00f3n de los disfraces. Pacientes y profesionales han volcado todo su arte y creatividad; el resultado queda a la vista en las fotos. <i>\u201cLos disfraces quedaron muy muy bonitos, y muy originales tambi\u00e9n, porque representan a los emoticonos del whatsapp pero tambi\u00e9n hay otros que se han inventados ellos\u201d<\/i>, nos cuenta la psic\u00f3loga\u00a0<b>Amaia Bulumburu<\/b>. <i>\u201c\u00bfY por qu\u00e9 emoticonos?, porque nos parece importante la expresi\u00f3n de emociones, sobre todo ahora en \u00e9poca de pandemia\u201d<\/i>, a\u00f1ade la coordinadora del Servicio de Rehabilitaci\u00f3n y Dinamizaci\u00f3n Social.<\/p>\n<p><img decoding=\"async\" src=\"https:\/\/www.ospitalarioakfundazioaeuskadi.org\/wp-content\/uploads\/2021\/10\/collage_carnaval-aita-menni-2021-0-1.jpg\" alt=\"\" title=\"\"><\/p>\n<p>M\u00fasica y coreograf\u00edas en patios y todas las \u00e1reas, karaoke, campeonatos de juegos de mesa\u2026 Cada Unidad ha celebrado a su manera este Carnaval, en el que sonrisas e ilusi\u00f3n han sido protagonistas. El hecho de disfrazarse en s\u00ed mismo, la puesta en escena, llena de fantas\u00eda, ritmo y color, contagia alegr\u00eda a personas asistidas y colaboradores, algo tan necesario en esta situaci\u00f3n provocada por la pandemia. <\/p>\n<p><b>El equipo de monitoras ha realizado una labor estupenda, ha conseguido movilizar a todos los pacientes y alegrarnos a todos este d\u00eda<\/b> que normalmente es especial fuera del hospital, aunque este a\u00f1o no se ha podido celebrar. Todos se lo pasaron genial y disfrutaron un mont\u00f3n tambi\u00e9n de la t\u00edpica chocolatada con bizcochos. Una celebraci\u00f3n, pr\u00f3xima a la \u2018normalidad\u2019, que todos los pacientes agradecieron much\u00edsimo, gracias a que en el centro podemos mantener la sectorizaci\u00f3n.<\/p>\n<p><img decoding=\"async\" src=\"https:\/\/www.ospitalarioakfundazioaeuskadi.org\/wp-content\/uploads\/2021\/10\/collage2_carnaval-aita-menni-2021-XxXx80-0-1.jpg\" alt=\"\" title=\"\"> <\/div>\n","protected":false},"excerpt":{"rendered":"<div class=\"entry-summary\">\nAunque de forma un poco diferente, tambi\u00e9n este 2021 hemos celebrado los carnavales. Un a\u00f1o m\u00e1s, el momento estrella fue la tarde del Martes de Carnaval. Elegimos los emoticonos como tem\u00e1tica para recordar la importancia de expresar las emociones.\n<\/div>\n<div class=\"link-more\"><a href=\"https:\/\/ospitalarioakfundazioaeuskadi.org\/es\/divertidos-emojis-protagonizan-carnaval-aita-14206\/\" class=\"more-link\">Seguir leyendo<span class=\"screen-reader-text\"> &ldquo;Divertidos emojis protagonizan el Carnaval Aita Menni 2021&rdquo;<\/span>&hellip;<\/a><\/div>\n","protected":false},"author":1,"featured_media":26747,"comment_status":"closed","ping_status":"closed","sticky":false,"template":"","format":"standard","meta":{"footnotes":""},"categories":[1008],"tags":[],"linea-asistencial":[982,979],"class_list":["post-32032","post","type-post","status-publish","format-standard","has-post-thumbnail","hentry","category-hospital-aita-menni","linea-asistencial-2-discapacidad-intelectual","linea-asistencial-1-salud-mental","entry"],"_links":{"self":[{"href":"https:\/\/ospitalarioakfundazioaeuskadi.org\/es\/wp-json\/wp\/v2\/posts\/32032","targetHints":{"allow":["GET"]}}],"collection":[{"href":"https:\/\/ospitalarioakfundazioaeuskadi.org\/es\/wp-json\/wp\/v2\/posts"}],"about":[{"href":"https:\/\/ospitalarioakfundazioaeuskadi.org\/es\/wp-json\/wp\/v2\/types\/post"}],"author":[{"embeddable":true,"href":"https:\/\/ospitalarioakfundazioaeuskadi.org\/es\/wp-json\/wp\/v2\/users\/1"}],"replies":[{"embeddable":true,"href":"https:\/\/ospitalarioakfundazioaeuskadi.org\/es\/wp-json\/wp\/v2\/comments?post=32032"}],"version-history":[{"count":1,"href":"https:\/\/ospitalarioakfundazioaeuskadi.org\/es\/wp-json\/wp\/v2\/posts\/32032\/revisions"}],"predecessor-version":[{"id":42323,"href":"https:\/\/ospitalarioakfundazioaeuskadi.org\/es\/wp-json\/wp\/v2\/posts\/32032\/revisions\/42323"}],"wp:featuredmedia":[{"embeddable":true,"href":"https:\/\/ospitalarioakfundazioaeuskadi.org\/es\/wp-json\/wp\/v2\/media\/26747"}],"wp:attachment":[{"href":"https:\/\/ospitalarioakfundazioaeuskadi.org\/es\/wp-json\/wp\/v2\/media?parent=32032"}],"wp:term":[{"taxonomy":"category","embeddable":true,"href":"https:\/\/ospitalarioakfundazioaeuskadi.org\/es\/wp-json\/wp\/v2\/categories?post=32032"},{"taxonomy":"post_tag","embeddable":true,"href":"https:\/\/ospitalarioakfundazioaeuskadi.org\/es\/wp-json\/wp\/v2\/tags?post=32032"},{"taxonomy":"linea-asistencial","embeddable":true,"href":"https:\/\/ospitalarioakfundazioaeuskadi.org\/es\/wp-json\/wp\/v2\/linea-asistencial?post=32032"}],"curies":[{"name":"wp","href":"https:\/\/api.w.org\/{rel}","templated":true}]}}