{"id":32131,"date":"2009-10-08T00:00:00","date_gmt":"2009-10-08T00:00:00","guid":{"rendered":"http:\/\/194.35.43.170\/~aitamenninueva\/equipo-profesionales-residencia-ancianos-egogain-7329\/"},"modified":"2022-10-25T13:54:46","modified_gmt":"2022-10-25T13:54:46","slug":"equipo-profesionales-residencia-ancianos-egogain-7329","status":"publish","type":"post","link":"https:\/\/ospitalarioakfundazioaeuskadi.org\/es\/equipo-profesionales-residencia-ancianos-egogain-7329\/","title":{"rendered":"Un equipo de profesionales de la Residencia de Ancianos Egogain de Eibar y representantes de INGEMA visitan la Residencia Aita Menni"},"content":{"rendered":"<div class=\"texto wysiwyg\">\n<p>Un equipo multidisciplinar de la Residencia Egogain compuesto por: m\u00e9dicos, trabajadoras sociales, psic\u00f3logos y enfermeras, as\u00ed como representantes de <a title=\"Acceso a la p\u00e1gina principal de \/www.ingema.es\" href=\"http:\/\/www.ingema.es\" rel=\"nofollow noopener\" target=\"_blank\">INGEMA<\/a>, realizaron una visita a nuestra residencia.&nbsp;\u00a0&nbsp;En el a\u00f1o 2000 Aita Menni concert\u00f3 35 plazas psicogeri\u00e1tricas con la Diputaci\u00f3n Foral de Gipuzkoa a nivel residencial. A partir de la nueva normativa de Unidades Psicogeri\u00e1tricas, a lo largo de 2008 se realizan las obras de acondicionamiento y en diciembre de ese mismo a\u00f1o, se trasladan los usuarios a lo que en la actualidad son las dos unidades psicogeri\u00e1tricas, RAM 1 y RAM 2, con 15 plazas cada una.&nbsp;\u00a0&nbsp;En esta visita, el equipo del RAM (Residencia Aita Menni) dio a conocer: el mapa de procesos, el PAI, la estructura documental as\u00ed como la gesti\u00f3n de la mejora. Posteriormente se realiz\u00f3 una visita a las instalaciones.&nbsp;\u00a0&nbsp;El equipo se mostr\u00f3 satisfecho con el encuentro y el equipo del RAM qued\u00f3 en devolverles la visita.<\/p>\n<\/div>\n","protected":false},"excerpt":{"rendered":"<div class=\"entry-summary\">\nUn equipo multidisciplinar de la Residencia Egogain compuesto por: m\u00e9dicos, trabajadoras sociales, psic\u00f3logos y enfermeras, as\u00ed como representantes de INGEMA, realizaron una visita a nuestra residencia.&nbsp;\u00a0&nbsp;En el a\u00f1o 2000 Aita Menni concert\u00f3 35 plazas psicogeri\u00e1tricas con la Diputaci\u00f3n Foral de&hellip;\n<\/div>\n<div class=\"link-more\"><a href=\"https:\/\/ospitalarioakfundazioaeuskadi.org\/es\/equipo-profesionales-residencia-ancianos-egogain-7329\/\" class=\"more-link\">Seguir leyendo<span class=\"screen-reader-text\"> &ldquo;Un equipo de profesionales de la Residencia de Ancianos Egogain de Eibar y representantes de INGEMA visitan la Residencia Aita Menni&rdquo;<\/span>&hellip;<\/a><\/div>\n","protected":false},"author":1,"featured_media":26964,"comment_status":"closed","ping_status":"closed","sticky":false,"template":"","format":"standard","meta":{"footnotes":""},"categories":[1],"tags":[],"linea-asistencial":[],"class_list":["post-32131","post","type-post","status-publish","format-standard","has-post-thumbnail","hentry","category-sin-categorizar","entry"],"_links":{"self":[{"href":"https:\/\/ospitalarioakfundazioaeuskadi.org\/es\/wp-json\/wp\/v2\/posts\/32131","targetHints":{"allow":["GET"]}}],"collection":[{"href":"https:\/\/ospitalarioakfundazioaeuskadi.org\/es\/wp-json\/wp\/v2\/posts"}],"about":[{"href":"https:\/\/ospitalarioakfundazioaeuskadi.org\/es\/wp-json\/wp\/v2\/types\/post"}],"author":[{"embeddable":true,"href":"https:\/\/ospitalarioakfundazioaeuskadi.org\/es\/wp-json\/wp\/v2\/users\/1"}],"replies":[{"embeddable":true,"href":"https:\/\/ospitalarioakfundazioaeuskadi.org\/es\/wp-json\/wp\/v2\/comments?post=32131"}],"version-history":[{"count":1,"href":"https:\/\/ospitalarioakfundazioaeuskadi.org\/es\/wp-json\/wp\/v2\/posts\/32131\/revisions"}],"predecessor-version":[{"id":53695,"href":"https:\/\/ospitalarioakfundazioaeuskadi.org\/es\/wp-json\/wp\/v2\/posts\/32131\/revisions\/53695"}],"wp:featuredmedia":[{"embeddable":true,"href":"https:\/\/ospitalarioakfundazioaeuskadi.org\/es\/wp-json\/wp\/v2\/media\/26964"}],"wp:attachment":[{"href":"https:\/\/ospitalarioakfundazioaeuskadi.org\/es\/wp-json\/wp\/v2\/media?parent=32131"}],"wp:term":[{"taxonomy":"category","embeddable":true,"href":"https:\/\/ospitalarioakfundazioaeuskadi.org\/es\/wp-json\/wp\/v2\/categories?post=32131"},{"taxonomy":"post_tag","embeddable":true,"href":"https:\/\/ospitalarioakfundazioaeuskadi.org\/es\/wp-json\/wp\/v2\/tags?post=32131"},{"taxonomy":"linea-asistencial","embeddable":true,"href":"https:\/\/ospitalarioakfundazioaeuskadi.org\/es\/wp-json\/wp\/v2\/linea-asistencial?post=32131"}],"curies":[{"name":"wp","href":"https:\/\/api.w.org\/{rel}","templated":true}]}}