{"id":32159,"date":"2016-10-05T00:00:00","date_gmt":"2016-10-05T00:00:00","guid":{"rendered":"http:\/\/194.35.43.170\/~aitamenninueva\/estancia-aranzazu-gracias-proyecto-social-10666\/"},"modified":"2022-10-25T13:49:54","modified_gmt":"2022-10-25T13:49:54","slug":"estancia-aranzazu-gracias-proyecto-social-10666","status":"publish","type":"post","link":"https:\/\/ospitalarioakfundazioaeuskadi.org\/es\/estancia-aranzazu-gracias-proyecto-social-10666\/","title":{"rendered":"Excursi\u00f3n a Arantzazu gracias al proyecto de Elkarrekin Bila"},"content":{"rendered":"<div class=\"texto wysiwyg\">\n<p>Estancia en el santuario: tres d\u00edas, dos noches. Un grupo compuesto por una veintena de pacientes del Hospital efectu\u00f3 la semana pasada una excursi\u00f3n a Ar\u00e1nzazu para participar en el proyecto <a href=\"http:\/\/arantzazu.org\/index.php\/es\/elkarrekin-bila\" target=\"_blank\" rel=\"noopener nofollow\">Elkarrekin Bila<\/a>. \u00a0Pernoctaron en la hospeder\u00eda de los monjes franciscanos y desde all\u00ed realizaron varias salidas cada d\u00eda. Una de ellas consisti\u00f3 en una visita guiada al caser\u00edo de Gomiztegi, donde pudieron ver c\u00f3mo elaboran los quesos. El paseo por O\u00f1ate incluy\u00f3 conocer los secretos del chocolate, la iglesia de Bidaurreta\u2026Dentro del programa, los integrantes del grupo Aita Menni tambi\u00e9n visitaron el parketxe Aizkorri- Aratz y las cuevas de Arrikrutz.<\/p>\n<p>Elkarrekin Bila es una iniciativa solidaria que impulsan los padres franciscanos de Ar\u00e1nzazu junto con un grupo de personas laicas. El objetivo es ofrecer a quienes tienen m\u00e1s dificultades en la vida (personas enfermas, con alguna adicci\u00f3n o discapacidad, menores&#8230;) una estancia en el santuario. Durante este tiempo se les ofrecen oportunidades de ocio y, a la vez, una formaci\u00f3n. Sac\u00e1ndoles de su cotidianidad, el proyecto Elkarrekin Bila les hace ver otra forma de vida, \u201cpara que crezcan como personas y, con una confianza interior renovada, vean caminos y posibilidades de enfrentarse a las dificultades que sufren\u201d. <\/p>\n<p>Desde Aita Menni queremos agradecer a los padres franciscanos que nos hayan ofrecido la posibilidad de participar en este bonito proyecto de dimensi\u00f3n social.<\/p>\n<p><img decoding=\"async\" src=\"https:\/\/www.ospitalarioakfundazioaeuskadi.org\/wp-content\/uploads\/2021\/10\/aranzazu2-0-1.jpg\" alt=\"\" title=\"\"><\/p><\/div>\n","protected":false},"excerpt":{"rendered":"<div class=\"entry-summary\">\nUn grupo de 20 pacientes del Hospital Aita Menni disfrut\u00f3 de tres d\u00edas en la hospeder\u00eda de los monjes franciscanos.\n<\/div>\n<div class=\"link-more\"><a href=\"https:\/\/ospitalarioakfundazioaeuskadi.org\/es\/estancia-aranzazu-gracias-proyecto-social-10666\/\" class=\"more-link\">Seguir leyendo<span class=\"screen-reader-text\"> &ldquo;Excursi\u00f3n a Arantzazu gracias al proyecto de Elkarrekin Bila&rdquo;<\/span>&hellip;<\/a><\/div>\n","protected":false},"author":1,"featured_media":24930,"comment_status":"closed","ping_status":"closed","sticky":false,"template":"","format":"standard","meta":{"footnotes":""},"categories":[1],"tags":[],"linea-asistencial":[],"class_list":["post-32159","post","type-post","status-publish","format-standard","has-post-thumbnail","hentry","category-sin-categorizar","entry"],"_links":{"self":[{"href":"https:\/\/ospitalarioakfundazioaeuskadi.org\/es\/wp-json\/wp\/v2\/posts\/32159","targetHints":{"allow":["GET"]}}],"collection":[{"href":"https:\/\/ospitalarioakfundazioaeuskadi.org\/es\/wp-json\/wp\/v2\/posts"}],"about":[{"href":"https:\/\/ospitalarioakfundazioaeuskadi.org\/es\/wp-json\/wp\/v2\/types\/post"}],"author":[{"embeddable":true,"href":"https:\/\/ospitalarioakfundazioaeuskadi.org\/es\/wp-json\/wp\/v2\/users\/1"}],"replies":[{"embeddable":true,"href":"https:\/\/ospitalarioakfundazioaeuskadi.org\/es\/wp-json\/wp\/v2\/comments?post=32159"}],"version-history":[{"count":1,"href":"https:\/\/ospitalarioakfundazioaeuskadi.org\/es\/wp-json\/wp\/v2\/posts\/32159\/revisions"}],"predecessor-version":[{"id":53526,"href":"https:\/\/ospitalarioakfundazioaeuskadi.org\/es\/wp-json\/wp\/v2\/posts\/32159\/revisions\/53526"}],"wp:featuredmedia":[{"embeddable":true,"href":"https:\/\/ospitalarioakfundazioaeuskadi.org\/es\/wp-json\/wp\/v2\/media\/24930"}],"wp:attachment":[{"href":"https:\/\/ospitalarioakfundazioaeuskadi.org\/es\/wp-json\/wp\/v2\/media?parent=32159"}],"wp:term":[{"taxonomy":"category","embeddable":true,"href":"https:\/\/ospitalarioakfundazioaeuskadi.org\/es\/wp-json\/wp\/v2\/categories?post=32159"},{"taxonomy":"post_tag","embeddable":true,"href":"https:\/\/ospitalarioakfundazioaeuskadi.org\/es\/wp-json\/wp\/v2\/tags?post=32159"},{"taxonomy":"linea-asistencial","embeddable":true,"href":"https:\/\/ospitalarioakfundazioaeuskadi.org\/es\/wp-json\/wp\/v2\/linea-asistencial?post=32159"}],"curies":[{"name":"wp","href":"https:\/\/api.w.org\/{rel}","templated":true}]}}