{"id":32175,"date":"2018-02-15T00:00:00","date_gmt":"2018-02-15T00:00:00","guid":{"rendered":"http:\/\/194.35.43.170\/~aitamenninueva\/estimulacion-multisensorial-como-intervencion-personas-11869\/"},"modified":"2022-11-26T17:23:58","modified_gmt":"2022-11-26T17:23:58","slug":"estimulacion-multisensorial-como-intervencion-personas-11869","status":"publish","type":"post","link":"https:\/\/ospitalarioakfundazioaeuskadi.org\/es\/estimulacion-multisensorial-como-intervencion-personas-11869\/","title":{"rendered":"La estimulaci\u00f3n multisensorial como intervenci\u00f3n en personas con demencia y alteraciones de conducta"},"content":{"rendered":"<div class=\"texto wysiwyg\">\n<p>La experiencia en la\u00a0<a href=\"https:\/\/ospitalarioakfundazioaeuskadi.org\/es\/centro\/residencia-mayores-bilbao-txurdinagabarri\/\" target=\"_blank\" rel=\"noopener\">Residencia de Personas Mayores Txurdinagabarri<\/a>\u00a0ha ayudado al Hospital Aita Menni a conocer mejor las t\u00e9cnicas de estimulaci\u00f3n multisensorial y sus resultados en personas con demencia avanzada y personas con alteraciones de la conducta.<\/p>\n<p>La sesi\u00f3n cl\u00ednica del mes de febrero se dedic\u00f3\u00a0de manera monogr\u00e1fica a la tambi\u00e9n llamada estimulaci\u00f3n neurosensorial.\u00a0Profesionales de distintas \u00e1reas\u00a0del centro\u00a0acudieron al aula docente, para escuchar, en primer lugar, la introducci\u00f3n de nuestro\u00a0responsable del departamento de Psicolog\u00eda.<\/p>\n<p>La estimulaci\u00f3n sensorial a nivel b\u00e1sico es el fundamento, al igual que sucede en musicoterapia, terapia asistida con animales y otras terapias.\u00a0<b>Jos\u00e9 A. Ezquerra<\/b> explic\u00f3 que trabajar la multisensorialidad es habitual -ya que las sensaciones del entorno\u00a0natural\u00a0afectan a m\u00e1s de un sentido- y se hac\u00eda en la antig\u00fcedad, pero que las t\u00e9cnicas de estimulaci\u00f3n multisensorial\u00a0comenzaron\u00a0hace unas d\u00e9cadas\u00a0a generalizarse en los Pa\u00edses Bajos. Desde all\u00ed se fueron extendiendo las salas \u00absnoezelen\u00bb, donde se trabajan los cinco sentidos. El t\u00e9rmino proviene de dos palabras holandesas de dif\u00edcil\u00a0traducci\u00f3n, y podr\u00eda describir un modo de <i>\u00abimpregnarse de sensaciones para so\u00f1ar\u00bb<\/i>. <b>Ezquerra<\/b>\u00a0se\u00f1al\u00f3 tambi\u00e9n que existe poca literatura al respecto y que la mayor\u00eda de los art\u00edculos se han publicado en los \u00faltimos cinco a\u00f1os. <i>\u00abLos estudios, aunque no ofrecen resultados concluyentes, dada la gran dificultad a la hora de sistematizar las respuestas emocionales, apuntan una disminuci\u00f3n de alteraciones en el comportamiento y una reducci\u00f3n de la ansiedad\u00bb,<\/i> destac\u00f3.<\/p>\n<p><img decoding=\"async\" src=\"https:\/\/www.ospitalarioakfundazioaeuskadi.org\/wp-content\/uploads\/2021\/10\/estimulacion-multisensorial2-0-1.jpg\" alt=\"\" title=\"\"><\/p>\n<h2>La experiencia con mayores en la Residencia Txurdinagabarri<\/h2>\n<p>Hoy d\u00eda, la tecnolog\u00eda de la portabilidad hace posible la intervenci\u00f3n sin siquiera disponer de una sala\u00a0snoezelen. <b>Ainara Ant\u00f3n <\/b>es la monitora con mayor experiencia en estimulaci\u00f3n multisensorial de Txurdinagabarri. Las sesiones pueden realizarse en la misma habitaci\u00f3n de la persona mayor. All\u00ed o a cualquier salase traslada con un carro de estimulaci\u00f3n multisensorial que se compone de elementos visuales (tubos de colores, luces led, proyector de im\u00e1genes), sonoros (m\u00fasica), t\u00e1ctiles (filamentos de vibraci\u00f3n), adem\u00e1s de complementarse con distintos elementos que favorecen la estimulaci\u00f3n olfativa y ayudan a establecer una atm\u00f3sfera de estimulaci\u00f3n y relajaci\u00f3n.<\/p>\n<p>Hace dos a\u00f1os que en esta residencia de mayores gestionada por Aita Menni en Bilbao empezaron a trabajar la multisensorialidad, inicialmente en grupos peque\u00f1os, de 2 o 4 personas. La ma\u00f1ana se dedicaba a estimular a quienes presentaban deterioro\u00a0cognitivo severo pero con capacidad de respuesta, siempre primando a quienes menos visitas y menos contacto\u00a0ten\u00edan con la realidad. La tarde, a calmar personas con alteraciones de conducta. Pronto llegaron a la conclusi\u00f3n de que en sesiones individuales los resultados eran mucho mejores. Ahora las sesiones son personales y, en algunos casos, se est\u00e1 incorporando a la familia para que pueda participar y disfrutar de esa conexi\u00f3n tan distinta y profunda que suele producirse, suponiendo un nuevo punto de encuentro entre la persona con deterioro y su familiar.\u00a0.<\/p>\n<h2>En peque\u00f1as respuestas\u00a0est\u00e1 lo grande<\/h2>\n<p>A veces las familias tienen un poco de miedo de interactuar a otro nivel, que no es el verbal, <i>\u00abpero es muy profundo. Es inexplicable la complicidad que se puede generar\u00bb<\/i>, asegura la monitora. Y enseguida se ven los beneficios. El psic\u00f3logo cl\u00ednico <b>Jos\u00e9 Ezquerra<\/b> subraya que para alguien que lleva tiempo sin ver reaccionar a su familiar ver c\u00f3mo lo hace ante esta terapia es un elemento muy potente.<\/p>\n<p><i>Con esta atenci\u00f3n plena, \u00aben algunas personas se observa un gran avance despu\u00e9s\u00a0de las primeras sesiones. De &#8216;no hacer nada&#8217; pueden pasar a sonre\u00edr, a decir monos\u00edlabos, repetir palabras, hacer gestos&#8230; Y es aqu\u00ed, en las peque\u00f1as respuestas donde est\u00e1 lo grande\u00bb, subraya\u00a0<\/i><b>Ainara Ant\u00f3n<\/b><i>.<\/i> M\u00fasica, objetos, como hojas o pi\u00f1as para oler y estimular el tacto con distintas texturas. As\u00ed\u00a0expone la que ser\u00eda una manera de evocar el oto\u00f1o. Contando con detalle dos ejemplos sobre c\u00f3mo ha ido la terapia con un hombre y una mujer de la residencia, intenta describir la complicidad que se siente al provocar una sonrisa, una mirada o un cambio en el tono muscular.<\/p>\n<h2>Construir entornos multisensoriales<\/h2>\n<p><img decoding=\"async\" class=\"w_img_derecha alignnone\" src=\"https:\/\/www.ospitalarioakfundazioaeuskadi.org\/wp-content\/uploads\/2021\/10\/estimulacion-multisensorial3-1-1.jpg\" alt=\"\" title=\"\"><\/p>\n<p>Para poder mostrar a los profesionales de Aita Menni c\u00f3mo se crean y manejan entornos multisensoriales, <b>Gil Barrero<\/b>, asesor de la zona norte de BJ Adaptaciones, se acerc\u00f3 hasta nuestra sesi\u00f3n cl\u00ednica en Mondrag\u00f3n. La empresa que representa pone al servicio de la estimulaci\u00f3n multisensorial el mundo de la dom\u00f3tica. Una peque\u00f1a consola y algunos pulsadores pueden controlar luces, proyecciones, m\u00fasica, iluminaci\u00f3n perimetral, luces led, un ventilador, un coj\u00edn que vibra con distinta intensidad seg\u00fan el sonido y cualquier recurso el\u00e9ctrico que se nos pueda ocurrir. Con su ayuda podemos simular desde un amanecer frente al mar con el sonido de las olas y una cambiante iluminaci\u00f3n naranja hasta la experiencia de lanzarse en un paraca\u00eddas, con el sonido del viento y la sensaci\u00f3n del aire en la cara. El\u00a0software puede personalizarse para cada persona usuaria dependiendo de sus gustos e incluso trasladarse a un domicilio.<\/p>\n<h2>Dieta sensorial a medida<\/h2>\n<p>Un masaje, m\u00fasica, un olor&#8230; Mediante la estimulaci\u00f3n multisensorial se puede llegar a personas con grave\u00a0deterioro o severas dificultades utilizando elementos muy b\u00e1sicos, que pueden prepararse seg\u00fan sus gustos, <i>\u00aba su medida\u00bb,<\/i> insisti\u00f3 <b>Gil Barrero<\/b>. De su exposici\u00f3n, adem\u00e1s del cat\u00e1logo tecnol\u00f3gico llam\u00f3 la atenci\u00f3n la &#8216;s<i>ala de la calma&#8217;<\/i>, un espacio que\u00a0combinando cromoterapia, musicoterapia y aromaterapia\u00a0ayuda a regular el nivel de activaci\u00f3n y facilita un estado de relajaci\u00f3n.<\/p>\n<p>Terapias como estas ofrecen bienestar a pacientes y personas mayores; adem\u00e1s,\u00a0mejoran la relaci\u00f3n entre las persona enfermas y quienes la cuidan.\u00a0<i>\u00abHay que intentarlo todo.\u00a0<\/i><i>Cualquier cosa menos caer en el nihilismo terap\u00e9utico\u00bb, <\/i>concluy\u00f3 nuestro responsable del Departamento de Psicolog\u00eda.<\/p>\n<\/div>\n","protected":false},"excerpt":{"rendered":"<div class=\"entry-summary\">\nProfesionales de distintas \u00e1reas del HAM profundizan en el conocimiento de la estimulaci\u00f3n de multisensorial. Con ayuda de distintos recursos, se intenta &#8216;despertar&#8217; los sentidos de la persona, mejorar su bienestar y su conexi\u00f3n con el mundo.\n<\/div>\n<div class=\"link-more\"><a href=\"https:\/\/ospitalarioakfundazioaeuskadi.org\/es\/estimulacion-multisensorial-como-intervencion-personas-11869\/\" class=\"more-link\">Seguir leyendo<span class=\"screen-reader-text\"> &ldquo;La estimulaci\u00f3n multisensorial como intervenci\u00f3n en personas con demencia y alteraciones de conducta&rdquo;<\/span>&hellip;<\/a><\/div>\n","protected":false},"author":1,"featured_media":25716,"comment_status":"closed","ping_status":"closed","sticky":false,"template":"","format":"standard","meta":{"footnotes":""},"categories":[1036],"tags":[],"linea-asistencial":[982,980,979],"class_list":["post-32175","post","type-post","status-publish","format-standard","has-post-thumbnail","hentry","category-conocimiento","linea-asistencial-2-discapacidad-intelectual","linea-asistencial-4-persona-mayor","linea-asistencial-1-salud-mental","entry"],"_links":{"self":[{"href":"https:\/\/ospitalarioakfundazioaeuskadi.org\/es\/wp-json\/wp\/v2\/posts\/32175","targetHints":{"allow":["GET"]}}],"collection":[{"href":"https:\/\/ospitalarioakfundazioaeuskadi.org\/es\/wp-json\/wp\/v2\/posts"}],"about":[{"href":"https:\/\/ospitalarioakfundazioaeuskadi.org\/es\/wp-json\/wp\/v2\/types\/post"}],"author":[{"embeddable":true,"href":"https:\/\/ospitalarioakfundazioaeuskadi.org\/es\/wp-json\/wp\/v2\/users\/1"}],"replies":[{"embeddable":true,"href":"https:\/\/ospitalarioakfundazioaeuskadi.org\/es\/wp-json\/wp\/v2\/comments?post=32175"}],"version-history":[{"count":3,"href":"https:\/\/ospitalarioakfundazioaeuskadi.org\/es\/wp-json\/wp\/v2\/posts\/32175\/revisions"}],"predecessor-version":[{"id":56330,"href":"https:\/\/ospitalarioakfundazioaeuskadi.org\/es\/wp-json\/wp\/v2\/posts\/32175\/revisions\/56330"}],"wp:featuredmedia":[{"embeddable":true,"href":"https:\/\/ospitalarioakfundazioaeuskadi.org\/es\/wp-json\/wp\/v2\/media\/25716"}],"wp:attachment":[{"href":"https:\/\/ospitalarioakfundazioaeuskadi.org\/es\/wp-json\/wp\/v2\/media?parent=32175"}],"wp:term":[{"taxonomy":"category","embeddable":true,"href":"https:\/\/ospitalarioakfundazioaeuskadi.org\/es\/wp-json\/wp\/v2\/categories?post=32175"},{"taxonomy":"post_tag","embeddable":true,"href":"https:\/\/ospitalarioakfundazioaeuskadi.org\/es\/wp-json\/wp\/v2\/tags?post=32175"},{"taxonomy":"linea-asistencial","embeddable":true,"href":"https:\/\/ospitalarioakfundazioaeuskadi.org\/es\/wp-json\/wp\/v2\/linea-asistencial?post=32175"}],"curies":[{"name":"wp","href":"https:\/\/api.w.org\/{rel}","templated":true}]}}