{"id":32187,"date":"2018-10-05T00:00:00","date_gmt":"2018-10-05T00:00:00","guid":{"rendered":"http:\/\/194.35.43.170\/~aitamenninueva\/estrenamos-zarena-gara-corto-contra-12365\/"},"modified":"2022-12-08T22:15:14","modified_gmt":"2022-12-08T22:15:14","slug":"estrenamos-zarena-gara-corto-contra-12365","status":"publish","type":"post","link":"https:\/\/ospitalarioakfundazioaeuskadi.org\/es\/estrenamos-zarena-gara-corto-contra-12365\/","title":{"rendered":"Estrenamos &#8216;Zarena gara&#8217;, un corto contra el estigma para celebrar el D\u00eda de la Salud Mental"},"content":{"rendered":"<div class=\"texto wysiwyg\">\n<p><div class=\"cookieconsent-optout-marketing\">\n<div class=\"alert alert-warning\">Este contenido est\u00e1 alojado en un proveedor externo. Si quieres verlo, debes <a href=\"javascript:Cookiebot.renew()\" style=\"cursor:pointer;text-decoration:underline;\">aceptar las cookies de la categor\u00eda \"Otras\"<\/a> en la Configuraci\u00f3n de Cookies.<\/div><\/div><iframe loading=\"lazy\" width=\"100%\" height=\"315\" src=\"https:\/\/www.youtube.com\/embed\/AKbD7VI5vyA\" frameborder=\"0\"><\/iframe><\/p>\n<p>El d\u00eda 10 de octubre, como cada a\u00f1o, se celebra el <a href=\"http:\/\/www.who.int\/mental_health\/world-mental-health-day\/2018\/es\/\" target=\"_blank\" rel=\"noopener nofollow\">D\u00eda de la Salud Mental<\/a>. El lema elegido por votaci\u00f3n popular para 2018 ha sido <i>\u2018Educaci\u00f3n inclusiva,\u00a0salud mental\u00a0positiva\u2019<\/i>. En esta l\u00ednea de <b>reivindicar una sociedad que apueste por los valores, que contemple la diversidad como algo bueno y trabaje por la inclusi\u00f3n para que se consiga una\u00a0salud mental m\u00e1s positiva<\/b>, <b>el Hospital Aita Menni quiere presentar \u2018Zarena Gara\u2019.\u00a0<\/b>Desde el optimismo, con un punto de vista muy positivo, quiere transmitir que\u00a0<b>los prejuicios son nuestra mayor barrera<\/b>.\u00a0<\/p>\n<p><b>Para estrenar este cortometraje hemos reservado la sala Jokin Zaitegi en el edificio Kulturate de Arrasate-Mondrag\u00f3n<\/b> (Azoka Kalea, 1). El acto est\u00e1 previsto a las 19:30 horas. Adem\u00e1s de ver la proyecci\u00f3n, varios de nuestros profesionales, entre ellos <b>Vicente Hueso<\/b>, responsable de los <a href=\"..\/psiquiatria\/centros-rehabilitacion-psicosocial\/index.html\" target=\"_blank\" rel=\"noopener\">Centros de Rehabilitaci\u00f3n Psicosocial<\/a>, hablar\u00e1n de la necesaria labor comunitaria en la lucha contra el estigma y de nuestro enfoque a la hora de abordar los trastornos mentales graves. Tambi\u00e9n participar\u00e1 en el coloquio el grupo de estudiantes y profesores que realiz\u00f3 el cortometraje.<\/p>\n<p>La pel\u00edcula\u00a0<\/p>\n<p><b>&#8216;Zarena Gara&#8217;<\/b>, en castellano &#8216;Somos lo que eres&#8217;, es nuestro primer proyecto de colaboraci\u00f3n con la\u00a0<a href=\"https:\/\/www.mondragon.edu\/es\/facultad-humanidades-ciencias-educacion\" rel=\"nofollow noopener\" target=\"_blank\">Facultad de Humanidades y Ciencias de la Educaci\u00f3n de Mondragon Unibertsitatea<\/a>. La pel\u00edcula, presentada en julio en el\u00a0Hospital Aita Menni,\u00a0forma parte del trabajo de fin de grado (TFG) del\u00a0<b>Grado en Comunicaci\u00f3n Audiovisual<\/b>\u00a0de:\u00a0<b>Saioa Murua<\/b>\u00a0y\u00a0<b>Jon G\u00e1rate<\/b>, como guionistas, e\u00a0<b>Iratz Urkizu,\u00a0<\/b>c\u00e1mara. La direcci\u00f3n ha corrido a cargo de\u00a0<b>Idoia Astigarraga<\/b>, tutora del proyecto, y\u00a0<b>Aitor Zuberogoitia<\/b>, coordinador del TFG.\u00a0<\/p>\n<p>Tras unas semanas de \u2018inmersi\u00f3n\u2019 conociendo a diferentes personas que padecen una \u00a0enfermedad mental grave, este grupo de estudiantes concluy\u00f3 que es necesario transmitir a la sociedad que las personas con enfermedad mental son capaces de desarrollar una vida similar a otras personas que padecen otro tipo de enfermedades y que, del mismo modo, necesitan apoyos espec\u00edficos para conseguirlo.<\/p>\n<p><div class=\"cookieconsent-optout-marketing\">\n<div class=\"alert alert-warning\">Este contenido est\u00e1 alojado en un proveedor externo. Si quieres verlo, debes <a href=\"javascript:Cookiebot.renew()\" style=\"cursor:pointer;text-decoration:underline;\">aceptar las cookies de la categor\u00eda \"Otras\"<\/a> en la Configuraci\u00f3n de Cookies.<\/div><\/div><iframe loading=\"lazy\" width=\"100%\" height=\"315\" src=\"https:\/\/www.youtube.com\/embed\/9gpgdJ8qmeM\" frameborder=\"0\"><\/iframe><\/p>\n<p>Frecuentemente, las personas con trastorno mental severo se enfrentan con la reacci\u00f3n del miedo y prejuicio de los dem\u00e1s, que suele basarse en una concepci\u00f3n distorsionada de lo que supone padecer un trastorno mental. La estigmatizaci\u00f3n aumenta el sufrimiento personal y la exclusi\u00f3n social, impide el acceso a la vivienda y el empleo, e incluso puede condicionar que la persona afectada por la enfermedad reh\u00fase la b\u00fasqueda de apoyo para evitar ser etiquetada socialmente.<\/p>\n<p>Los autores del cortometraje est\u00e1n satisfechos con el resultado final porque este proyecto \u00ab<i>les ha ofrecido la oportunidad crecer personalmente adem\u00e1s de contribuir en la lucha contra el estigma\u201d.<\/i><\/p>\n<p><b>\u201cD<\/b><b>ebemos evitar que\u00a0las personas con enfermedad mental pierdan derechos y oportunidades\u00bb<\/b><\/p><\/div>\n","protected":false},"excerpt":{"rendered":"<div class=\"entry-summary\">\nLa pel\u00edcula retrata la enfermedad mental como una de tantas dolencias. Realizada en colaboraci\u00f3n con Mondragon Unibersitatea, est\u00e1 dirigida a quienes piensan todav\u00eda que las personas que padecen una enfermedad mental no son capaces de desarrollar una vida plena y aut\u00f3noma.\n<\/div>\n<div class=\"link-more\"><a href=\"https:\/\/ospitalarioakfundazioaeuskadi.org\/es\/estrenamos-zarena-gara-corto-contra-12365\/\" class=\"more-link\">Seguir leyendo<span class=\"screen-reader-text\"> &ldquo;Estrenamos &#8216;Zarena gara&#8217;, un corto contra el estigma para celebrar el D\u00eda de la Salud Mental&rdquo;<\/span>&hellip;<\/a><\/div>\n","protected":false},"author":1,"featured_media":0,"comment_status":"closed","ping_status":"closed","sticky":false,"template":"","format":"standard","meta":{"footnotes":""},"categories":[646],"tags":[],"linea-asistencial":[],"class_list":["post-32187","post","type-post","status-publish","format-standard","hentry","category-aita-menni","entry"],"_links":{"self":[{"href":"https:\/\/ospitalarioakfundazioaeuskadi.org\/es\/wp-json\/wp\/v2\/posts\/32187","targetHints":{"allow":["GET"]}}],"collection":[{"href":"https:\/\/ospitalarioakfundazioaeuskadi.org\/es\/wp-json\/wp\/v2\/posts"}],"about":[{"href":"https:\/\/ospitalarioakfundazioaeuskadi.org\/es\/wp-json\/wp\/v2\/types\/post"}],"author":[{"embeddable":true,"href":"https:\/\/ospitalarioakfundazioaeuskadi.org\/es\/wp-json\/wp\/v2\/users\/1"}],"replies":[{"embeddable":true,"href":"https:\/\/ospitalarioakfundazioaeuskadi.org\/es\/wp-json\/wp\/v2\/comments?post=32187"}],"version-history":[{"count":1,"href":"https:\/\/ospitalarioakfundazioaeuskadi.org\/es\/wp-json\/wp\/v2\/posts\/32187\/revisions"}],"predecessor-version":[{"id":53380,"href":"https:\/\/ospitalarioakfundazioaeuskadi.org\/es\/wp-json\/wp\/v2\/posts\/32187\/revisions\/53380"}],"wp:attachment":[{"href":"https:\/\/ospitalarioakfundazioaeuskadi.org\/es\/wp-json\/wp\/v2\/media?parent=32187"}],"wp:term":[{"taxonomy":"category","embeddable":true,"href":"https:\/\/ospitalarioakfundazioaeuskadi.org\/es\/wp-json\/wp\/v2\/categories?post=32187"},{"taxonomy":"post_tag","embeddable":true,"href":"https:\/\/ospitalarioakfundazioaeuskadi.org\/es\/wp-json\/wp\/v2\/tags?post=32187"},{"taxonomy":"linea-asistencial","embeddable":true,"href":"https:\/\/ospitalarioakfundazioaeuskadi.org\/es\/wp-json\/wp\/v2\/linea-asistencial?post=32187"}],"curies":[{"name":"wp","href":"https:\/\/api.w.org\/{rel}","templated":true}]}}