{"id":32188,"date":"2016-11-17T00:00:00","date_gmt":"2016-11-17T00:00:00","guid":{"rendered":"http:\/\/194.35.43.170\/~aitamenninueva\/estudiantes-cruz-roja-visitan-crps-10786\/"},"modified":"2022-10-25T13:49:47","modified_gmt":"2022-10-25T13:49:47","slug":"estudiantes-cruz-roja-visitan-crps-10786","status":"publish","type":"post","link":"https:\/\/ospitalarioakfundazioaeuskadi.org\/es\/estudiantes-cruz-roja-visitan-crps-10786\/","title":{"rendered":"Estudiantes de Cruz Roja visitan el CRPS de Beasain para conocer la enfermedad mental"},"content":{"rendered":"<div class=\"texto wysiwyg\">\n<p>Ya es el <strong>quinto curso de Cruz Roja que nos vista<\/strong>. El d\u00eda 10 de noviembre, por quinto a\u00f1o consecutivo y con el objetivo de <strong>conocer mejor la enfermedad mental<\/strong>, un grupo de personas participantes en los cursos de formaci\u00f3n de la Asamblea de Cruz Roja en el Goierri se acerc\u00f3 al Centro de Rehabilitaci\u00f3n Psicosocial de Beasain.<\/p>\n<p><strong>Vicente Hueso<\/strong>, coordinador y responsable de los dispositivos comunitarios del Hospital Aita Menni, se encarg\u00f3 de recibir al grupo. Tras recordar a sus integrantes la <strong><a href=\"..\/psiquiatria\/index.html\" target=\"_blank\" rel=\"noopener\">trayectoria de nuestro hospital <\/a><\/strong>como centro especializado en la atenci\u00f3n a la enfermedad mental grave desde su fundaci\u00f3n,\u00a0<span>explic\u00f3 los diferentes recursos comunitarios existentes en Gipuzkoa.\u00a0<\/span><\/p>\n<p>Entre otros muchos datos de inter\u00e9s, el\u00a0psic\u00f3logo responsable del CRPS, abund\u00f3 sobre el <a href=\"aita-menni-reune-sebastian-profesionales-10657.html\" target=\"_blank\" rel=\"noopener\">modelo de intervenci\u00f3n actual <\/a>y la importancia que tiene establecer canales de coordinaci\u00f3n eficientes entre los diferentes agentes implicados, los objetivos y el proceso asistencial, el equipo terap\u00e9utico etc.\u00a0<\/p>\n<p>Alumnas y alumnos del curso, casi en su totalidad mujeres, conocieron el modelo del <strong>Plan de Atenci\u00f3n Individual (PAI)<\/strong> que utilizamos, as\u00ed como los diversos programas, y entendieron el proceso de la enfermedad mental grave visualizando\u00a0\u00ab<em>A veces la vida se nos complica de forma inesperada<\/em>\u00ab, el\u00a0<span>visual thinking que recientemente publicamos.<\/span><\/p>\n<div class=\"cookieconsent-optout-marketing\">\n<div class=\"alert alert-warning\">Este contenido est\u00e1 alojado en un proveedor externo. Si quieres verlo, debes <a href=\"javascript:Cookiebot.renew()\" style=\"cursor:pointer;text-decoration:underline;\">aceptar las cookies de la categor\u00eda \"Otras\"<\/a> en la Configuraci\u00f3n de Cookies.<\/div><\/div><iframe loading=\"lazy\" width=\"535\" height=\"301\" src=\"https:\/\/www.youtube.com\/embed\/wj3CKA4nzuA\" frameborder=\"0\"><\/iframe><\/p>\n<p><span><\/span><\/p>\n<p><span>La\u00a0sesi\u00f3n fue muy participativa y discurri\u00f3 en\u00a0<\/span>un ambiente distendido. Las alumnas no dejaron de preguntar y de compartir experiencias. En este contexto, las 17 personas que integraban el grupo, todas pertenecientes al curso de 30 horas \u201c<em>Animaci\u00f3n social para personas dependientes en instituciones<\/em>\u201d, calificaron de <strong>muy interesante la visita al CRPS<\/strong> y se mostraron muy interesadas en poder organizar otra sesi\u00f3n formativa en la que profundizar en la enfermedad mental.\u00a0<\/p>\n<p>D\u00edas despu\u00e9s de la visita, recibimos en el centro una <strong>carta de agradecimiento por el \u00ab<em>inmejorable trato recibido<\/em>\u00ab<\/strong>. \u00ab<span><em>Creemos que Vicente fue una de las razones por lo cual la visita fue agradable<\/em>\u00ab, dec\u00eda el texto, que tambi\u00e9n\u00a0<\/span><span>alud\u00eda expresamente a la amabilidad de nuestras monitoras. Antes de terminar con un efusivo \u00a1gracias!, respecto\u00a0al CRPS, dec\u00eda: \u00ab<\/span><span style=\"background-color: rgb(255, 255, 255); text-align: justify;\"><em>Es una casa hecha un centro de d\u00eda.Tambi\u00e9n nos llam\u00f3 la atenci\u00f3n el funcionamiento. Se organizan distintas actividades seg\u00fan las capacidades, ganas\u2026 de cada uno de los usuarios y vimos que tienen mucha din\u00e1mica fuera del centro de d\u00eda. <strong>Pero lo m\u00e1s impactante para nosotros, es la enfermedad de la esquizofrenia. El saber que cualquier persona puede llegar a padecer este duro trastorno mental\u00bb.\u00a0<\/strong><\/em><\/span><\/p><\/div>\n","protected":false},"excerpt":{"rendered":"<div class=\"entry-summary\">\nPor quinto a\u00f1o consecutivo, participantes en los cursos del Centro de Formaci\u00f3n de Cruz Roja se acercan a la enfermedad mentar visitando nuestro Centro de Rehabilitaci\u00f3n Psicosocial\n<\/div>\n<div class=\"link-more\"><a href=\"https:\/\/ospitalarioakfundazioaeuskadi.org\/es\/estudiantes-cruz-roja-visitan-crps-10786\/\" class=\"more-link\">Seguir leyendo<span class=\"screen-reader-text\"> &ldquo;Estudiantes de Cruz Roja visitan el CRPS de Beasain para conocer la enfermedad mental&rdquo;<\/span>&hellip;<\/a><\/div>\n","protected":false},"author":1,"featured_media":25036,"comment_status":"closed","ping_status":"closed","sticky":false,"template":"","format":"standard","meta":{"footnotes":""},"categories":[1],"tags":[],"linea-asistencial":[979],"class_list":["post-32188","post","type-post","status-publish","format-standard","has-post-thumbnail","hentry","category-sin-categorizar","linea-asistencial-1-salud-mental","entry"],"_links":{"self":[{"href":"https:\/\/ospitalarioakfundazioaeuskadi.org\/es\/wp-json\/wp\/v2\/posts\/32188","targetHints":{"allow":["GET"]}}],"collection":[{"href":"https:\/\/ospitalarioakfundazioaeuskadi.org\/es\/wp-json\/wp\/v2\/posts"}],"about":[{"href":"https:\/\/ospitalarioakfundazioaeuskadi.org\/es\/wp-json\/wp\/v2\/types\/post"}],"author":[{"embeddable":true,"href":"https:\/\/ospitalarioakfundazioaeuskadi.org\/es\/wp-json\/wp\/v2\/users\/1"}],"replies":[{"embeddable":true,"href":"https:\/\/ospitalarioakfundazioaeuskadi.org\/es\/wp-json\/wp\/v2\/comments?post=32188"}],"version-history":[{"count":1,"href":"https:\/\/ospitalarioakfundazioaeuskadi.org\/es\/wp-json\/wp\/v2\/posts\/32188\/revisions"}],"predecessor-version":[{"id":53514,"href":"https:\/\/ospitalarioakfundazioaeuskadi.org\/es\/wp-json\/wp\/v2\/posts\/32188\/revisions\/53514"}],"wp:featuredmedia":[{"embeddable":true,"href":"https:\/\/ospitalarioakfundazioaeuskadi.org\/es\/wp-json\/wp\/v2\/media\/25036"}],"wp:attachment":[{"href":"https:\/\/ospitalarioakfundazioaeuskadi.org\/es\/wp-json\/wp\/v2\/media?parent=32188"}],"wp:term":[{"taxonomy":"category","embeddable":true,"href":"https:\/\/ospitalarioakfundazioaeuskadi.org\/es\/wp-json\/wp\/v2\/categories?post=32188"},{"taxonomy":"post_tag","embeddable":true,"href":"https:\/\/ospitalarioakfundazioaeuskadi.org\/es\/wp-json\/wp\/v2\/tags?post=32188"},{"taxonomy":"linea-asistencial","embeddable":true,"href":"https:\/\/ospitalarioakfundazioaeuskadi.org\/es\/wp-json\/wp\/v2\/linea-asistencial?post=32188"}],"curies":[{"name":"wp","href":"https:\/\/api.w.org\/{rel}","templated":true}]}}