{"id":32213,"date":"2017-12-26T00:00:00","date_gmt":"2017-12-26T00:00:00","guid":{"rendered":"http:\/\/194.35.43.170\/~aitamenninueva\/eucaristia-navidad-coro-antzaran-11747\/"},"modified":"2022-12-08T22:35:29","modified_gmt":"2022-12-08T22:35:29","slug":"eucaristia-navidad-coro-antzaran-11747","status":"publish","type":"post","link":"https:\/\/ospitalarioakfundazioaeuskadi.org\/es\/eucaristia-navidad-coro-antzaran-11747\/","title":{"rendered":"Eucarist\u00eda de Navidad con el Coro Antzaran"},"content":{"rendered":"<div class=\"texto wysiwyg\">\n<p>Como cada a\u00f1o en torno a la Nochebuena, <b>el Hospital Aita Menni organiz\u00f3 una fiesta y nos cit\u00f3 para participar en la misa de\u00a0Navidad<\/b>. Los bancos de la iglesia grande, como siempre, estaban llenos, pero esta vez hab\u00eda una novedad: el <b>Coro Antzaran<\/b>, compuesto por las personas usuarias del <a href=\"..\/psiquiatria\/centros-rehabilitacion-psicosocial\/index.html\" target=\"_blank\" rel=\"noopener\">CRPS de Ir\u00fan<\/a>, iba a cantar.\u00a0<\/p>\n<p>En autob\u00fas lleg\u00f3 a Mondrag\u00f3n el CRPS en pleno. Nadie\u00a0quer\u00eda perderse el acontecimiento\u00a0para el que tanto tiempo hab\u00edan estado ensayando.\u00a0Tras vestirse de negro y ponerse el anagrama de las Hermanas Hospitalarias junto al coraz\u00f3n, la agrupaci\u00f3n musical accedi\u00f3 al coro para calentar las voces y repasar los momentos en de la eucarist\u00eda reservados para salmos y canciones. Hab\u00eda que coordinarse tambi\u00e9n con el\u00a0<b>Coro de Gesalibar y Garagartza<\/b>\u00a0que, bajo la direcci\u00f3n de <b>Gabriel Mendiz\u00e1bal<\/b>, habitualmente acompa\u00f1a las celebraciones lit\u00fargicas del HAM.\u00a0<\/p>\n<p>El coro compuesto por las personas usuarias del Centro de Rehabilitaci\u00f3n Psicosocial de Ir\u00fan interpret\u00f3 Agur Maria, el aleluya de Leonard Cohen en euskera y el canon de Pachelbel, con <b>Be\u00f1ardo Lazcanotegui<\/b> al viol\u00edn y la direcci\u00f3n y el acorde\u00f3n de la monitora <b>Leire Intza<\/b>. Estas Navidades tienen dos actuaciones m\u00e1s previstas en distintos centros de la ciudad de Ir\u00fan.\u00a0<\/p>\n<p><img decoding=\"async\" src=\"https:\/\/www.ospitalarioakfundazioaeuskadi.org\/wp-content\/uploads\/2021\/10\/felicitaciones-coro-0-1.jpg\" alt=\"\" title=\"\"><\/p>\n<p><span>Felicitaciones del Consejo de Direcci\u00f3n a los miembros del coro<\/span><\/p>\n<p><span><\/span><\/p>\n<p><span>El esp\u00edritu de la Navidad<\/span><\/p>\n<p><i>\u00abSomos seres para la vida eterna, esa es la buena noticia\u00bb<\/i>, anunciaba en la homil\u00eda el padre <a href=\"horacio-argarate-sentirse-escuchado-8216sin-8561.html\" target=\"_blank\" rel=\"noopener\">Horacio Argarate<\/a>, tras hacer una reflexi\u00f3n sobre la b\u00fasqueda de la felicidad, <i>\u00abque nos es f\u00e1cil saber d\u00f3nde se encuentra\u00bb. <\/i><b>Arrate Romero,<\/b> del <a href=\"..\/pastoral-proyectos-sociales\/servicio-pastoral.html\" target=\"_blank\" rel=\"noopener\">Servicio de Pastoral<\/a>, dio las gracias al personal del centro <i>\u00abpor servir con amor como verdaderas madres\u00bb<\/i>, en palabras de <b>M\u00aa Josefa Recio,\u00a0<\/b>y record\u00f3 a las personas enfermas que no est\u00e1n solas, sin olvidar mencionar a <b>Egoitz Zabala<\/b>, <i>\u00absu media naranja en el trabajo\u00bb<\/i>, que no pudo asistir por problemas de salud.\u00a0<\/p>\n<div class=\"cookieconsent-optout-marketing\">\n<div class=\"alert alert-warning\">Este contenido est\u00e1 alojado en un proveedor externo. Si quieres verlo, debes <a href=\"javascript:Cookiebot.renew()\" style=\"cursor:pointer;text-decoration:underline;\">aceptar las cookies de la categor\u00eda \"Otras\"<\/a> en la Configuraci\u00f3n de Cookies.<\/div><\/div><iframe loading=\"lazy\" width=\"100%\" height=\"301\" src=\"https:\/\/www.youtube.com\/embed\/0fmDFlDod6Y?rel=0\" frameborder=\"0\"><\/iframe> <\/p>\n<p>Una manta para el Ni\u00f1o y para pedir por quienes pasan fr\u00edo por no poder pagar la luz ni la calefacci\u00f3n, y para agradecer a las personas voluntarias <i>\u00abel abrigo que dan cada d\u00eda a nuestros pacientes\u00bb<\/i>; pan por todas aquellas personas que no tienen qu\u00e9 llevarse a la boca, una vela para llevar luz y compa\u00f1\u00eda a quienes sufren la soledad estos d\u00edas&#8230; <b>El ofertorio y los deseos de paz en forma de apretones de manos, besos y abrazos fueron poniendo fin a una celebraci\u00f3n religiosa que culmin\u00f3 entre aplausos tras entornar al un\u00edsono el tradicional villancico &#8216;Hator Hator&#8217;<\/b>.\u00a0<\/p>\n<p>Previamente, sor <b>Monse Esparza\u00a0<\/b>quiso felicitar las fiestas <i>\u00aba todos y cada uno de nosotros\u00bb. \u00abLo hab\u00e9is hecho muy bien, <\/i>dijo <span>al Coro Antzaran d\u00e1ndole\u00a0las gracias\u00a0por su actuaci\u00f3n, al igual que al coro del barrio por su colaboraci\u00f3n cada domingo. A continuaci\u00f3n\u00a0<\/span><span>la\u00a0<\/span><span>superiora de la Comunidad de Hermanas Hospitalarias en Mondrag\u00f3n<\/span><span>\u00a0<\/span><span>dio paso al lunch en la cafeter\u00eda para todas las personas colaboradoras del hospital. All\u00ed, tras leer la felicitaci\u00f3n navide\u00f1a de la superiora provincial, sor <b>Matilde Porras, <\/b>que a su vez nos hac\u00eda llegar algunas palabras del mensaje navide\u00f1o del <b>papa Francisco<\/b>, cedi\u00f3 la palabra al director, <b>Mikel Tellaeche<\/b>, que tambi\u00e9n nos traslad\u00f3 sus mejores deseos para estas fechas.\u00a0\u00a0<\/span><\/p>\n<p><span><img decoding=\"async\" src=\"https:\/\/www.ospitalarioakfundazioaeuskadi.org\/wp-content\/uploads\/2021\/10\/lunch-0-1.jpg\" alt=\"\" title=\"\"><\/span><\/p>\n<p>Para continuar con el intenso <a href=\"https:\/\/www.ospitalarioakfundazioaeuskadi.org\/archivos\/201712\/programacion-de-adviento-y-navidad-2017-1.pdf\" target=\"_blank\" rel=\"noopener\">programa navide\u00f1o en el Hospital Aita Menni,<\/a> ya por la tarde del d\u00eda 21 se celebr\u00f3 Santo Tom\u00e1s y se procedi\u00f3 a sortear la cesta de Navidad.\u00a0<\/p><\/div>\n","protected":false},"excerpt":{"rendered":"<div class=\"entry-summary\">\nLa agrupaci\u00f3n musical del CRPS de Ir\u00fan interpret\u00f3 varias piezas para festejar el nacimiento del ni\u00f1o Dios en la misa que el Hospital Aita Menni organiza para pacientes y personas colaboradoras. Tras la celebraci\u00f3n central del d\u00eda 21 contin\u00faa el intenso programa navide\u00f1o.\n<\/div>\n<div class=\"link-more\"><a href=\"https:\/\/ospitalarioakfundazioaeuskadi.org\/es\/eucaristia-navidad-coro-antzaran-11747\/\" class=\"more-link\">Seguir leyendo<span class=\"screen-reader-text\"> &ldquo;Eucarist\u00eda de Navidad con el Coro Antzaran&rdquo;<\/span>&hellip;<\/a><\/div>\n","protected":false},"author":1,"featured_media":25662,"comment_status":"closed","ping_status":"closed","sticky":false,"template":"","format":"standard","meta":{"footnotes":""},"categories":[1026],"tags":[],"linea-asistencial":[979],"class_list":["post-32213","post","type-post","status-publish","format-standard","has-post-thumbnail","hentry","category-crps-irun","linea-asistencial-1-salud-mental","entry"],"_links":{"self":[{"href":"https:\/\/ospitalarioakfundazioaeuskadi.org\/es\/wp-json\/wp\/v2\/posts\/32213","targetHints":{"allow":["GET"]}}],"collection":[{"href":"https:\/\/ospitalarioakfundazioaeuskadi.org\/es\/wp-json\/wp\/v2\/posts"}],"about":[{"href":"https:\/\/ospitalarioakfundazioaeuskadi.org\/es\/wp-json\/wp\/v2\/types\/post"}],"author":[{"embeddable":true,"href":"https:\/\/ospitalarioakfundazioaeuskadi.org\/es\/wp-json\/wp\/v2\/users\/1"}],"replies":[{"embeddable":true,"href":"https:\/\/ospitalarioakfundazioaeuskadi.org\/es\/wp-json\/wp\/v2\/comments?post=32213"}],"version-history":[{"count":1,"href":"https:\/\/ospitalarioakfundazioaeuskadi.org\/es\/wp-json\/wp\/v2\/posts\/32213\/revisions"}],"predecessor-version":[{"id":53422,"href":"https:\/\/ospitalarioakfundazioaeuskadi.org\/es\/wp-json\/wp\/v2\/posts\/32213\/revisions\/53422"}],"wp:featuredmedia":[{"embeddable":true,"href":"https:\/\/ospitalarioakfundazioaeuskadi.org\/es\/wp-json\/wp\/v2\/media\/25662"}],"wp:attachment":[{"href":"https:\/\/ospitalarioakfundazioaeuskadi.org\/es\/wp-json\/wp\/v2\/media?parent=32213"}],"wp:term":[{"taxonomy":"category","embeddable":true,"href":"https:\/\/ospitalarioakfundazioaeuskadi.org\/es\/wp-json\/wp\/v2\/categories?post=32213"},{"taxonomy":"post_tag","embeddable":true,"href":"https:\/\/ospitalarioakfundazioaeuskadi.org\/es\/wp-json\/wp\/v2\/tags?post=32213"},{"taxonomy":"linea-asistencial","embeddable":true,"href":"https:\/\/ospitalarioakfundazioaeuskadi.org\/es\/wp-json\/wp\/v2\/linea-asistencial?post=32213"}],"curies":[{"name":"wp","href":"https:\/\/api.w.org\/{rel}","templated":true}]}}