{"id":32298,"date":"2019-01-14T00:00:00","date_gmt":"2019-01-14T00:00:00","guid":{"rendered":"http:\/\/194.35.43.170\/~aitamenninueva\/fuencisla-martin-magdalena-goni-nombradas-12701\/"},"modified":"2022-12-08T22:14:51","modified_gmt":"2022-12-08T22:14:51","slug":"fuencisla-martin-magdalena-goni-nombradas-12701","status":"publish","type":"post","link":"https:\/\/ospitalarioakfundazioaeuskadi.org\/es\/fuencisla-martin-magdalena-goni-nombradas-12701\/","title":{"rendered":"Sor Fuencisla Mart\u00edn y sor Magdalena Go\u00f1i, nombradas ec\u00f3noma y secretaria de la Provincia de Espa\u00f1a"},"content":{"rendered":"<div class=\"texto wysiwyg\"><\/div>\n","protected":false},"excerpt":{"rendered":"<div class=\"entry-summary\">\nEl pasado mes de noviembre en el I Cap\u00edtulo Provincial de Espa\u00f1a se eligi\u00f3 a la Superiora provincial y su Consejo. Ahora sor Matilde Porras, como Superiora provincial ha nombrado a quienes van a ser Ec\u00f3noma y Secretaria provincial para el pr\u00f3ximo sexenio.\n<\/div>\n<div class=\"link-more\"><a href=\"https:\/\/ospitalarioakfundazioaeuskadi.org\/es\/fuencisla-martin-magdalena-goni-nombradas-12701\/\" class=\"more-link\">Seguir leyendo<span class=\"screen-reader-text\"> &ldquo;Sor Fuencisla Mart\u00edn y sor Magdalena Go\u00f1i, nombradas ec\u00f3noma y secretaria de la Provincia de Espa\u00f1a&rdquo;<\/span>&hellip;<\/a><\/div>\n","protected":false},"author":1,"featured_media":26199,"comment_status":"closed","ping_status":"closed","sticky":false,"template":"","format":"standard","meta":{"footnotes":""},"categories":[646],"tags":[],"linea-asistencial":[],"class_list":["post-32298","post","type-post","status-publish","format-standard","has-post-thumbnail","hentry","category-aita-menni","entry"],"_links":{"self":[{"href":"https:\/\/ospitalarioakfundazioaeuskadi.org\/es\/wp-json\/wp\/v2\/posts\/32298","targetHints":{"allow":["GET"]}}],"collection":[{"href":"https:\/\/ospitalarioakfundazioaeuskadi.org\/es\/wp-json\/wp\/v2\/posts"}],"about":[{"href":"https:\/\/ospitalarioakfundazioaeuskadi.org\/es\/wp-json\/wp\/v2\/types\/post"}],"author":[{"embeddable":true,"href":"https:\/\/ospitalarioakfundazioaeuskadi.org\/es\/wp-json\/wp\/v2\/users\/1"}],"replies":[{"embeddable":true,"href":"https:\/\/ospitalarioakfundazioaeuskadi.org\/es\/wp-json\/wp\/v2\/comments?post=32298"}],"version-history":[{"count":1,"href":"https:\/\/ospitalarioakfundazioaeuskadi.org\/es\/wp-json\/wp\/v2\/posts\/32298\/revisions"}],"predecessor-version":[{"id":53355,"href":"https:\/\/ospitalarioakfundazioaeuskadi.org\/es\/wp-json\/wp\/v2\/posts\/32298\/revisions\/53355"}],"wp:featuredmedia":[{"embeddable":true,"href":"https:\/\/ospitalarioakfundazioaeuskadi.org\/es\/wp-json\/wp\/v2\/media\/26199"}],"wp:attachment":[{"href":"https:\/\/ospitalarioakfundazioaeuskadi.org\/es\/wp-json\/wp\/v2\/media?parent=32298"}],"wp:term":[{"taxonomy":"category","embeddable":true,"href":"https:\/\/ospitalarioakfundazioaeuskadi.org\/es\/wp-json\/wp\/v2\/categories?post=32298"},{"taxonomy":"post_tag","embeddable":true,"href":"https:\/\/ospitalarioakfundazioaeuskadi.org\/es\/wp-json\/wp\/v2\/tags?post=32298"},{"taxonomy":"linea-asistencial","embeddable":true,"href":"https:\/\/ospitalarioakfundazioaeuskadi.org\/es\/wp-json\/wp\/v2\/linea-asistencial?post=32298"}],"curies":[{"name":"wp","href":"https:\/\/api.w.org\/{rel}","templated":true}]}}