{"id":32344,"date":"2021-04-23T00:00:00","date_gmt":"2021-04-23T00:00:00","guid":{"rendered":"http:\/\/194.35.43.170\/~aitamenninueva\/goian-bego-descansa-juan-carlos-14318\/"},"modified":"2022-10-25T11:40:47","modified_gmt":"2022-10-25T11:40:47","slug":"goian-bego-descansa-juan-carlos-14318","status":"publish","type":"post","link":"https:\/\/ospitalarioakfundazioaeuskadi.org\/es\/goian-bego-descansa-juan-carlos-14318\/","title":{"rendered":"Goian bego. Descansa en paz, Juan Carlos Irizar"},"content":{"rendered":"<div class=\"texto wysiwyg\">\n<p>La familia hospitalaria de Aita Menni y del Saint Benedict Menni Mental Health Center de Monrovia est\u00e1 hoy de luto por el fallecimiento, ayer, de uno de los primeros benefactores de nuestro proyecto We Are Like You, <b>Juan Carlos Irizar<\/b>.<\/p>\n<p><span><b>Juan Carlos<\/b>, que nos dej\u00f3 a los 69 a\u00f1os de edad, dedic\u00f3 su vida a la m\u00fasica como compositor, int\u00e9rprete y director de coros y orquestas. El m\u00fasico o\u00f1atiarra era el <a href=\"juan-carlos-irizar-dirige-coro-8262.html\" target=\"_blank\" rel=\"noopener\">director del coro de pacientes del Hospital Aita Menni de Hermanas Hospitalarias<\/a>, y sent\u00eda un v\u00ednculo muy especial con nuestro proyecto We Are Like You de atenci\u00f3n a mujeres con enfermedad mental en Liberia. <b>Irizar <\/b>fue, adem\u00e1s, el <a href=\"charla-sobre-vida-benito-menni-8468.html\" target=\"_blank\" rel=\"noopener\">compositor del \u201cHimno a San Benito Menni\u201d<\/a>, que las Hermanas Hospitalarias cantan en muchas de las celebraciones de la Congregaci\u00f3n.<\/span><\/p>\n<p><span>La epidemia de \u00e9bola del a\u00f1o 2014 en este pa\u00eds y el fallecimiento de varios hermanos de San Juan de Dios y de integrantes del personal del Saint Joseph Catholic Hospital le impactaron profundamente, y le llevaron a componer varias piezas inspiradas en estos hechos, que posteriormente recoger\u00eda en un disco titulado \u201cWe Are Like You\u201d.<\/span><\/p>\n<p><span><b>Juan Carlos<\/b> quiso poner su talento musical al servicio de nuestra causa solidaria, y <a href=\"https:\/\/www.wearelikeyou.org\/cientos-de-personas-colaboran-generosamente-en-los-conciertos-solidarios-de-we-are-like-you\/\" target=\"_blank\" rel=\"noopener nofollow\">en 2015 puso en marcha una gira de conciertos por diversas localidades del Pa\u00eds Vasco<\/a> con el fin de recaudar fondos con destino a nuestra iniciativa de salud mental en Monrovia.<\/span><\/p>\n<p><span><b>Irizar <\/b>se volc\u00f3 de tal manera que dio una docena de recitales en Eskoriatza,\u00a0 Zumaia, Zaldibar, Arrasate, Durango, Aramaio, Donostia, Gernika, Bilbao, Araia, Berriz y Zestoa, conciertos que \u00e9l mismo se encargaba de organizar al detalle. En cada lugar acompa\u00f1aba al piano a coros locales o del entorno y, en alg\u00fan caso, a cantantes y otros m\u00fasicos. \u201cEs gratificante ver que tantas personas est\u00e1n regalando su colaboraci\u00f3n\u201d, dijo el m\u00fasico en aquellos momentos. Las actuaciones iban acompa\u00f1adas de una explicaci\u00f3n sobre la iniciativa \u201cWe Are Like You\u201d, que en aquellos momentos daba sus primeros pasos.<\/span><\/p>\n<p><span>En oto\u00f1o de ese mismo a\u00f1o puso en marcha una <a href=\"https:\/\/www.wearelikeyou.org\/nueva-gira-de-conciertos-a-beneficio-de-we-are-like-you\/\" target=\"_blank\" rel=\"noopener nofollow\">segunda gira de conciertos solidarios<\/a>.<\/span><\/p>\n<p><span>En 2016, nuestro benefactor y amigo se embarc\u00f3 en una nueva serie de actuaciones para recaudar fondos para nuestro proyecto, coincidiendo con el lanzamiento de un nuevo disco, titulado \u201cBihotzeko izarrak \u2013 Estrellas del coraz\u00f3n\u201d.<\/span><\/p>\n<p><span>La noticia del fallecimiento del m\u00fasico o\u00f1atiarra ha causado un profundo pesar en el mundo de la m\u00fasica del Pa\u00eds Vasco, donde <b>Juan Carlos<\/b> era muy conocido y apreciado.<\/span><\/p>\n<p><span>Formado musicalmente en San Sebasti\u00e1n, Madrid, Pau y Roma, deja para la posteridad m\u00e1s de 30 discos de m\u00fasica instrumental e innumerables composiciones para teatro, cine y televisi\u00f3n, orquestas y bandas. Fue el autor de los himnos de localidades vascas como Berriz, Galdakao, Mendaro, Eskoriatza, Zestoa, Zegama, Orozko, y de composiciones para el Festival de Cine de San Sebasti\u00e1n y celebraciones en favor del euskera como Kilometroak o Ibilaldia.<\/span><\/p>\n<p><span><b>Juan Carlos<\/b> fue organista titular en su localidad natal, O\u00f1ati, y desarroll\u00f3 una fruct\u00edfera carrera como director de orquesta, llevando la batuta de formaciones como la Orquesta Sinf\u00f3nica del Liceo de Barcelona, la Orquesta del Conservatorio de Pau, la Orquesta de la Academia de Santa Cecilia de Roma, el coro Schola Cantorum de Donostia, el coro Zaletasuna de Galdakao, o las bandas de m\u00fasica de Vitoria-Gasteiz, Zestoa, Getaria y Galdakao, entre otras.<\/span><\/p>\n<p><span>Goian bego. Descansa en paz, <b>Juan Carlos<\/b>.<\/span><\/p><\/div>\n","protected":false},"excerpt":{"rendered":"<div class=\"entry-summary\">\nJuan Carlos, que nos dej\u00f3 a los 69 a\u00f1os de edad, dedic\u00f3 su vida a la m\u00fasica como compositor, int\u00e9rprete y director de coros y orquestas. El m\u00fasico o\u00f1atiarra era el director del coro de pacientes del Hospital Aita Menni de Hermanas Hospitalarias, y sent\u00eda un v\u00ednculo muy especial con nuestro proyecto We Are Like You de atenci\u00f3n a mujeres con enfermedad mental en Liberia.\n<\/div>\n<div class=\"link-more\"><a href=\"https:\/\/ospitalarioakfundazioaeuskadi.org\/es\/goian-bego-descansa-juan-carlos-14318\/\" class=\"more-link\">Seguir leyendo<span class=\"screen-reader-text\"> &ldquo;Goian bego. Descansa en paz, Juan Carlos Irizar&rdquo;<\/span>&hellip;<\/a><\/div>\n","protected":false},"author":1,"featured_media":26822,"comment_status":"closed","ping_status":"closed","sticky":false,"template":"","format":"standard","meta":{"footnotes":""},"categories":[646,1042,1032],"tags":[],"linea-asistencial":[],"class_list":["post-32344","post","type-post","status-publish","format-standard","has-post-thumbnail","hentry","category-aita-menni","category-solidaridad","category-voluntariado","entry"],"_links":{"self":[{"href":"https:\/\/ospitalarioakfundazioaeuskadi.org\/es\/wp-json\/wp\/v2\/posts\/32344","targetHints":{"allow":["GET"]}}],"collection":[{"href":"https:\/\/ospitalarioakfundazioaeuskadi.org\/es\/wp-json\/wp\/v2\/posts"}],"about":[{"href":"https:\/\/ospitalarioakfundazioaeuskadi.org\/es\/wp-json\/wp\/v2\/types\/post"}],"author":[{"embeddable":true,"href":"https:\/\/ospitalarioakfundazioaeuskadi.org\/es\/wp-json\/wp\/v2\/users\/1"}],"replies":[{"embeddable":true,"href":"https:\/\/ospitalarioakfundazioaeuskadi.org\/es\/wp-json\/wp\/v2\/comments?post=32344"}],"version-history":[{"count":1,"href":"https:\/\/ospitalarioakfundazioaeuskadi.org\/es\/wp-json\/wp\/v2\/posts\/32344\/revisions"}],"predecessor-version":[{"id":40097,"href":"https:\/\/ospitalarioakfundazioaeuskadi.org\/es\/wp-json\/wp\/v2\/posts\/32344\/revisions\/40097"}],"wp:featuredmedia":[{"embeddable":true,"href":"https:\/\/ospitalarioakfundazioaeuskadi.org\/es\/wp-json\/wp\/v2\/media\/26822"}],"wp:attachment":[{"href":"https:\/\/ospitalarioakfundazioaeuskadi.org\/es\/wp-json\/wp\/v2\/media?parent=32344"}],"wp:term":[{"taxonomy":"category","embeddable":true,"href":"https:\/\/ospitalarioakfundazioaeuskadi.org\/es\/wp-json\/wp\/v2\/categories?post=32344"},{"taxonomy":"post_tag","embeddable":true,"href":"https:\/\/ospitalarioakfundazioaeuskadi.org\/es\/wp-json\/wp\/v2\/tags?post=32344"},{"taxonomy":"linea-asistencial","embeddable":true,"href":"https:\/\/ospitalarioakfundazioaeuskadi.org\/es\/wp-json\/wp\/v2\/linea-asistencial?post=32344"}],"curies":[{"name":"wp","href":"https:\/\/api.w.org\/{rel}","templated":true}]}}