{"id":32364,"date":"2018-10-04T00:00:00","date_gmt":"2018-10-04T00:00:00","guid":{"rendered":"http:\/\/194.35.43.170\/~aitamenninueva\/grupo-pacientes-aita-menni-acude-12392\/"},"modified":"2022-12-08T22:15:15","modified_gmt":"2022-12-08T22:15:15","slug":"grupo-pacientes-aita-menni-acude-12392","status":"publish","type":"post","link":"https:\/\/ospitalarioakfundazioaeuskadi.org\/es\/grupo-pacientes-aita-menni-acude-12392\/","title":{"rendered":"Un grupo de pacientes de Aita Menni acude en peregrinaci\u00f3n a Covadonga"},"content":{"rendered":"<div class=\"texto wysiwyg\">\n<p>Con motivo de la celebraci\u00f3n del<b> I Centenario de la Coronaci\u00f3n Can\u00f3nica de la Virgen de Covadonga<\/b>, 35 personas usuarias del Hospital Aita Menni de Arrasate, tres hermanas y siete personas colaboradoras de Aita Menni disfrutaron de una maravillosa excursi\u00f3n de tres d\u00edas por tierras asturianas.<\/p>\n<p>El viaje comenz\u00f3 en Arriondas, localidad situada\u00a0 junto al r\u00edo Sella, conocida por su turismo y por ser la capital salmonera de Espa\u00f1a. En Cangas de On\u00eds, visitaron el m\u00edtico puente romano con su Cruz de la Victoria colgante y las interesantes tiendas gastron\u00f3micas.<\/p>\n<p>Al d\u00eda siguiente, se acercaron a Covadonga. La Santa Cueva fue lugar de peregrinaje del grupo procedente del HAM. En esta gruta se encuentran la Virgen de Covadonga, tambi\u00e9n llamada cari\u00f1osamente por los asturianos \u2018La Santina\u2019, y el sepulcro de don Pelayo. <b>Todos los participantes en la excursi\u00f3n admiraron y tocaron el manto de Nuestra Se\u00f1ora de Covadonga y compartieron, junto con otras personas peregrinas la eucarist\u00eda que se celebr\u00f3 all\u00ed mismo a las 11:00 horas de la ma\u00f1ana. <\/b>Tambi\u00e9n pudieron conocer la bas\u00edlica, de estilo neorrom\u00e1nico, realizada en piedra ros\u00e1cea y marm\u00f3rea sacada de las mismas monta\u00f1as de Covadonga. <\/p>\n<p>La visita a los lugares costeros asturianos de Ribadesella, LLanes y el c\u00e1ntabro de San Vicente de la Barquera puso el colof\u00f3n a esta peregrinaci\u00f3n que, por quinto a\u00f1o consecutivo, realizan las personas con enfermedad mental de Aita Menni de Arrasate.<\/p><\/div>\n","protected":false},"excerpt":{"rendered":"<div class=\"entry-summary\">\nDisfrutaron de una maravillosa excursi\u00f3n de tres d\u00edas por tierras asturianas. 35 personas con enfermedad mental viajaron en el mes de septiembre a la celebraci\u00f3n del I Centenario de la Coronaci\u00f3n Can\u00f3nica de la Virgen de Covadonga.\n<\/div>\n<div class=\"link-more\"><a href=\"https:\/\/ospitalarioakfundazioaeuskadi.org\/es\/grupo-pacientes-aita-menni-acude-12392\/\" class=\"more-link\">Seguir leyendo<span class=\"screen-reader-text\"> &ldquo;Un grupo de pacientes de Aita Menni acude en peregrinaci\u00f3n a Covadonga&rdquo;<\/span>&hellip;<\/a><\/div>\n","protected":false},"author":1,"featured_media":26016,"comment_status":"closed","ping_status":"closed","sticky":false,"template":"","format":"standard","meta":{"footnotes":""},"categories":[646],"tags":[],"linea-asistencial":[],"class_list":["post-32364","post","type-post","status-publish","format-standard","has-post-thumbnail","hentry","category-aita-menni","entry"],"_links":{"self":[{"href":"https:\/\/ospitalarioakfundazioaeuskadi.org\/es\/wp-json\/wp\/v2\/posts\/32364","targetHints":{"allow":["GET"]}}],"collection":[{"href":"https:\/\/ospitalarioakfundazioaeuskadi.org\/es\/wp-json\/wp\/v2\/posts"}],"about":[{"href":"https:\/\/ospitalarioakfundazioaeuskadi.org\/es\/wp-json\/wp\/v2\/types\/post"}],"author":[{"embeddable":true,"href":"https:\/\/ospitalarioakfundazioaeuskadi.org\/es\/wp-json\/wp\/v2\/users\/1"}],"replies":[{"embeddable":true,"href":"https:\/\/ospitalarioakfundazioaeuskadi.org\/es\/wp-json\/wp\/v2\/comments?post=32364"}],"version-history":[{"count":1,"href":"https:\/\/ospitalarioakfundazioaeuskadi.org\/es\/wp-json\/wp\/v2\/posts\/32364\/revisions"}],"predecessor-version":[{"id":53381,"href":"https:\/\/ospitalarioakfundazioaeuskadi.org\/es\/wp-json\/wp\/v2\/posts\/32364\/revisions\/53381"}],"wp:featuredmedia":[{"embeddable":true,"href":"https:\/\/ospitalarioakfundazioaeuskadi.org\/es\/wp-json\/wp\/v2\/media\/26016"}],"wp:attachment":[{"href":"https:\/\/ospitalarioakfundazioaeuskadi.org\/es\/wp-json\/wp\/v2\/media?parent=32364"}],"wp:term":[{"taxonomy":"category","embeddable":true,"href":"https:\/\/ospitalarioakfundazioaeuskadi.org\/es\/wp-json\/wp\/v2\/categories?post=32364"},{"taxonomy":"post_tag","embeddable":true,"href":"https:\/\/ospitalarioakfundazioaeuskadi.org\/es\/wp-json\/wp\/v2\/tags?post=32364"},{"taxonomy":"linea-asistencial","embeddable":true,"href":"https:\/\/ospitalarioakfundazioaeuskadi.org\/es\/wp-json\/wp\/v2\/linea-asistencial?post=32364"}],"curies":[{"name":"wp","href":"https:\/\/api.w.org\/{rel}","templated":true}]}}