{"id":32385,"date":"2016-05-26T00:00:00","date_gmt":"2016-05-26T00:00:00","guid":{"rendered":"http:\/\/194.35.43.170\/~aitamenninueva\/hablamos-nuestro-trabajo-asistencial-congreso-10392\/"},"modified":"2023-02-03T11:26:52","modified_gmt":"2023-02-03T11:26:52","slug":"hablamos-nuestro-trabajo-asistencial-congreso-10392","status":"publish","type":"post","link":"https:\/\/ospitalarioakfundazioaeuskadi.org\/es\/hablamos-nuestro-trabajo-asistencial-congreso-10392\/","title":{"rendered":"El Hospital Aita Menni, entidad colaboradora del congreso europeo \u201cJusticia restaurativa y terap\u00e9utica: hacia innovadores modelos de Justicia"},"content":{"rendered":"<div class=\"texto wysiwyg\">\n<p>Aita Menni abri\u00f3 a finales de 2013 la <a href=\"hospital-aita-menni-arrasate-mondragon-7751.html\" target=\"_blank\" rel=\"noopener\">primera Unidad de Psiquiatr\u00eda Legal de Espa\u00f1a<\/a><span> dedicada a atender a personas con enfermedad mental implicadas en procesos judiciales como consecuencia de actos derivados de su propia enfermedad psiqui\u00e1trica. Por su experiencia en el tratamiento de este tipo de enfermos con causas penales, es una de las entidades que apoyan el congreso europeo \u201c<\/span>Justicia restaurativa y terap\u00e9utica: hacia innovadores modelos de Justicia<span>\u201d.\u00a0<\/span><\/p>\n<p><span>Este encuentro se celebrar\u00e1 los d\u00edas 16, 17 y 18 de junio en Donostia. Organizado por el Grupo Europeo de Magistrados por la Mediaci\u00f3n (GEMME) y el Instituto Vasco de Criminolog\u00eda-Kriminologiaren Euskal Institutua (IVAC-KREI), sus sesiones plenarias, comunicaciones y talleres recoger\u00e1n distintas aportaciones y experiencias para identificar buenas pr\u00e1cticas en justicia restaurativa y terap\u00e9utica.<\/span><\/p>\n<p><span>Durante la tarde del viernes d\u00eda 17, el doctor <strong>I\u00f1aki Madariaga<\/strong>, director de nuestra <strong><a href=\"..\/psiquiatria\/psiquiatria-legal\/unidad-psiquiatria-legal.html\" target=\"_blank\" rel=\"noopener\">Unidad de Psiquiatr\u00eda Legal<\/a><\/strong>, impartir\u00e1 el taller \u201c<strong>Justicia terap\u00e9utica en la ejecuci\u00f3n penal<\/strong>\u201d. Le acompa\u00f1ar\u00e1 en su exposici\u00f3n, que versar\u00e1 sobre el modelo asistencial que estamos aplicando, el director gerente del hospital, <strong>Mikel Tellaeche.<\/strong><\/span><\/p>\n<div>\n<div>&nbsp;&nbsp;<span><\/span><\/div>\n<div><span>Se espera que este congreso, que se desarrollar\u00e1 en el marco de los\u00a0Cursos de Verano de la UPV y cuenta con la colaboraci\u00f3n de la Direcci\u00f3n de Justicia del Gobierno Vasco, alcance gran resonancia debido a su\u00a0<\/span>programa<span>, en el que intervendr\u00e1n numerosos expertos de prestigio internacional, y a la calidad de su comit\u00e9 cient\u00edfico. El simposio est\u00e1 dirigido por la juez<\/span><strong>\u00a0Izaskun Porres<\/strong><span>\u00a0y copresidido por\u00a0<\/span><strong>Jos\u00e9 Luis de La Cuesta<\/strong><span>, catedr\u00e1tico y director del <a href=\"http:\/\/www.ivap.euskadi.eus\/r61-vhome\/es\/\" target=\"_blank\" rel=\"noopener nofollow\">IVAP<\/a>, e\u00a0<\/span><strong>I\u00f1aki Subijana<\/strong><span>, presidente de la Audiencia Provincial de Gipuzkoa.\u00a0<\/span><\/p>\n<div>&nbsp;<\/p>\n<div><span>&nbsp;<span style=\"background-color: rgb(255, 255, 255);\"><\/span><\/span><\/div>\n<\/div>\n<\/div>\n<\/div>\n<\/div>\n","protected":false},"excerpt":{"rendered":"<div class=\"entry-summary\">\nEl Hospital Aita Menni es el primer centro sanitario que abri\u00f3 en Espa\u00f1a un \u00e1rea para atender a personas con enfermedad mental grave y que por orden judicial han de ser atendidas en una Unidad Psiqui\u00e1trica de alta seguridad.\n<\/div>\n<div class=\"link-more\"><a href=\"https:\/\/ospitalarioakfundazioaeuskadi.org\/es\/hablamos-nuestro-trabajo-asistencial-congreso-10392\/\" class=\"more-link\">Seguir leyendo<span class=\"screen-reader-text\"> &ldquo;El Hospital Aita Menni, entidad colaboradora del congreso europeo \u201cJusticia restaurativa y terap\u00e9utica: hacia innovadores modelos de Justicia&rdquo;<\/span>&hellip;<\/a><\/div>\n","protected":false},"author":1,"featured_media":24799,"comment_status":"closed","ping_status":"closed","sticky":false,"template":"","format":"standard","meta":{"footnotes":""},"categories":[1],"tags":[],"linea-asistencial":[],"class_list":["post-32385","post","type-post","status-publish","format-standard","has-post-thumbnail","hentry","category-sin-categorizar","entry"],"_links":{"self":[{"href":"https:\/\/ospitalarioakfundazioaeuskadi.org\/es\/wp-json\/wp\/v2\/posts\/32385","targetHints":{"allow":["GET"]}}],"collection":[{"href":"https:\/\/ospitalarioakfundazioaeuskadi.org\/es\/wp-json\/wp\/v2\/posts"}],"about":[{"href":"https:\/\/ospitalarioakfundazioaeuskadi.org\/es\/wp-json\/wp\/v2\/types\/post"}],"author":[{"embeddable":true,"href":"https:\/\/ospitalarioakfundazioaeuskadi.org\/es\/wp-json\/wp\/v2\/users\/1"}],"replies":[{"embeddable":true,"href":"https:\/\/ospitalarioakfundazioaeuskadi.org\/es\/wp-json\/wp\/v2\/comments?post=32385"}],"version-history":[{"count":2,"href":"https:\/\/ospitalarioakfundazioaeuskadi.org\/es\/wp-json\/wp\/v2\/posts\/32385\/revisions"}],"predecessor-version":[{"id":58444,"href":"https:\/\/ospitalarioakfundazioaeuskadi.org\/es\/wp-json\/wp\/v2\/posts\/32385\/revisions\/58444"}],"wp:featuredmedia":[{"embeddable":true,"href":"https:\/\/ospitalarioakfundazioaeuskadi.org\/es\/wp-json\/wp\/v2\/media\/24799"}],"wp:attachment":[{"href":"https:\/\/ospitalarioakfundazioaeuskadi.org\/es\/wp-json\/wp\/v2\/media?parent=32385"}],"wp:term":[{"taxonomy":"category","embeddable":true,"href":"https:\/\/ospitalarioakfundazioaeuskadi.org\/es\/wp-json\/wp\/v2\/categories?post=32385"},{"taxonomy":"post_tag","embeddable":true,"href":"https:\/\/ospitalarioakfundazioaeuskadi.org\/es\/wp-json\/wp\/v2\/tags?post=32385"},{"taxonomy":"linea-asistencial","embeddable":true,"href":"https:\/\/ospitalarioakfundazioaeuskadi.org\/es\/wp-json\/wp\/v2\/linea-asistencial?post=32385"}],"curies":[{"name":"wp","href":"https:\/\/api.w.org\/{rel}","templated":true}]}}