{"id":32388,"date":"2015-10-15T00:00:00","date_gmt":"2015-10-15T00:00:00","guid":{"rendered":"http:\/\/194.35.43.170\/~aitamenninueva\/hablamos-rehabilitacion-enfermedad-mental-dentro-9594\/"},"modified":"2022-10-25T13:52:17","modified_gmt":"2022-10-25T13:52:17","slug":"hablamos-rehabilitacion-enfermedad-mental-dentro-9594","status":"publish","type":"post","link":"https:\/\/ospitalarioakfundazioaeuskadi.org\/es\/hablamos-rehabilitacion-enfermedad-mental-dentro-9594\/","title":{"rendered":"Gran inter\u00e9s del p\u00fablico en la charla sobre \u00abRehabilitaci\u00f3n de la enfermedad mental en la comunidad\u00bb"},"content":{"rendered":"<div class=\"texto wysiwyg\">\n<p>Con motivo del D\u00eda Mundial de la Salud Mental, que se celebra el 10 de octubre, la Asociaci\u00f3n Guipuzcoana de Familiares y Personas con Enfermedad Mental de la Comarca de Urola Garaia organiz\u00f3 un encuentro en el que particip\u00f3 el especialista en Psicolog\u00eda Cl\u00ednica del Hospital Aita Menni Vicente Hueso. La cita tuvo lugar el pasado mi\u00e9rcoles, d\u00eda 7, en la Casa de Cultura de Urretxu.<\/p>\n<p><img decoding=\"async\" class=\"w_img_derecha\" src=\"https:\/\/www.ospitalarioakfundazioaeuskadi.org\/wp-content\/uploads\/2021\/10\/rehabilitacion-socialp-1-1.jpg\" alt=\"\" title=\"\">Alrededor de 40 personas, entre ellas pacientes con enfermedad mental, familiares y profesionales sociosanitarios de los Centros de Salud de Zum\u00e1rraga y Beasain, escucharon con atenci\u00f3n y durante m\u00e1s de dos horas a Vicente Hueso. \u201c<em><strong>Rehabilitaci\u00f3n psiqui\u00e1trica comunitaria<\/strong><\/em>\u201d fue el t\u00edtulo de la conferencia que pronunci\u00f3 nuestro experto. Buen conocedor del tema, el responsable del <a href=\"..\/psiquiatria\/centros-rehabilitacion-psicosocial\/crps-aita-menni.html\" title=\"CRPS\" target=\"_blank\" rel=\"noopener\"><strong>Centro de Rehabilitaci\u00f3n Psicosocial (CRPS) de Beasain<\/strong><\/a> explic\u00f3 que nuestros profesionales tratan de conseguir que los pacientes recuperen su capacidad para desarrollar una vida lo m\u00e1s aut\u00f3noma posible en el entorno en el que viven.\u00a0&nbsp;&nbsp;<strong>Vicente Hueso<\/strong>\u00a0se detuvo en la <strong>esquizofrenia<\/strong>, por ser la <strong>enfermedad mental severa m\u00e1s com\u00fan<\/strong>; habl\u00f3 a los familiares de estos enfermos que acudieron a la charla de las diferentes fases de la enfermedad, sus s\u00edntomas, la severidad y la p\u00e9rdida de funcionalidad para justificar la necesidad de aplicar programas rehabilitadores.<\/p>\n<p>La enfermedad mental produce, adem\u00e1s de muchos s\u00edntomas cl\u00ednicos (alucinaciones, delirios, conductas extra\u00f1as, etc.), otros s\u00edntomas igual de importantes como la apat\u00eda, falta de iniciativa, limitaciones cognitivas, etc., que derivan en perdida de funcionalidad para desarrollar con autonom\u00eda la vida cotidiana. Las personas con enfermedad mental dejan de preocuparse y de hacer cosas tan b\u00e1sicas como el autocuidado personal y de su entorno pr\u00f3ximo (su habitaci\u00f3n, su propia casa\u2026), a menudo abandonan sus actividades dom\u00e9sticas, su alimentaci\u00f3n, la toma de medicaci\u00f3n, las salidas a la comunidad para hacer la compra o para pasar un rato con los amigos\u2026; abandonan actividades de ocio y tiempo libre, pierden ilusi\u00f3n por su futuro y se van convirtiendo en personas necesitadas de apoyo en el d\u00eda a d\u00eda, incluso para las tareas m\u00e1s b\u00e1sicas. \u00a0<\/p>\n<p><img decoding=\"async\" src=\"https:\/\/www.ospitalarioakfundazioaeuskadi.org\/wp-content\/uploads\/2021\/10\/urretxu-1-0-1.jpg\" alt=\"\" title=\"\"><\/p>\n<p>Modelo y objetivo de la rehabilitaci\u00f3n<\/p>\n<p><strong>El objetivo fundamental de la rehabilitaci\u00f3n en pacientes con enfermedad mental severa se centra en ayudarles a recuperar las capacidades funcionales para que puedan desarrollar una vida cotidiana lo m\u00e1s aut\u00f3noma posible<\/strong>. Los profesionales han de ofrecer el apoyo que cada paciente necesita, desde el tratamiento psicofarmacol\u00f3gico hasta el apoyo en \u00e1reas personales como el autocuidado personal y de su entorno, alimentaci\u00f3n, cuidado de la salud general, organizaci\u00f3n del hogar, estructuraci\u00f3n del tiempo de ocio, potenciaci\u00f3n de su red social, apoyo en aspectos formativos y laborales, etc.<\/p>\n<p>En esta labor <strong>debemos tener en cuenta a los familiares<\/strong>, quienes generalmente pueden llegar a sufrir un importante desgaste emocional durante el proceso de la enfermedad.<\/p>\n<p>Tras la proyecci\u00f3n de varios v\u00eddeos sobre la esquizofrenia y las palabras de nuestro psic\u00f3logo se abri\u00f3 el turno de preguntas, donde <strong>qued\u00f3 patente que el estigma y la incomprensi\u00f3n siguen acompa\u00f1ando a la psicosis, la depresi\u00f3n y otras enfermedades mentales,<\/strong> por lo que Vicente Hueso insisti\u00f3 en que sigue siendo muy importante la divulgaci\u00f3n social para acabar con muchos prejuicios. Hablar de ello y entrar en contacto con organizaciones como la Asociaci\u00f3n Guipuzcoana de Familiares y Personas con Enfermedad Mental puede allanar el camino a las dificultades que acarrean las enfermedades mentales graves.\u00a0<\/p>\n<p>Actualmente, estamos en el camino de la inserci\u00f3n en comunidad de las personas en tratamiento psiqui\u00e1trico pero todav\u00eda queda mucho por hacer. En opini\u00f3n de\u00a0Vicente Hueso, \u201c<em>hay que generar recursos de apoyo comunitario para favorecer la desinstitucionalizaci\u00f3n y los agentes que participamos en el tratamiento de los pacientes debemos coordinarnos entre nosotros para establecer objetivos terap\u00e9uticos conjuntos y mejorar as\u00ed la calidad de vida del paciente. En ello tambi\u00e9n deben participar el propio paciente y su familia, ya que son ellos los principales protagonistas<\/em>\u00ab.<\/p>\n<p>El Hospital Aita Menni est\u00e1 implantando en los\u00a0<a href=\"..\/aita-menni\/aita-menni.html\" target=\"_blank\" rel=\"noopener\"><strong>CRPS actuales<\/strong><\/a>\u00a0un\u00a0<strong>modelo de intervenci\u00f3n orientado hacia la comunidad<\/strong>, dirigido a que el usuario se integre lo m\u00e1ximo posible en la sociedad, m\u00e1s all\u00e1 de acudir a nuestros centros a participar en nuestros programas de rehabilitaci\u00f3n.\u00a0<\/p>\n<p>Algunas reflexiones<\/p>\n<p><strong>El p\u00fablico mostr\u00f3 mucho inter\u00e9s por este modelo de rehabilitaci\u00f3n<\/strong>, que consiste en ayudar a cada persona a ocupar un lugar en la sociedad con la m\u00e1xima autonom\u00eda y normalidad posibles de acuerdo a sus capacidades y necesidades. En la pr\u00e1ctica esto se traduce, por ejemplo, en ayudar a que aprendan a conducir las personas que quieren hacerlo, a asearse a quienes encuentran dificultades en este aspecto o a encontrar trabajo a quien quiere trabajar. \u00a0<\/p>\n<p>La rehabilitaci\u00f3n en comunidad es posible. De hecho, en la sala se encontraba una persona en tratamiento que lleva trabajando cuatro a\u00f1os. Sin embargo al final de la conferencia tambi\u00e9n se compartieron algunas de las reflexiones elaboradas por pacientes del Hospital de D\u00eda de Arrasate sobre la enfermedad mental, entre otras, las siguientes:<\/p>\n<p><strong>\u00b7 \u00a0 \u00a0 \u00a0 \u00a0 \u201cLa medicaci\u00f3n nos ayuda a estar mejor\u201d.<\/strong><\/p>\n<p><strong>\u00b7\u00a0\u00a0\u00a0\u00a0\u00a0\u00a0\u00a0\u00a0 \u201cNecesitamos que se nos escuche m\u00e1s\u201d.<\/strong><\/p>\n<p><strong>\u00b7\u00a0\u00a0\u00a0\u00a0\u00a0\u00a0\u00a0\u00a0 \u201cNo somos personas violentas ni agresivas\u201d.<\/strong><\/p>\n<p><strong>\u00b7\u00a0\u00a0\u00a0\u00a0\u00a0\u00a0\u00a0\u00a0 \u201cNo siempre estamos de acuerdo con los terapeutas\u201d.<\/strong><\/p>\n<p>Si bien, la frase \u00a0m\u00e1s impactante analizada durante el encuentro fue: <strong><q>\u201cSomos personas\u201d<\/q><\/strong>. Con dicha\u00a0<span>reflexi\u00f3n<\/span><span>\u00a0<\/span><span>llegamos a la conclusi\u00f3n de que quiz\u00e1 <\/span><span>haya nacido de la experiencia negativa de estas personas de no haber sido tratadas como tales en m\u00e1s de una ocasi\u00f3n.<\/span><\/p>\n<p>As\u00ed lo recoge <a href=\"http:\/\/www.diariovasco.com\/alto-urola\/201510\/06\/rehabilitacion-enfermedad-mental-dentro-20151006000938-v.html\" target=\"_blank\" rel=\"noopener nofollow\">Diario Vasco<\/a>.\u00a0<\/p>\n<\/div>\n","protected":false},"excerpt":{"rendered":"<div class=\"entry-summary\">\nEl objetivo fundamental es ayudar a las personas  enfermas a recuperar sus capacidades funcionales para que puedan desarrollar una vida cotidiana lo m\u00e1s aut\u00f3noma posible.\n<\/div>\n<div class=\"link-more\"><a href=\"https:\/\/ospitalarioakfundazioaeuskadi.org\/es\/hablamos-rehabilitacion-enfermedad-mental-dentro-9594\/\" class=\"more-link\">Seguir leyendo<span class=\"screen-reader-text\"> &ldquo;Gran inter\u00e9s del p\u00fablico en la charla sobre \u00abRehabilitaci\u00f3n de la enfermedad mental en la comunidad\u00bb&rdquo;<\/span>&hellip;<\/a><\/div>\n","protected":false},"author":1,"featured_media":27568,"comment_status":"closed","ping_status":"closed","sticky":false,"template":"","format":"standard","meta":{"footnotes":""},"categories":[1],"tags":[],"linea-asistencial":[979],"class_list":["post-32388","post","type-post","status-publish","format-standard","has-post-thumbnail","hentry","category-sin-categorizar","linea-asistencial-1-salud-mental","entry"],"_links":{"self":[{"href":"https:\/\/ospitalarioakfundazioaeuskadi.org\/es\/wp-json\/wp\/v2\/posts\/32388","targetHints":{"allow":["GET"]}}],"collection":[{"href":"https:\/\/ospitalarioakfundazioaeuskadi.org\/es\/wp-json\/wp\/v2\/posts"}],"about":[{"href":"https:\/\/ospitalarioakfundazioaeuskadi.org\/es\/wp-json\/wp\/v2\/types\/post"}],"author":[{"embeddable":true,"href":"https:\/\/ospitalarioakfundazioaeuskadi.org\/es\/wp-json\/wp\/v2\/users\/1"}],"replies":[{"embeddable":true,"href":"https:\/\/ospitalarioakfundazioaeuskadi.org\/es\/wp-json\/wp\/v2\/comments?post=32388"}],"version-history":[{"count":1,"href":"https:\/\/ospitalarioakfundazioaeuskadi.org\/es\/wp-json\/wp\/v2\/posts\/32388\/revisions"}],"predecessor-version":[{"id":53589,"href":"https:\/\/ospitalarioakfundazioaeuskadi.org\/es\/wp-json\/wp\/v2\/posts\/32388\/revisions\/53589"}],"wp:featuredmedia":[{"embeddable":true,"href":"https:\/\/ospitalarioakfundazioaeuskadi.org\/es\/wp-json\/wp\/v2\/media\/27568"}],"wp:attachment":[{"href":"https:\/\/ospitalarioakfundazioaeuskadi.org\/es\/wp-json\/wp\/v2\/media?parent=32388"}],"wp:term":[{"taxonomy":"category","embeddable":true,"href":"https:\/\/ospitalarioakfundazioaeuskadi.org\/es\/wp-json\/wp\/v2\/categories?post=32388"},{"taxonomy":"post_tag","embeddable":true,"href":"https:\/\/ospitalarioakfundazioaeuskadi.org\/es\/wp-json\/wp\/v2\/tags?post=32388"},{"taxonomy":"linea-asistencial","embeddable":true,"href":"https:\/\/ospitalarioakfundazioaeuskadi.org\/es\/wp-json\/wp\/v2\/linea-asistencial?post=32388"}],"curies":[{"name":"wp","href":"https:\/\/api.w.org\/{rel}","templated":true}]}}