{"id":32438,"date":"2016-06-06T00:00:00","date_gmt":"2016-06-06T00:00:00","guid":{"rendered":"http:\/\/194.35.43.170\/~aitamenninueva\/hermanas-hospitalarias-cumple-anos-historia-10416\/"},"modified":"2022-10-25T13:51:52","modified_gmt":"2022-10-25T13:51:52","slug":"hermanas-hospitalarias-cumple-anos-historia-10416","status":"publish","type":"post","link":"https:\/\/ospitalarioakfundazioaeuskadi.org\/es\/hermanas-hospitalarias-cumple-anos-historia-10416\/","title":{"rendered":"Hermanas Hospitalarias cumple 135 a\u00f1os de historia"},"content":{"rendered":"<div class=\"texto wysiwyg\">\n<p>La Congregaci\u00f3n de las Hermanas Hospitalarias del Sagrado coraz\u00f3n de Jes\u00fas ha cumplido ya 135 a\u00f1os. El 31 de mayo de 1881, el <a href=\"centenario-muerte-benito-menni-8068.html\" target=\"_blank\" rel=\"noopener\">Padre Benito Menni<\/a> y dos j\u00f3venes granadinas, <strong>Mar\u00eda Josefa Recio<\/strong> y <strong>Mar\u00eda Angustias Gim\u00e9nez<\/strong>, pusieron rostro femenino a la Hospitalidad al fundar en Ciempozuelos (Madrid) la Congregaci\u00f3n de las Hermanas Hospitalarias, nuestra instituci\u00f3n, que dedica su\u00a0<a href=\"..\/aita-menni\/mision-vision-valores.html\" target=\"_blank\" rel=\"noopener\">misi\u00f3n y valores<\/a>\u00a0a la atenci\u00f3n de las personas enfermas.\u00a0<\/p>\n<p>Esa primera semilla de Hospitalidad crece <a href=\"..\/115-annos-historia\/index.html\" target=\"_blank\" rel=\"noopener\">en Arrasate desde 1898<\/a> y ha ido dando frutos en <a href=\"https:\/\/www.ospitalarioakfundazioaeuskadi.org\/archivos\/201508\/20150518_mapa_centros.pdf-1.html\" target=\"_blank\" rel=\"noopener\">numerosos puntos del Pa\u00eds Vasco<\/a>,\u00a0<a href=\"http:\/\/www.hospitalarias.org\/index.php\/centro\/mapamundi\" target=\"_blank\" rel=\"noopener nofollow\">en 4 continentes y 27 pa\u00edses<\/a>.\u00a0<\/p>\n<p>El 31 de mayo, \u00a0con motivo del 135 aniversario y tambi\u00e9n de la festividad de Nuestra Se\u00f1ora del Sagrado Coraz\u00f3n de Jes\u00fas, primera hermana hospitalaria, el Hospital Aita Menni celebr\u00f3 con una eucarist\u00eda su compromiso para con las personas m\u00e1s excluidas. La fiesta continu\u00f3 en el patio del centro. La v\u00edspera tuvo lugar un encuentro oracional en la capilla del hospital.<\/p>\n<p>Hermanas Hospitalarias hoy<\/p>\n<p>Hoy Hermanas Hospitalarias se compone de m\u00e1s de 1.000 hermanas que, junto a 11.000 personas contratadas, trabajan por dar una atenci\u00f3n hospitalaria en nuestros centros, siempre al servicio de la dignificaci\u00f3n de la persona y la humanizaci\u00f3n.\u00a0<span>Con m\u00e1s de 16.800 plazas asistenciales, Hermanas Hospitalarias puede atender cada a\u00f1o a m\u00e1s de 2 millones de personas ofreci\u00e9ndoles alivio mediante tratamientos y cuidados integrales.\u00a0<\/span><\/p>\n<p><strong><a href=\"http:\/\/www.hospitalarias.es\/135-anos-de-historia-de-la-congregacion-hermanas-hospitalarias\/\" target=\"_blank\" rel=\"noopener nofollow\">Saber m\u00e1s<\/a><\/strong><\/p>\n<\/div>\n","protected":false},"excerpt":{"rendered":"<div class=\"entry-summary\">\nLa Congregaci\u00f3n de las Hermanas Hospitalarias del Sagrado coraz\u00f3n de Jes\u00fas ha cumplido ya 135 a\u00f1os. El 31 de mayo de 1881, el Padre Benito Menni y dos j\u00f3venes granadinas, Mar\u00eda Josefa Recio y Mar\u00eda Angustias Gim\u00e9nez, pusieron rostro femenino&hellip;\n<\/div>\n<div class=\"link-more\"><a href=\"https:\/\/ospitalarioakfundazioaeuskadi.org\/es\/hermanas-hospitalarias-cumple-anos-historia-10416\/\" class=\"more-link\">Seguir leyendo<span class=\"screen-reader-text\"> &ldquo;Hermanas Hospitalarias cumple 135 a\u00f1os de historia&rdquo;<\/span>&hellip;<\/a><\/div>\n","protected":false},"author":1,"featured_media":24805,"comment_status":"closed","ping_status":"closed","sticky":false,"template":"","format":"standard","meta":{"footnotes":""},"categories":[1],"tags":[],"linea-asistencial":[],"class_list":["post-32438","post","type-post","status-publish","format-standard","has-post-thumbnail","hentry","category-sin-categorizar","entry"],"_links":{"self":[{"href":"https:\/\/ospitalarioakfundazioaeuskadi.org\/es\/wp-json\/wp\/v2\/posts\/32438","targetHints":{"allow":["GET"]}}],"collection":[{"href":"https:\/\/ospitalarioakfundazioaeuskadi.org\/es\/wp-json\/wp\/v2\/posts"}],"about":[{"href":"https:\/\/ospitalarioakfundazioaeuskadi.org\/es\/wp-json\/wp\/v2\/types\/post"}],"author":[{"embeddable":true,"href":"https:\/\/ospitalarioakfundazioaeuskadi.org\/es\/wp-json\/wp\/v2\/users\/1"}],"replies":[{"embeddable":true,"href":"https:\/\/ospitalarioakfundazioaeuskadi.org\/es\/wp-json\/wp\/v2\/comments?post=32438"}],"version-history":[{"count":1,"href":"https:\/\/ospitalarioakfundazioaeuskadi.org\/es\/wp-json\/wp\/v2\/posts\/32438\/revisions"}],"predecessor-version":[{"id":53543,"href":"https:\/\/ospitalarioakfundazioaeuskadi.org\/es\/wp-json\/wp\/v2\/posts\/32438\/revisions\/53543"}],"wp:featuredmedia":[{"embeddable":true,"href":"https:\/\/ospitalarioakfundazioaeuskadi.org\/es\/wp-json\/wp\/v2\/media\/24805"}],"wp:attachment":[{"href":"https:\/\/ospitalarioakfundazioaeuskadi.org\/es\/wp-json\/wp\/v2\/media?parent=32438"}],"wp:term":[{"taxonomy":"category","embeddable":true,"href":"https:\/\/ospitalarioakfundazioaeuskadi.org\/es\/wp-json\/wp\/v2\/categories?post=32438"},{"taxonomy":"post_tag","embeddable":true,"href":"https:\/\/ospitalarioakfundazioaeuskadi.org\/es\/wp-json\/wp\/v2\/tags?post=32438"},{"taxonomy":"linea-asistencial","embeddable":true,"href":"https:\/\/ospitalarioakfundazioaeuskadi.org\/es\/wp-json\/wp\/v2\/linea-asistencial?post=32438"}],"curies":[{"name":"wp","href":"https:\/\/api.w.org\/{rel}","templated":true}]}}