{"id":32553,"date":"2018-08-02T00:00:00","date_gmt":"2018-08-02T00:00:00","guid":{"rendered":"http:\/\/194.35.43.170\/~aitamenninueva\/huerta-maldatxo-12302\/"},"modified":"2022-10-25T13:45:26","modified_gmt":"2022-10-25T13:45:26","slug":"huerta-maldatxo-12302","status":"publish","type":"post","link":"https:\/\/ospitalarioakfundazioaeuskadi.org\/es\/huerta-maldatxo-12302\/","title":{"rendered":"La huerta de Maldatxo"},"content":{"rendered":"<div class=\"texto wysiwyg\">\n<p>Un a\u00f1o m\u00e1s, a partir de mayo, en\u00a0<span>el\u00a0<\/span><a href=\"..\/psiquiatria\/centros-rehabilitacion-psicosocial\/index.html\" target=\"_blank\" rel=\"noopener\">Centro de Rehabilitaci\u00f3n Psicosocial\u00a0<\/a><span>de Maldatxo, en Donostia-San Sebasti\u00e1n,\u00a0<\/span><span style=\"background-color: rgb(255, 255, 255);\">empezamos a trabajar duro, sembrando diferentes verduras en nuestra\u00a0huerta, y tras m\u00e1s de dos meses de cuidados y espera, estamos disfrutando de los frutos.<\/span><\/p>\n<p>Es una actividad terap\u00e9utica m\u00e1s, dentro de la programaci\u00f3n del CRPS, que nos permite estar en contacto con la naturaleza y trabajar al aire libre. Es por ello, que nos gusta realizar las tareas que conlleva el cuidado de la huerta, aunque sean f\u00edsicamente exigentes.\u00a0<\/p>\n<p>Durante este tiempo, hemos sembrado lechugas, tomates, guindillas, pimientos verdes, calabazas y calabacines. De momento, no hemos obtenido cosecha de todo lo sembrado, pero las plantas siguen creciendo, y con el tiempo, esperamos recoger productos de todas las hortalizas que hemos cultivado.\u00a0<\/p>\n<p>El proceso de crecimiento ha sido duro, ya que la meteorolog\u00eda no ha acompa\u00f1ado. Ha llovido mucho, y por ello, se ha retrasado todo el proceso. Aun as\u00ed, no hemos dejado de cuidar este rinc\u00f3n, regando cuando ha sido preciso y quitando todas las malas hierbas que han ido saliendo.\u00a0<\/p>\n<p><img decoding=\"async\" src=\"https:\/\/www.ospitalarioakfundazioaeuskadi.org\/wp-content\/uploads\/2021\/09\/crps-maldatxo-0.jpg\" alt=\"\" title=\"\"><\/p><\/div>\n","protected":false},"excerpt":{"rendered":"<div class=\"entry-summary\">\nNos encanta esta actividad porque nos permite estar en contacto con la naturaleza. En el CRPS Maldatxo, por motivos terap\u00e9uticos, hemos creado una huerta de la que nos ocupamos todas las personas usuarias y de la que hemos obtenido muchos y muy buenos productos.\n<\/div>\n<div class=\"link-more\"><a href=\"https:\/\/ospitalarioakfundazioaeuskadi.org\/es\/huerta-maldatxo-12302\/\" class=\"more-link\">Seguir leyendo<span class=\"screen-reader-text\"> &ldquo;La huerta de Maldatxo&rdquo;<\/span>&hellip;<\/a><\/div>\n","protected":false},"author":1,"featured_media":30921,"comment_status":"closed","ping_status":"closed","sticky":false,"template":"","format":"standard","meta":{"footnotes":""},"categories":[646,1027],"tags":[],"linea-asistencial":[979],"class_list":["post-32553","post","type-post","status-publish","format-standard","has-post-thumbnail","hentry","category-aita-menni","category-crps-maldatxo","linea-asistencial-1-salud-mental","entry"],"_links":{"self":[{"href":"https:\/\/ospitalarioakfundazioaeuskadi.org\/es\/wp-json\/wp\/v2\/posts\/32553","targetHints":{"allow":["GET"]}}],"collection":[{"href":"https:\/\/ospitalarioakfundazioaeuskadi.org\/es\/wp-json\/wp\/v2\/posts"}],"about":[{"href":"https:\/\/ospitalarioakfundazioaeuskadi.org\/es\/wp-json\/wp\/v2\/types\/post"}],"author":[{"embeddable":true,"href":"https:\/\/ospitalarioakfundazioaeuskadi.org\/es\/wp-json\/wp\/v2\/users\/1"}],"replies":[{"embeddable":true,"href":"https:\/\/ospitalarioakfundazioaeuskadi.org\/es\/wp-json\/wp\/v2\/comments?post=32553"}],"version-history":[{"count":1,"href":"https:\/\/ospitalarioakfundazioaeuskadi.org\/es\/wp-json\/wp\/v2\/posts\/32553\/revisions"}],"predecessor-version":[{"id":53385,"href":"https:\/\/ospitalarioakfundazioaeuskadi.org\/es\/wp-json\/wp\/v2\/posts\/32553\/revisions\/53385"}],"wp:featuredmedia":[{"embeddable":true,"href":"https:\/\/ospitalarioakfundazioaeuskadi.org\/es\/wp-json\/wp\/v2\/media\/30921"}],"wp:attachment":[{"href":"https:\/\/ospitalarioakfundazioaeuskadi.org\/es\/wp-json\/wp\/v2\/media?parent=32553"}],"wp:term":[{"taxonomy":"category","embeddable":true,"href":"https:\/\/ospitalarioakfundazioaeuskadi.org\/es\/wp-json\/wp\/v2\/categories?post=32553"},{"taxonomy":"post_tag","embeddable":true,"href":"https:\/\/ospitalarioakfundazioaeuskadi.org\/es\/wp-json\/wp\/v2\/tags?post=32553"},{"taxonomy":"linea-asistencial","embeddable":true,"href":"https:\/\/ospitalarioakfundazioaeuskadi.org\/es\/wp-json\/wp\/v2\/linea-asistencial?post=32553"}],"curies":[{"name":"wp","href":"https:\/\/api.w.org\/{rel}","templated":true}]}}