{"id":32568,"date":"2018-04-26T00:00:00","date_gmt":"2018-04-26T00:00:00","guid":{"rendered":"http:\/\/194.35.43.170\/~aitamenninueva\/identidad-hospitalaria-define-nuestro-trabajo-12049\/"},"modified":"2022-10-25T13:45:41","modified_gmt":"2022-10-25T13:45:41","slug":"identidad-hospitalaria-define-nuestro-trabajo-12049","status":"publish","type":"post","link":"https:\/\/ospitalarioakfundazioaeuskadi.org\/es\/identidad-hospitalaria-define-nuestro-trabajo-12049\/","title":{"rendered":"La Identidad Hospitalaria define nuestro trabajo asistencial"},"content":{"rendered":"<div class=\"texto wysiwyg\">\n<p>En Hermanas Hospitalarias los cuidados ocupan un puesto tan relevante como los tratamientos. En torno a la fiesta de <a href=\"centenario-muerte-benito-menni-8068.html\" target=\"_blank\" rel=\"noopener\">San Benito Menni<\/a>, <b>Alejandro Florit\u00a0<\/b>se acerc\u00f3 hasta Mondrag\u00f3n para reflexionar con los profesionales del Hospital Aita Menni sobre la <a href=\"..\/aita-menni\/mision-vision-valores.html\" target=\"_blank\" rel=\"noopener\">Misi\u00f3n Hospitalaria<\/a> que define nuestro modelo integral de atenci\u00f3n a las personas enfermas. <\/p>\n<p>Nuestra Misi\u00f3n\u00a0encarna y expresa el carisma de la Hospitalidad en la acogida, asistencia y cuidado especializado.\u00a0<b>La actitud de servicio, con atenci\u00f3n integral, a favor de la salud de las personas que asistimos, se hace cualificadamente eficaz si nuestro trabajo alcanza, con rigor, la mejor calidad profesional<\/b>. Frases como estas fueron pronunciadas por el director de Identidad Hospitalaria de\u00a0<a href=\"http:\/\/www.hospitalarias.es\/\" target=\"_blank\" rel=\"noopener nofollow\">Hermanas Hospitalarias Espa\u00f1a<\/a>\u00a0en su conferencia\u00a0\u2018Tratar y cuidar la vulnerabilidad: una reflexi\u00f3n desde el <a href=\"http:\/\/www.hospitalarias.org\/wp-content\/uploads\/Marcoidentidadespanol1.pdf\" target=\"_blank\" rel=\"noopener nofollow\">Marco de Identidad<\/a>\u2019.<\/p>\n<p>Competencia y calidad profesional + compasi\u00f3n y empat\u00eda<\/p>\n<p><span><i>\u00ab<b>Toda persona es vulnerable y necesita cuidados<\/b>, desde el nacimiento hasta su muerte. Y cada persona tiene derecho a escoger la manera de ser cuidada. Para saberlo hay que conocerla.\u00a0<\/i><\/span><span><i>Competencia y calidad profesional no bastan; requieren compasi\u00f3n y empat\u00eda, preocuparse por los dem\u00e1s de manera responsable. Porque <b>los cuidados son relacionales e integrales\u00bb<\/b><\/i>, afirm\u00f3\u00a0<\/span><b>Alejandro\u00a0<\/b><span><b>Florit, <\/b>adem\u00e1s\u00a0<i>\u00abs<\/i><\/span><i>\u00f3lo se puede cuidar cuando se ve al otro como persona, integralmente: entender su estado f\u00edsico junto a su estado emocional, psicol\u00f3gico, social o espiritual; todo ello en ocasiones puede afectar m\u00e1s que los s\u00edntomas en s\u00ed mismos de la enfermedad\u00bb, <\/i>a\u00f1adi\u00f3<i>.\u00a0<\/i><\/p>\n<p><i>\u00ab\u00bfLos programas responden\u00a0a las necesidades de la persona que atendemos?\u00bfQui\u00e9n est\u00e1 al servicio de qui\u00e9n? \u00bfEl profesional al servicio de la persona usuaria o viceversa?\u00bb. <\/i>Mediante preguntas ret\u00f3ricas y ejemplos sobre casos que pueden darse en el d\u00eda a d\u00eda de nuestros servicios, <b>Florit <\/b>nos fue recordando aspectos centrales, como que <b>no hay que olvidar ponernos\u00a0en lugar de la persona a la que estamos tratando y que hemos de potenciar sus capacidades desde planteamientos realistas<\/b>, contemplando tambi\u00e9n los aspectos\u00a0negativos, la frustraci\u00f3n, el fracaso y los l\u00edmites que acompa\u00f1an a todo ser humano. Tambi\u00e9n a nosotros mismos.\u00a0<\/p>\n<p><b><span style=\"font-size:11.0pt;line-height:107%;&#10;font-family:\"> &nbsp; <\/span><\/b><\/p>\n<p><a href=\"http:\/\/www.hospitalarias.org\/wp-content\/uploads\/Marcoidentidadespanol1.pdf\" target=\"_blank\" rel=\"noopener nofollow\"><img decoding=\"async\" src=\"https:\/\/www.ospitalarioakfundazioaeuskadi.org\/wp-content\/uploads\/2021\/10\/identidad-hospitalaria-0-2.jpg\" alt=\"\" title=\"\"><\/a><\/p>\n<p><span>Humanidad desde el compromiso<\/span><\/p>\n<p><span>Con frecuencia observamos necesidades que nuestros pacientes no ven.<\/span><span>\u00a0<\/span><span>Antonio, un supuesto paciente, \u00bfpasa a una vivienda supervisada o a una residencia asistida o estar en su casa?\u00a0<\/span><span>Con este y otros ejemplos,\u00a0<\/span><span>Florit insisti\u00f3 en que debemos implicarnos,\u00a0procurar huir del paternalismo,\u00a0<\/span><b>preguntarnos c\u00f3mo es feliz esa persona, cu\u00e1l es su proyecto vital desde sus propios valores<\/b><span>, escucharla, respetarla e\u00a0intentar siempre empoderarla.\u00a0<\/span><i>\u00abHay que mojarse, negociar, persuadir. Aunque siempre haya una banda de incertidumbre. Dejar pasar el tiempo es tomar tambi\u00e9n una decisi\u00f3n que implica consecuencias. Y esta no siempre es la mejor decisi\u00f3n\u00bb, <\/i>subray\u00f3<span>.\u00a0<\/span><\/p>\n<p><span>En cualquier caso,\u00a0<i>\u00abel 100% de los pacientes\u00a0tienen que ser respetados\u00bb.\u00a0<\/i>El director de Identidad Hospitalaria aqu\u00ed fue taxativo: <i>\u00ab<\/i><\/span><span><i>Conocer al otro exige, desde esta \u00e9tica del cuidado, no s\u00f3lo respetar sus derechos y el ejercicio de su autonom\u00eda sino aceptarle como persona. No podemos amar a todo el mundo, pero el respeto es lo m\u00ednimo que merece toda persona\u00bb.\u00a0<\/i><\/span><i>\u00abRecuerda que un tropez\u00f3n es tambi\u00e9n un paso m\u00e1s largo\u00bb<\/i><span>, dijo respecto a los errores, y que es bueno pedir disculpas.\u00a0\u00a0<\/span><\/p>\n<p><span>Cuidar: un trabajo no siempre\u00a0reconocido<\/span><\/p>\n<p><span style=\"background-color: white; font-family: Arial, sans-serif; font-size: 10pt;\">\u00bfQui\u00e9nes somos, qu\u00e9 hacemos, por qu\u00e9 lo hacemos y c\u00f3mo lo hacemos?\u00a0<\/span>Florit repas\u00f3 las ideas centrales del Marco de Identidad.\u00a0<span>Ciencia y caridad van de la mano, resumi\u00f3 citando a Benito Menni,<\/span><span>\u00a0y quiso finalizar su intervenci\u00f3n reconociendo la labor de las personas que cuidan, <\/span><i>\u00abun trabajo en el que es dif\u00edcil de conseguir la excelencia muchas veces por las condiciones del contexto\u00bb<\/i><span>. <\/span><i>\u00ab<\/i><em>Para cuidar al otro, uno mismo debe cuidarse; es una responsabilidad del propio cuidador compartida con la Instituci\u00f3n\u00bb, <\/em>concluy\u00f3.\u00a0<\/p><\/div>\n","protected":false},"excerpt":{"rendered":"<div class=\"entry-summary\">\nReflexionamos con Alejandro Florit sobre el modo en que la cultura de la Instituci\u00f3n gu\u00eda el quehacer cotidiano de nuestros equipos profesionales. El director Identidad Hospitalaria nos record\u00f3 la importancia de mantener la actitud de servicio en la atenci\u00f3n integral, siempre centrada en cada persona asistida, con rigor y la mejor calidad profesional.\n<\/div>\n<div class=\"link-more\"><a href=\"https:\/\/ospitalarioakfundazioaeuskadi.org\/es\/identidad-hospitalaria-define-nuestro-trabajo-12049\/\" class=\"more-link\">Seguir leyendo<span class=\"screen-reader-text\"> &ldquo;La Identidad Hospitalaria define nuestro trabajo asistencial&rdquo;<\/span>&hellip;<\/a><\/div>\n","protected":false},"author":1,"featured_media":25819,"comment_status":"closed","ping_status":"closed","sticky":false,"template":"","format":"standard","meta":{"footnotes":""},"categories":[1040],"tags":[],"linea-asistencial":[],"class_list":["post-32568","post","type-post","status-publish","format-standard","has-post-thumbnail","hentry","category-bioetica","entry"],"_links":{"self":[{"href":"https:\/\/ospitalarioakfundazioaeuskadi.org\/es\/wp-json\/wp\/v2\/posts\/32568","targetHints":{"allow":["GET"]}}],"collection":[{"href":"https:\/\/ospitalarioakfundazioaeuskadi.org\/es\/wp-json\/wp\/v2\/posts"}],"about":[{"href":"https:\/\/ospitalarioakfundazioaeuskadi.org\/es\/wp-json\/wp\/v2\/types\/post"}],"author":[{"embeddable":true,"href":"https:\/\/ospitalarioakfundazioaeuskadi.org\/es\/wp-json\/wp\/v2\/users\/1"}],"replies":[{"embeddable":true,"href":"https:\/\/ospitalarioakfundazioaeuskadi.org\/es\/wp-json\/wp\/v2\/comments?post=32568"}],"version-history":[{"count":1,"href":"https:\/\/ospitalarioakfundazioaeuskadi.org\/es\/wp-json\/wp\/v2\/posts\/32568\/revisions"}],"predecessor-version":[{"id":40958,"href":"https:\/\/ospitalarioakfundazioaeuskadi.org\/es\/wp-json\/wp\/v2\/posts\/32568\/revisions\/40958"}],"wp:featuredmedia":[{"embeddable":true,"href":"https:\/\/ospitalarioakfundazioaeuskadi.org\/es\/wp-json\/wp\/v2\/media\/25819"}],"wp:attachment":[{"href":"https:\/\/ospitalarioakfundazioaeuskadi.org\/es\/wp-json\/wp\/v2\/media?parent=32568"}],"wp:term":[{"taxonomy":"category","embeddable":true,"href":"https:\/\/ospitalarioakfundazioaeuskadi.org\/es\/wp-json\/wp\/v2\/categories?post=32568"},{"taxonomy":"post_tag","embeddable":true,"href":"https:\/\/ospitalarioakfundazioaeuskadi.org\/es\/wp-json\/wp\/v2\/tags?post=32568"},{"taxonomy":"linea-asistencial","embeddable":true,"href":"https:\/\/ospitalarioakfundazioaeuskadi.org\/es\/wp-json\/wp\/v2\/linea-asistencial?post=32568"}],"curies":[{"name":"wp","href":"https:\/\/api.w.org\/{rel}","templated":true}]}}