{"id":32667,"date":"2015-10-20T00:00:00","date_gmt":"2015-10-20T00:00:00","guid":{"rendered":"http:\/\/194.35.43.170\/~aitamenninueva\/iosu-lasa-dibujante-crps-beasain-9672\/"},"modified":"2022-10-25T13:52:16","modified_gmt":"2022-10-25T13:52:16","slug":"iosu-lasa-dibujante-crps-beasain-9672","status":"publish","type":"post","link":"https:\/\/ospitalarioakfundazioaeuskadi.org\/es\/iosu-lasa-dibujante-crps-beasain-9672\/","title":{"rendered":"Iosu Lasa, el dibujante del CRPS de Beasain, expone en Tolosa"},"content":{"rendered":"<div class=\"texto wysiwyg\">\n<p><strong><\/strong><\/p>\n<p><strong>Iosu Lasa es un artista<\/strong>. Lleva al papel \u201cdibujos puros\u201d que salen de su imaginaci\u00f3n, y <a href=\"8220veo-hago-algo-bonito-siento-8681.html\" target=\"_blank\" rel=\"noopener\">as\u00ed lo contaba en estas p\u00e1ginas hace unos meses<\/a>. En el <a href=\"..\/psiquiatria\/centros-rehabilitacion-psicosocial\/crps-aita-menni.html\" target=\"_blank\" rel=\"noopener\">CRPS de Beasain<\/a> hace tiempo que trabajamos con \u00e9l en el \u00e1rea de su expresi\u00f3n art\u00edstica. Como consecuencia de ello, y viendo que <strong>su producci\u00f3n es importante<\/strong>, se nos ocurri\u00f3 la posibilidad de hacer p\u00fablica su obra.<\/p>\n<p><img decoding=\"async\" class=\"w_img_derecha\" src=\"https:\/\/www.ospitalarioakfundazioaeuskadi.org\/wp-content\/uploads\/2021\/10\/marcapaginas-1-1.jpg\" alt=\"\" title=\"\"><strong>Las obras expuestas han sido dibujadas por Iosu expresamente para esta exposici\u00f3n<\/strong><span>. No llevan t\u00edtulo.\u00a0<\/span><strong>El proceso de creaci\u00f3n ha sido largo<\/strong><span>, porque ha habido etapas en las que a Iosu le costaba m\u00e1s dibujar, pero con un poco de \u00e1nimo su talento se puso a trabajar. \u00c9l mismo ha financiado todo, el papel, la tinta, incluso los marcos. Algunos son especiales: agrupan una serie de tres l\u00e1minas<\/span>.\u00a0<span>\u00a0<\/span><strong>&nbsp;&nbsp;Las l\u00e1minas individuales se venden a un precio de 20 euros y los cuadros con tres cuestan 25<\/strong><span>. La recaudaci\u00f3n que se obtenga ir\u00e1 destinada a cubrir gastos, un peque\u00f1o beneficio servir\u00e1 para reinvertir en nuevo material y seguir produciendo, y el resto ser\u00e1 donado por parte de Iosu al\u00a0<\/span><a href=\"http:\/\/www.wearelikeyou.org\/\" target=\"_blank\" rel=\"noopener nofollow\">proyecto \u201cWe are like you\u201d<\/a>.\u00a0<span>&nbsp;&nbsp;La exposici\u00f3n est\u00e1 gustando mucho.\u00a0<\/span><strong>El primer d\u00eda ya se hab\u00edan vendido 6 de los 20 cuadros expuestos<\/strong><span>. En el CRPS creemos que posiblemente el hecho de exponer har\u00e1 que Iosu trabaje m\u00e1s en sus dibujos.\u00a0<\/span><strong>Esperamos que \u00e9sta sea la primera de muchas exposiciones<\/strong><span>, que d\u00e9 a conocer a su obra y que nos muestre a qu\u00e9 tipo de p\u00fablico le interesa<\/span><span>.<\/span>&nbsp;&nbsp;<strong>A la inauguraci\u00f3n acudieron todos los compa\u00f1eros del centro y tambi\u00e9n familiares de nuestro dibujante<\/strong><span>; pasamos un par de horas en el\u00a0<\/span><strong>bar Lanbroa, de la Avda. de Navarra, que es donde se ubica la exposici\u00f3n<\/strong><span>. All\u00ed tomamos caf\u00e9, hicimos fotos y luego nos volvimos al centro.\u00a0<\/span><strong>Todos los usuarios muy contentos y Iosu el m\u00e1s feliz de todos. Su hermana y su sobrina, \u00a0muy agradecidas y entusiasmadas<\/strong><span>\u00a0con el apoyo que desde el CRPS le hemos dado en su producci\u00f3n art\u00edstica. \u00a1Hasta hicimos marcap\u00e1ginas para darle publicidad!<\/span><\/p>\n<p><strong style=\"color: rgb(120, 204, 207); font-family: 'Droid Sans', Arial, sans-serif; font-size: 14px;\">Nuevo modelo de rehabilitaci\u00f3n<\/strong><\/p>\n<p>Este tipo de iniciativas forma parte del <a href=\"hablamos-rehabilitacion-enfermedad-mental-dentro-9594.html\" target=\"_blank\" rel=\"noopener\">nuevo modelo de rehabilitaci\u00f3n que Aita Menni est\u00e1 implantando en los CRPS<\/a>, y <strong>cuya idea es servir de est\u00edmulo y apoyo al paciente con enfermedad mental en todo aquello que le acerque a la integraci\u00f3n social<\/strong>, para que logre desarrollar todas aquellas facetas que de forma natural har\u00eda si no padeciera una enfermedad mental.\u00a0<\/p>\n<p><strong>El equipo del CRPS de Beasain apuesta cada vez m\u00e1s por esta l\u00ednea de trabajo<\/strong>. Con la implicaci\u00f3n de paciente, familia y el resto de agentes que trabajamos en la salud mental podemos <strong>conseguir una mayor integraci\u00f3n y una mejor calidad de vida para usuarios y familiares<\/strong>.\u00a0<\/p>\n<p><span><img decoding=\"async\" src=\"https:\/\/www.ospitalarioakfundazioaeuskadi.org\/wp-content\/uploads\/2021\/10\/iosu-tolosa-1-0-1.jpg\" alt=\"\" title=\"\">Iosu con sus familiares y con el equipo que acudi\u00f3 a la inauguraci\u00f3n el d\u00eda 7 de octubre\u00a0<\/span><\/p>\n<p class=\"w_p_centrado\"> <\/div>\n","protected":false},"excerpt":{"rendered":"<div class=\"entry-summary\">\nSu obra puede contemplarse en el bar Lanbroa, situado en la Avenida de Navarra.\n<\/div>\n<div class=\"link-more\"><a href=\"https:\/\/ospitalarioakfundazioaeuskadi.org\/es\/iosu-lasa-dibujante-crps-beasain-9672\/\" class=\"more-link\">Seguir leyendo<span class=\"screen-reader-text\"> &ldquo;Iosu Lasa, el dibujante del CRPS de Beasain, expone en Tolosa&rdquo;<\/span>&hellip;<\/a><\/div>\n","protected":false},"author":1,"featured_media":27588,"comment_status":"closed","ping_status":"closed","sticky":false,"template":"","format":"standard","meta":{"footnotes":""},"categories":[1],"tags":[],"linea-asistencial":[979],"class_list":["post-32667","post","type-post","status-publish","format-standard","has-post-thumbnail","hentry","category-sin-categorizar","linea-asistencial-1-salud-mental","entry"],"_links":{"self":[{"href":"https:\/\/ospitalarioakfundazioaeuskadi.org\/es\/wp-json\/wp\/v2\/posts\/32667","targetHints":{"allow":["GET"]}}],"collection":[{"href":"https:\/\/ospitalarioakfundazioaeuskadi.org\/es\/wp-json\/wp\/v2\/posts"}],"about":[{"href":"https:\/\/ospitalarioakfundazioaeuskadi.org\/es\/wp-json\/wp\/v2\/types\/post"}],"author":[{"embeddable":true,"href":"https:\/\/ospitalarioakfundazioaeuskadi.org\/es\/wp-json\/wp\/v2\/users\/1"}],"replies":[{"embeddable":true,"href":"https:\/\/ospitalarioakfundazioaeuskadi.org\/es\/wp-json\/wp\/v2\/comments?post=32667"}],"version-history":[{"count":1,"href":"https:\/\/ospitalarioakfundazioaeuskadi.org\/es\/wp-json\/wp\/v2\/posts\/32667\/revisions"}],"predecessor-version":[{"id":53586,"href":"https:\/\/ospitalarioakfundazioaeuskadi.org\/es\/wp-json\/wp\/v2\/posts\/32667\/revisions\/53586"}],"wp:featuredmedia":[{"embeddable":true,"href":"https:\/\/ospitalarioakfundazioaeuskadi.org\/es\/wp-json\/wp\/v2\/media\/27588"}],"wp:attachment":[{"href":"https:\/\/ospitalarioakfundazioaeuskadi.org\/es\/wp-json\/wp\/v2\/media?parent=32667"}],"wp:term":[{"taxonomy":"category","embeddable":true,"href":"https:\/\/ospitalarioakfundazioaeuskadi.org\/es\/wp-json\/wp\/v2\/categories?post=32667"},{"taxonomy":"post_tag","embeddable":true,"href":"https:\/\/ospitalarioakfundazioaeuskadi.org\/es\/wp-json\/wp\/v2\/tags?post=32667"},{"taxonomy":"linea-asistencial","embeddable":true,"href":"https:\/\/ospitalarioakfundazioaeuskadi.org\/es\/wp-json\/wp\/v2\/linea-asistencial?post=32667"}],"curies":[{"name":"wp","href":"https:\/\/api.w.org\/{rel}","templated":true}]}}