{"id":32694,"date":"2021-09-22T00:00:00","date_gmt":"2021-09-22T00:00:00","guid":{"rendered":"http:\/\/194.35.43.170\/~aitamenninueva\/jesus-maria-etxeberria-usuario-crps-14484\/"},"modified":"2022-12-09T10:52:08","modified_gmt":"2022-12-09T10:52:08","slug":"jesus-maria-etxeberria-usuario-crps-14484","status":"publish","type":"post","link":"https:\/\/ospitalarioakfundazioaeuskadi.org\/es\/jesus-maria-etxeberria-usuario-crps-14484\/","title":{"rendered":"Jesus Maria Etxeberria, usuario del CRPS de Ir\u00fan, gana el I Concurso de Fotograf\u00eda organizado por la Comisi\u00f3n de Euskera"},"content":{"rendered":"<div class=\"texto wysiwyg\">\n<p>Este a\u00f1o se ha celebrado, entre el 18 de junio y el 31 de agosto, el I Concurso de Fotograf\u00eda organizado por la <a href=\"comision-euskera-sigue-avanzando-11875.html\" target=\"_blank\" rel=\"noopener\">Comisi\u00f3n de Euskera<\/a>, cuyo tema ha sido el \u00abverano\u00bb.\u00a0<\/p>\n<p><span>Hemos recibido unas fotograf\u00edas preciosas y no ha sido f\u00e1cil elegir la ganadora.<\/span><\/p>\n<p><span>He aqu\u00ed la fotograf\u00eda, autor, t\u00edtulo e informaci\u00f3n sobre la fotograf\u00eda premiada:<\/span><\/p>\n<p><span>Autor: JESUS MARIA ETXEBERRIA PAGALDAI (Usuario del <a href=\"..\/psiquiatria\/centros-rehabilitacion-psicosocial\/index.html\" target=\"_blank\" rel=\"noopener\">CRPS de Ir\u00fan<\/a>)<\/span><\/p>\n<p><span>T\u00cdTULO: MARTIN PESCADOR, LA JOYA COLORIDA DE NUESTROS ARROYOS.<\/span><\/p>\n<p><span>INFORMACI\u00d3N: Mart\u00edn Pescador me recuerda a la \u00e9poca en la que en mi adolescencia \u00edbamos a ba\u00f1arnos al r\u00edo, donde esta ave sol\u00eda estar de un lado para otro pescando comida.<\/span><\/p>\n<p>Esta foto la he sacado este verano en la bah\u00eda de Txingudi, junto a nuestro centro. A este lugar acude mucha gente aficionada a la naturaleza para fotografiar y observar a las aves migratorias que pasan por all\u00ed.<\/p>\n<p>\u00abTxingudi\u00bb se integra en la Red Europea de Espacios Naturales de Especial Protecci\u00f3n para las Aves.<\/p>\n<p>El ganador recibi\u00f3 este lunes, 20\/09\/2021, la cesta\/premio con productos del Taller de Arom\u00e1ticas Aita Menni.<\/p>\n<p><b>\u00a1\u00a1\u00a1Enhorabuena Jes\u00fas Mar\u00eda!!!<\/b><\/p>\n<p><b><img decoding=\"async\" src=\"https:\/\/www.ospitalarioakfundazioaeuskadi.org\/wp-content\/uploads\/2021\/10\/1-0-1.png\" alt=\"\" title=\"\"><\/b><\/p><\/div>\n","protected":false},"excerpt":{"rendered":"<div class=\"entry-summary\">\nSe ha celebrado entre el 18 de junio y el 31 de agosto y el tema ha sido \u00abel verano\u00bb. El jurado ha recibido unas fotograf\u00edas preciosas y no le ha sido f\u00e1cil escoger la ganadora: Martin pescador, la joya colorida de nuestros arroyos.\n<\/div>\n<div class=\"link-more\"><a href=\"https:\/\/ospitalarioakfundazioaeuskadi.org\/es\/jesus-maria-etxeberria-usuario-crps-14484\/\" class=\"more-link\">Seguir leyendo<span class=\"screen-reader-text\"> &ldquo;Jesus Maria Etxeberria, usuario del CRPS de Ir\u00fan, gana el I Concurso de Fotograf\u00eda organizado por la Comisi\u00f3n de Euskera&rdquo;<\/span>&hellip;<\/a><\/div>\n","protected":false},"author":1,"featured_media":26898,"comment_status":"closed","ping_status":"closed","sticky":false,"template":"","format":"standard","meta":{"footnotes":""},"categories":[646,1026,1037],"tags":[],"linea-asistencial":[979],"class_list":["post-32694","post","type-post","status-publish","format-standard","has-post-thumbnail","hentry","category-aita-menni","category-crps-irun","category-euskera","linea-asistencial-1-salud-mental","entry"],"_links":{"self":[{"href":"https:\/\/ospitalarioakfundazioaeuskadi.org\/es\/wp-json\/wp\/v2\/posts\/32694","targetHints":{"allow":["GET"]}}],"collection":[{"href":"https:\/\/ospitalarioakfundazioaeuskadi.org\/es\/wp-json\/wp\/v2\/posts"}],"about":[{"href":"https:\/\/ospitalarioakfundazioaeuskadi.org\/es\/wp-json\/wp\/v2\/types\/post"}],"author":[{"embeddable":true,"href":"https:\/\/ospitalarioakfundazioaeuskadi.org\/es\/wp-json\/wp\/v2\/users\/1"}],"replies":[{"embeddable":true,"href":"https:\/\/ospitalarioakfundazioaeuskadi.org\/es\/wp-json\/wp\/v2\/comments?post=32694"}],"version-history":[{"count":1,"href":"https:\/\/ospitalarioakfundazioaeuskadi.org\/es\/wp-json\/wp\/v2\/posts\/32694\/revisions"}],"predecessor-version":[{"id":40821,"href":"https:\/\/ospitalarioakfundazioaeuskadi.org\/es\/wp-json\/wp\/v2\/posts\/32694\/revisions\/40821"}],"wp:featuredmedia":[{"embeddable":true,"href":"https:\/\/ospitalarioakfundazioaeuskadi.org\/es\/wp-json\/wp\/v2\/media\/26898"}],"wp:attachment":[{"href":"https:\/\/ospitalarioakfundazioaeuskadi.org\/es\/wp-json\/wp\/v2\/media?parent=32694"}],"wp:term":[{"taxonomy":"category","embeddable":true,"href":"https:\/\/ospitalarioakfundazioaeuskadi.org\/es\/wp-json\/wp\/v2\/categories?post=32694"},{"taxonomy":"post_tag","embeddable":true,"href":"https:\/\/ospitalarioakfundazioaeuskadi.org\/es\/wp-json\/wp\/v2\/tags?post=32694"},{"taxonomy":"linea-asistencial","embeddable":true,"href":"https:\/\/ospitalarioakfundazioaeuskadi.org\/es\/wp-json\/wp\/v2\/linea-asistencial?post=32694"}],"curies":[{"name":"wp","href":"https:\/\/api.w.org\/{rel}","templated":true}]}}