{"id":32699,"date":"2019-01-15T00:00:00","date_gmt":"2019-01-15T00:00:00","guid":{"rendered":"http:\/\/194.35.43.170\/~aitamenninueva\/jornada-abierta-sobre-final-vida-12702\/"},"modified":"2022-10-25T13:44:19","modified_gmt":"2022-10-25T13:44:19","slug":"jornada-abierta-sobre-final-vida-12702","status":"publish","type":"post","link":"https:\/\/ospitalarioakfundazioaeuskadi.org\/es\/jornada-abierta-sobre-final-vida-12702\/","title":{"rendered":"I Jornada abierta sobre el final de la vida en Kulturate de Arrasate-Mondrag\u00f3n"},"content":{"rendered":"<div class=\"texto wysiwyg\">\n<p><strong>I Jornada organizada por <a href=\"nuestro-comite-etica-asistencial-11166.html\" target=\"_blank\" rel=\"noopener\">Comit\u00e9s de \u00c9tica Asistencial<\/a> de la OSI Alto Deba y Aita Menni para la ciudadan\u00eda<\/strong><\/p>\n<p><strong style=\"font-size: inherit; font-family: inherit; box-sizing: border-box; border: 0px; font-style: inherit; font-variant: inherit; font-stretch: inherit; line-height: inherit; margin: 0px; padding: 0px; vertical-align: baseline;\">Kulturate, Arrasate-Mondrag\u00f3n<\/strong><\/p>\n<p><strong style=\"box-sizing: border-box; border: 0px; font-style: inherit; font-variant: inherit; font-stretch: inherit; font-size: inherit; line-height: inherit; font-family: inherit; margin: 0px; padding: 0px; vertical-align: baseline;\">24 de enero de 2019<\/strong><br style=\"box-sizing: border-box;\" \/>17:30 \u2013 20:30<\/p>\n<p><strong style=\"box-sizing: border-box; border: 0px; font-style: inherit; font-variant: inherit; font-stretch: inherit; font-size: inherit; line-height: inherit; font-family: inherit; margin: 0px; padding: 0px; vertical-align: baseline;\">Programa:<\/strong><\/p>\n<p><em style=\"box-sizing: border-box; border: 0px; font-variant: inherit; font-weight: inherit; font-stretch: inherit; font-size: inherit; line-height: inherit; font-family: inherit; margin: 0px; padding: 0px; vertical-align: baseline;\">\u201cEscenarios del final de la vida\u201d<\/em><br style=\"box-sizing: border-box;\" \/><strong style=\"box-sizing: border-box; border: 0px; font-style: inherit; font-variant: inherit; font-stretch: inherit; font-size: inherit; line-height: inherit; font-family: inherit; margin: 0px; padding: 0px; vertical-align: baseline;\">Dr. Alberto Mel\u00e9ndez<\/strong><br style=\"box-sizing: border-box;\" \/>M\u00e9dico de la Unidad de Cuidados Paliativos de la OSI Araba<\/p>\n<p><em style=\"box-sizing: border-box; border: 0px; font-variant: inherit; font-weight: inherit; font-stretch: inherit; font-size: inherit; line-height: inherit; font-family: inherit; margin: 0px; padding: 0px; vertical-align: baseline;\">\u201cPlanificaci\u00f3n compartida de la atenci\u00f3n \u2013 Voluntades anticipadas\u201d<\/em><br style=\"box-sizing: border-box;\" \/><strong style=\"box-sizing: border-box; border: 0px; font-style: inherit; font-variant: inherit; font-stretch: inherit; font-size: inherit; line-height: inherit; font-family: inherit; margin: 0px; padding: 0px; vertical-align: baseline;\">Dr. <a href=\"aita-menni-promueve-formacion-profesionales-11249.html\" target=\"_blank\" rel=\"noopener\">I\u00f1aki Saralegui<\/a><\/strong><br style=\"box-sizing: border-box;\" \/>M\u00e9dico de la Unidad de Cuidados Paliativos \u2013 Comit\u00e9 de \u00c9tica Asistencial OSI Araba<\/p><\/div>\n","protected":false},"excerpt":{"rendered":"<div class=\"entry-summary\">\nLa sala Kulturate de Arrasate acoger\u00e1 el 24 de enero una jornada con dos conferencias sobre el final de la vida, organizadas por los Comit\u00e9s de \u00c9tica Asistencial de la OSI Alto Deba y de Aita Menni.\n<\/div>\n<div class=\"link-more\"><a href=\"https:\/\/ospitalarioakfundazioaeuskadi.org\/es\/jornada-abierta-sobre-final-vida-12702\/\" class=\"more-link\">Seguir leyendo<span class=\"screen-reader-text\"> &ldquo;I Jornada abierta sobre el final de la vida en Kulturate de Arrasate-Mondrag\u00f3n&rdquo;<\/span>&hellip;<\/a><\/div>\n","protected":false},"author":1,"featured_media":26202,"comment_status":"closed","ping_status":"closed","sticky":false,"template":"","format":"standard","meta":{"footnotes":""},"categories":[1040,1036],"tags":[],"linea-asistencial":[],"class_list":["post-32699","post","type-post","status-publish","format-standard","has-post-thumbnail","hentry","category-bioetica","category-conocimiento","entry"],"_links":{"self":[{"href":"https:\/\/ospitalarioakfundazioaeuskadi.org\/es\/wp-json\/wp\/v2\/posts\/32699","targetHints":{"allow":["GET"]}}],"collection":[{"href":"https:\/\/ospitalarioakfundazioaeuskadi.org\/es\/wp-json\/wp\/v2\/posts"}],"about":[{"href":"https:\/\/ospitalarioakfundazioaeuskadi.org\/es\/wp-json\/wp\/v2\/types\/post"}],"author":[{"embeddable":true,"href":"https:\/\/ospitalarioakfundazioaeuskadi.org\/es\/wp-json\/wp\/v2\/users\/1"}],"replies":[{"embeddable":true,"href":"https:\/\/ospitalarioakfundazioaeuskadi.org\/es\/wp-json\/wp\/v2\/comments?post=32699"}],"version-history":[{"count":1,"href":"https:\/\/ospitalarioakfundazioaeuskadi.org\/es\/wp-json\/wp\/v2\/posts\/32699\/revisions"}],"predecessor-version":[{"id":40956,"href":"https:\/\/ospitalarioakfundazioaeuskadi.org\/es\/wp-json\/wp\/v2\/posts\/32699\/revisions\/40956"}],"wp:featuredmedia":[{"embeddable":true,"href":"https:\/\/ospitalarioakfundazioaeuskadi.org\/es\/wp-json\/wp\/v2\/media\/26202"}],"wp:attachment":[{"href":"https:\/\/ospitalarioakfundazioaeuskadi.org\/es\/wp-json\/wp\/v2\/media?parent=32699"}],"wp:term":[{"taxonomy":"category","embeddable":true,"href":"https:\/\/ospitalarioakfundazioaeuskadi.org\/es\/wp-json\/wp\/v2\/categories?post=32699"},{"taxonomy":"post_tag","embeddable":true,"href":"https:\/\/ospitalarioakfundazioaeuskadi.org\/es\/wp-json\/wp\/v2\/tags?post=32699"},{"taxonomy":"linea-asistencial","embeddable":true,"href":"https:\/\/ospitalarioakfundazioaeuskadi.org\/es\/wp-json\/wp\/v2\/linea-asistencial?post=32699"}],"curies":[{"name":"wp","href":"https:\/\/api.w.org\/{rel}","templated":true}]}}