{"id":32716,"date":"2018-12-19T00:00:00","date_gmt":"2018-12-19T00:00:00","guid":{"rendered":"http:\/\/194.35.43.170\/~aitamenninueva\/jornada-formacion-pastoral-penitenciaria-para-12626\/"},"modified":"2022-12-09T10:52:54","modified_gmt":"2022-12-09T10:52:54","slug":"jornada-formacion-pastoral-penitenciaria-para-12626","status":"publish","type":"post","link":"https:\/\/ospitalarioakfundazioaeuskadi.org\/es\/jornada-formacion-pastoral-penitenciaria-para-12626\/","title":{"rendered":"Jornada formativa para los equipos de Pastoral de los centros penitenciarios del Pa\u00eds Vasco"},"content":{"rendered":"<div class=\"texto wysiwyg\">\n<p>El pasado viernes 14 de diciembre, se celebr\u00f3 en el Hospital Aita Menni una jornada de formaci\u00f3n organizada por el <a href=\"..\/pastoral-proyectos-sociales\/servicio-pastoral.html\" target=\"_blank\" rel=\"noopener\">Servicio de Pastoral<\/a> junto a la <a href=\"..\/psiquiatria\/psiquiatria-legal\/unidad-psiquiatria-legal.html\" target=\"_blank\" rel=\"noopener\">Unidad de Psiquiatr\u00eda Legal<\/a>, para los equipos de Pastoral penitenciaria de las tres di\u00f3cesis vascas. El objetivo de la jornada, dirigida a las personas voluntarias que realizan su tarea pastoral en los centros penitenciarios de Zaballa, Basauri y Martutene, fue el dar a conocer nuestra pionera Unidad de Psiquiatr\u00eda Legal. El Hospital Aita Menni es el \u00fanico centro sanitario de Espa\u00f1a con un dispositivo de estas caracter\u00edsticas y un referente en la atenci\u00f3n psiqui\u00e1trica destinada a personas implicadas en procesos judiciales como consecuencia de actos derivados de su enfermedad mental.<\/p>\n<p>El doctor <b>I\u00f1aki Madariaga<\/b>, jefe cl\u00ednico de la UPL, y la psic\u00f3loga de la Unidad <b>Macarena Aspiunza<\/b> impartieron la formaci\u00f3n y explicaron sobre la conveniencia de que existan dispositivos como el nuestro para que las personas con enfermedad mental grave que han de permanecer privadas de libertad tras una sentencia judicial lo puedan hacer en un entorno hospitalario.\u00a0\u00a0<\/p>\n<p><img decoding=\"async\" src=\"https:\/\/www.ospitalarioakfundazioaeuskadi.org\/wp-content\/uploads\/2021\/10\/pastoral-penitenciaria2-0-1.jpg\" alt=\"\" title=\"\"><\/p>\n<p>Desde Bizkaia acudieron el delegado de Caridad y Justicia, <b>Manu Moreno<\/b>, y el delegado de la Pastoral penitenciaria, <b>Jorge Muriel<\/b>. De Araba, el capell\u00e1n del centro penitenciario de Zaballa,\u00a0<b>Txarly Mart\u00ednez de Bujanda<\/b>; el doctor <b>Asier L\u00f3pez de Arkaute<\/b>, m\u00e9dico y cuantro voluntarias: <b>Josefina de Dios Moraga<\/b>, Susana Muro Beistegui, <b>Mercedes Lopez de Uralde Gamarra<\/b>, y sor <b>Aurora Herrera<\/b>. En representaci\u00f3n de Gipuzkoa lleg\u00f3 <b>Xabier Andonegi<\/b>, vicario de Pastoral Social y Misiones Diocesanas; <b>Jos\u00e9\u00a0 Luis Gorrotxategi<\/b>, delegado de pastoral diocesana, y <b>Martin Iribarri<\/b>, capell\u00e1n de Martutene. Adem\u00e1s, tambi\u00e9n\u00a0 acudi\u00f3 a la jornada nuestro capell\u00e1n y arcipreste, <b>Horacio Argarate<\/b>.<\/p>\n<p>La jornada result\u00f3 muy interesante y sirvi\u00f3 para, entre otras cosas, que nos conoci\u00e9ramos los diferentes equipos de Pastoral. Al t\u00e9rmino de la formaci\u00f3n, realizamos una visita a la Unidad de Psiquiatr\u00eda Legal junto con <b>Mercedes Go\u00f1i<\/b>, supervisora de Enfermer\u00eda, y <b>Birginia Gallastegui<\/b>, trabajadora social. Concluimos la jornada con una comida.<\/p><\/div>\n","protected":false},"excerpt":{"rendered":"<div class=\"entry-summary\">\nNuestra Unidad de Psiquiatr\u00eda Legal es un referente en la atenci\u00f3n a personas con enfermedad mental implicadas en procesos judiciales. Organizada por el Servicio de Pastoral, el pasado 14 de diciembre se celebr\u00f3 en el Hospital Aita Menni una jornada de formaci\u00f3n dirigida a los equipos de Pastoral penitenciaria de las tres di\u00f3cesis vascas.\n<\/div>\n<div class=\"link-more\"><a href=\"https:\/\/ospitalarioakfundazioaeuskadi.org\/es\/jornada-formacion-pastoral-penitenciaria-para-12626\/\" class=\"more-link\">Seguir leyendo<span class=\"screen-reader-text\"> &ldquo;Jornada formativa para los equipos de Pastoral de los centros penitenciarios del Pa\u00eds Vasco&rdquo;<\/span>&hellip;<\/a><\/div>\n","protected":false},"author":1,"featured_media":26174,"comment_status":"closed","ping_status":"closed","sticky":false,"template":"","format":"standard","meta":{"footnotes":""},"categories":[1045,1032],"tags":[],"linea-asistencial":[],"class_list":["post-32716","post","type-post","status-publish","format-standard","has-post-thumbnail","hentry","category-psiquiatria-legal","category-voluntariado","entry"],"_links":{"self":[{"href":"https:\/\/ospitalarioakfundazioaeuskadi.org\/es\/wp-json\/wp\/v2\/posts\/32716","targetHints":{"allow":["GET"]}}],"collection":[{"href":"https:\/\/ospitalarioakfundazioaeuskadi.org\/es\/wp-json\/wp\/v2\/posts"}],"about":[{"href":"https:\/\/ospitalarioakfundazioaeuskadi.org\/es\/wp-json\/wp\/v2\/types\/post"}],"author":[{"embeddable":true,"href":"https:\/\/ospitalarioakfundazioaeuskadi.org\/es\/wp-json\/wp\/v2\/users\/1"}],"replies":[{"embeddable":true,"href":"https:\/\/ospitalarioakfundazioaeuskadi.org\/es\/wp-json\/wp\/v2\/comments?post=32716"}],"version-history":[{"count":1,"href":"https:\/\/ospitalarioakfundazioaeuskadi.org\/es\/wp-json\/wp\/v2\/posts\/32716\/revisions"}],"predecessor-version":[{"id":40115,"href":"https:\/\/ospitalarioakfundazioaeuskadi.org\/es\/wp-json\/wp\/v2\/posts\/32716\/revisions\/40115"}],"wp:featuredmedia":[{"embeddable":true,"href":"https:\/\/ospitalarioakfundazioaeuskadi.org\/es\/wp-json\/wp\/v2\/media\/26174"}],"wp:attachment":[{"href":"https:\/\/ospitalarioakfundazioaeuskadi.org\/es\/wp-json\/wp\/v2\/media?parent=32716"}],"wp:term":[{"taxonomy":"category","embeddable":true,"href":"https:\/\/ospitalarioakfundazioaeuskadi.org\/es\/wp-json\/wp\/v2\/categories?post=32716"},{"taxonomy":"post_tag","embeddable":true,"href":"https:\/\/ospitalarioakfundazioaeuskadi.org\/es\/wp-json\/wp\/v2\/tags?post=32716"},{"taxonomy":"linea-asistencial","embeddable":true,"href":"https:\/\/ospitalarioakfundazioaeuskadi.org\/es\/wp-json\/wp\/v2\/linea-asistencial?post=32716"}],"curies":[{"name":"wp","href":"https:\/\/api.w.org\/{rel}","templated":true}]}}