{"id":32727,"date":"2014-05-16T00:00:00","date_gmt":"2014-05-16T00:00:00","guid":{"rendered":"http:\/\/194.35.43.170\/~aitamenninueva\/jornada-puertas-abiertas-familias-8145\/"},"modified":"2023-01-25T19:15:33","modified_gmt":"2023-01-25T19:15:33","slug":"jornada-puertas-abiertas-familias-8145","status":"publish","type":"post","link":"https:\/\/ospitalarioakfundazioaeuskadi.org\/es\/jornada-puertas-abiertas-familias-8145\/","title":{"rendered":"Jornada de Puertas Abiertas. D\u00eda de las Familias"},"content":{"rendered":"<div class=\"texto wysiwyg\">\n<p><span>El \u201cD\u00eda de las Familias\u201d forma parte del <\/span>programa de actividades <span>que el Hospital lleva a cabo con motivo del <a href=\"https:\/\/ospitalarioakfundazioaeuskadi.org\/es\/centenario-muerte-benito-menni-8068\/\" title=\"100 Aniversario muerte San Benito Menni\" target=\"_blank\" rel=\"noopener\">100 aniversario de la muerte de San Benito Menni<\/a>, restaurador en el Estado de la Orden de los Hermanos de San Juan de Dios y fundador de la Congregaci\u00f3n de las <\/span><a href=\"http:\/\/www.hospitalarias.org\/\" title=\"Hermanas Hospitalarias\" rel=\"nofollow noopener\" target=\"_blank\">Hermanas Hospitalarias<\/a><span>\u00a0a la que pertenece el centro.<\/span><\/p>\n<p><strong>Organizada por el \u00e1rea de Trabajo Social <\/strong>con la colaboraci\u00f3n del\u00a0<a href=\"..\/psiquiatria\/servicio-rehabilitacion-dinamizacion-social.html\" title=\"Servicio de Rehabilitaci\u00f3n y Dinamizaci\u00f3n Social\" target=\"_blank\" rel=\"noopener\">Servicio de Rehabilitaci\u00f3n y Dinamizaci\u00f3n Social<\/a>\u00a0y el <a href=\"..\/pastoral-proyectos-sociales\/servicio-pastoral.html\" title=\"Servicio de Pastoral\" target=\"_blank\" rel=\"noopener\">Servicio de Pastoral<\/a> y <a href=\"https:\/\/ospitalarioakfundazioaeuskadi.org\/es\/hospitalidad\/voluntariado\/\" title=\"Servicio de Voluntariado\" target=\"_blank\" rel=\"noopener\">Voluntariado<\/a>, se trata de una <strong>Jornada de Puertas Abiertas y de encuentro para que los pacientes, sus familiares, y cuidadores compartan actividades y experiencias<\/strong>. El Hospital es muy consciente de que <strong>la familia tiene un papel important\u00edsimo en el proceso de rehabilitaci\u00f3n de nuestros pacientes, \u00aby por ello celebramos este tipo de encuentros para fomentar las relaciones socioafectivas\u201d, remarca el director gerente, Mikel Tellaeche<\/strong>.<\/p>\n<p>La programaci\u00f3n arrancar\u00e1 en el sal\u00f3n de actos a las 11.00 horas con una Eucarist\u00eda y continuar\u00e1 con la actuaci\u00f3n del coro de pacientes del Hospital Aita Menni (12.00 h), dirigido por el m\u00fasico <a href=\"http:\/\/www.juancarlosirizar.com\/\" title=\"Juan Carlos Irizar\" rel=\"nofollow noopener\" target=\"_blank\">Juan Carlos Irizar<\/a>.\u00a0<span>Acto seguido, trikitixas amenizar\u00e1n el evento con sus actuaciones. Por otro lado, habr\u00e1 puestos gastron\u00f3micos regionales de la Agrupaci\u00f3n Gallega de Arrasate-Mondragon y de los centros culturales Andaluz \u201cAl Andalus\u201d y Cultural Extreme\u00f1o \u201cCoraz\u00f3n de Encina\u201d.<\/span><\/p>\n<p>MERCADILLO SOLIDARIO<\/p>\n<p>Asimismo, durante la cita se celebrar\u00e1 un mercadillo solidario para obtener <strong>fondos que se destinar\u00e1n al proyecto de salud mental <a href=\"..\/pastoral-proyectos-sociales\/proyectos-cooperacion-internacional.html\" target=\"_blank\" rel=\"noopener\">\u201cWe are like You\u201d<\/a><\/strong>\u00a0<span>de la Congregaci\u00f3n de las Hermanas Hospitalarias en Monrovia, Liberia.\u00a0<\/span><span>En total se pondr\u00e1n a la venta productos africanos y m\u00e1s de 300 art\u00edculos (broches, flores, ganchos de pelo, figuras, etc.) que han sido confeccionados artesanalmente por los pacientes de varios centros de la red de Aita Menni en el Pa\u00eds Vasco. En concreto, los autores de los art\u00edculos proceden del propio Hospital Aita Menni de Mondrag\u00f3n, del <a href=\"..\/psiquiatria\/hospital.html\" title=\"Hospital de D\u00eda\" target=\"_blank\" rel=\"noopener\">Hospital de D\u00eda de Arrasate<\/a>, de los <a href=\"..\/psiquiatria\/centros-rehabilitacion-psicosocial\/crps-aita-menni.html\" title=\"CRPS Aita Menni\" target=\"_blank\" rel=\"noopener\">Centros de d\u00eda de Rehabilitaci\u00f3n Psicosocial<\/a> y de los <a href=\"http:\/\/www.personamayor.org\/nuestros-centros\/centros-de-dia\/\" title=\"Centros de D\u00eda de Personas Mayores\" target=\"_blank\" rel=\"noopener nofollow\">Centros de D\u00eda de Personas Mayores<\/a>.<\/span><\/p>\n<\/div>\n","protected":false},"excerpt":{"rendered":"<div class=\"entry-summary\">\nEl Hospital Aita Menni celebra este domingo, 25 de mayo, en sus instalaciones de Arrasate-Mondrag\u00f3n, el D\u00eda de las Familias, jornada para la que ha organizado varias actividades, entre las que destaca un mercadillo solidario a favor de un proyecto de salud mental en Liberia (\u00c1frica).\n<\/div>\n<div class=\"link-more\"><a href=\"https:\/\/ospitalarioakfundazioaeuskadi.org\/es\/jornada-puertas-abiertas-familias-8145\/\" class=\"more-link\">Seguir leyendo<span class=\"screen-reader-text\"> &ldquo;Jornada de Puertas Abiertas. D\u00eda de las Familias&rdquo;<\/span>&hellip;<\/a><\/div>\n","protected":false},"author":1,"featured_media":27041,"comment_status":"closed","ping_status":"closed","sticky":false,"template":"","format":"standard","meta":{"footnotes":""},"categories":[1],"tags":[],"linea-asistencial":[],"class_list":["post-32727","post","type-post","status-publish","format-standard","has-post-thumbnail","hentry","category-sin-categorizar","entry"],"_links":{"self":[{"href":"https:\/\/ospitalarioakfundazioaeuskadi.org\/es\/wp-json\/wp\/v2\/posts\/32727","targetHints":{"allow":["GET"]}}],"collection":[{"href":"https:\/\/ospitalarioakfundazioaeuskadi.org\/es\/wp-json\/wp\/v2\/posts"}],"about":[{"href":"https:\/\/ospitalarioakfundazioaeuskadi.org\/es\/wp-json\/wp\/v2\/types\/post"}],"author":[{"embeddable":true,"href":"https:\/\/ospitalarioakfundazioaeuskadi.org\/es\/wp-json\/wp\/v2\/users\/1"}],"replies":[{"embeddable":true,"href":"https:\/\/ospitalarioakfundazioaeuskadi.org\/es\/wp-json\/wp\/v2\/comments?post=32727"}],"version-history":[{"count":3,"href":"https:\/\/ospitalarioakfundazioaeuskadi.org\/es\/wp-json\/wp\/v2\/posts\/32727\/revisions"}],"predecessor-version":[{"id":58207,"href":"https:\/\/ospitalarioakfundazioaeuskadi.org\/es\/wp-json\/wp\/v2\/posts\/32727\/revisions\/58207"}],"wp:featuredmedia":[{"embeddable":true,"href":"https:\/\/ospitalarioakfundazioaeuskadi.org\/es\/wp-json\/wp\/v2\/media\/27041"}],"wp:attachment":[{"href":"https:\/\/ospitalarioakfundazioaeuskadi.org\/es\/wp-json\/wp\/v2\/media?parent=32727"}],"wp:term":[{"taxonomy":"category","embeddable":true,"href":"https:\/\/ospitalarioakfundazioaeuskadi.org\/es\/wp-json\/wp\/v2\/categories?post=32727"},{"taxonomy":"post_tag","embeddable":true,"href":"https:\/\/ospitalarioakfundazioaeuskadi.org\/es\/wp-json\/wp\/v2\/tags?post=32727"},{"taxonomy":"linea-asistencial","embeddable":true,"href":"https:\/\/ospitalarioakfundazioaeuskadi.org\/es\/wp-json\/wp\/v2\/linea-asistencial?post=32727"}],"curies":[{"name":"wp","href":"https:\/\/api.w.org\/{rel}","templated":true}]}}