{"id":32730,"date":"2014-08-04T00:00:00","date_gmt":"2014-08-04T00:00:00","guid":{"rendered":"http:\/\/194.35.43.170\/~aitamenninueva\/jovenes-solidarios-acercan-realidad-enfermedad-8392\/"},"modified":"2022-10-25T13:54:34","modified_gmt":"2022-10-25T13:54:34","slug":"jovenes-solidarios-acercan-realidad-enfermedad-8392","status":"publish","type":"post","link":"https:\/\/ospitalarioakfundazioaeuskadi.org\/es\/jovenes-solidarios-acercan-realidad-enfermedad-8392\/","title":{"rendered":"J\u00f3venes solidarios se acercan a la realidad de la enfermedad mental"},"content":{"rendered":"<div class=\"texto wysiwyg\">\n<p>Los j\u00f3venes se acercan a una realidad muy desconocida, vienen llenos de preguntas, de miedos, de prejuicios\u2026, y vuelven a sus casas con otra mirada. Se dan cuenta de que en nuestra realidad hay dolor pero tambi\u00e9n ven alegr\u00eda, color y, sobre todo, esperanza. A la vuelta, se convierten en sus entornos en \u201cdesestigmatizadores\u201d de la enfermedad mental.\u00a0<\/p>\n<p>Durante unos d\u00edas del pasado mes de julio, un grupo de j\u00f3venes, acompa\u00f1ados por una monitora y por el p\u00e1rroco de la parroquia de San Alfonso Maria de Ligorio de Madrid, participaron en el campo de trabajo de las Hermanas Hospitalarias en Arrasate-Mondrag\u00f3n.\u00a0<\/p>\n<p>Los chicos y chicas participantes, en su mayor\u00eda procedentes del madrile\u00f1o barrio de Aluche, acompa\u00f1aron a los pacientes de las diferentes unidades en sus desayunos, comidas y cenas. Adem\u00e1s, organizaron diferentes talleres, entre ellos uno de pintar camisetas y otra de hacer un pastel, as\u00ed como una salida a Deba con un grupo de pacientes. Terminaron su semana en Aita Menni con una visita al santuario de Arantzazu. Hubo tiempo para la celebraci\u00f3n de la Eucarist\u00eda y para compartir con\u00a0 las hermanas en comunidad. La experiencia, organizada desde el Servicio de Pastoral, ha sido valorada de nuevo muy positivamente.\u00a0<\/p>\n<p>El campo de trabajo del Hospital Aita Menni es un encuentro entre personas que est\u00e1 destinado a j\u00f3venes mayores de 18 a\u00f1os. Todo est\u00e1 organizado en clave cristiana, donde los espacios de oraci\u00f3n y celebraci\u00f3n tienen su peso, por lo que es importante que los j\u00f3venes sean cristianos o est\u00e9n en procesos de b\u00fasqueda.\u00a0<\/p>\n<p>\u00a0<\/p>\n<p><strong>Maite Nieto<\/strong>, una de las chicas participantes, describi\u00f3 as\u00ed sus d\u00edas en el Hospital:<\/p>\n<p><strong>LA CANCION DEL VERANO<\/strong>\u00a0<\/p>\n<p>\u00a0Le pregunt\u00e9 a su terapeuta por qu\u00e9 el chaval estaba tan nervioso a la orilla del pantano, y ella contesto que meterse al agua esa ma\u00f1ana era el prop\u00f3sito que se hab\u00eda propuesto ese d\u00eda, y estaba nervioso porque cuando no consegu\u00eda realizar cualquiera que fuese la meta que se hab\u00eda fijado se frustraba. Sonre\u00ed y pens\u00e9, pues en eso no nos diferenciamos mucho \u00e9l y yo.<\/p>\n<p>Sin embargo cuando eso me ocurre a m\u00ed, siendo como soy una mujer de prop\u00f3sitos, no me rompo, s\u00f3lo me resquebrajo un poquito y termino pegando. \u00c9l est\u00e1 roto.<\/p>\n<p>Hace unos d\u00edas que he vuelto de estar trabajando con personas, personas con enfermedad mental en el Hospital psiqui\u00e1trico de las Hermanas Hospitalarias del Sagrado Coraz\u00f3n de Jes\u00fas, Aita Meni en Mondrag\u00f3n\/Arrasate, junto con otros chavales de la parroquia. <\/p>\n<p>Son varios los momentos vividos, tanto con las hermanas hospitalarias, el personal sanitario y terapeutas que trabajan all\u00ed, como con las personas a las que estos cuidan y con las que nosotros compartimos desayunos, comidas, talleres, caf\u00e9s, paseos y quienes en definitiva nos acogieron en su casa.\u00a0 <\/p>\n<p>Yo me quedo con dos de esos instantes. La sonrisa de una noche y una luz a otra realidad.<\/p>\n<p>El hospital cuenta con una unidad que se llama Menni 3, psicogeriatr\u00eda. En ella se encuentran mujeres que ya por su deterioro f\u00edsico y s\u00edquico permanecen encamadas, a quienes entre otras cosas hay que alimentar. No hablan ya. A una de esas doce mujeres hay que alimentarla con jeringuilla, su cabeza se ha olvidado de que tiene que abrir la boca para comer. Sin protestar, mir\u00e1ndome y yo hablando con ella, fui d\u00e1ndole de cenar una tarde-noche, paciente, esperando a que yo cargase la jeringuilla con cierta torpeza y se la introdujese por la comisura de la boca. Al terminar le limpie la cara y me quite los guantes, le acaricie la cabeza y le dije que hab\u00eda sido un placer cenar con ella, en su compa\u00f1\u00eda y en ese momento unos ojos color miel apenas abiertos durante esa cena, se abrieron, se iluminaron y me sonrieron y lo \u00fanico que supe decir y hacer en ese momento fue un gracias y dar un beso a una mujer que desde ese momento es parte de mi vida.<\/p>\n<p>\u00a0La luz a otra realidad me la dieron otras dos mujeres de unos cincuenta a\u00f1os, una chavala de veinti\u00fan a\u00f1os y un hombre de mi edad. A trav\u00e9s de ellos comprend\u00ed lo m\u00e1s duro de este hospital, porque no hay que olvidar que es un hospital psiqui\u00e1trico y, tampoco, que es su hogar. Es el sitio a donde volver, despu\u00e9s de una salida, despu\u00e9s de un viaje, de una excursi\u00f3n, de una visita a la familia. Es su casa y a los que nosotros llamamos pacientes, su familia. Es su lugar en este mundo, no el buscado, pero si el asumido y del que son plenamente conscientes y en el que d\u00eda a d\u00eda viven y conviven con quienes han salido a su camino. Yo pienso, \u201cnunca saldr\u00e1n de aqu\u00ed\u201d; ellos \u201cesta es mi casa, mi familia, es el lugar a donde volver\u201d.<\/p>\n<p>Siempre uno cuando tiene estas experiencias tiene la sensaci\u00f3n de recibir m\u00e1s de lo que se ha dado. Yo he recibido de una persona sin movilidad, gratitud, de unos enfermos mentales conciencia de mi vulnerabilidad, me han ense\u00f1ado a reconocerme pobre y a presentarme como soy con mis virtudes y mis defectos, aprendiendo a dejarme llevar y a confiar y dejarme modelar por qui\u00e9n lo ha hecho en m\u00ed desde siempre.<\/p>\n<p>El chaval me cuenta que fue bombero, no s\u00e9 si es verdad, da igual, no importa, contin\u00faa caminando nervioso dando vueltas en la orilla entre nosotros, y dando largas a los que ya est\u00e1n dentro del agua y le animan a que \u00e9l haga lo mismo. Me meto en el agua y cuando salgo, le veo y de su ba\u00f1ador y por sus piernas discurren gotas de agua. Lo consigui\u00f3.<\/p>\n<\/div>\n","protected":false},"excerpt":{"rendered":"<div class=\"entry-summary\">\nTras la positiva experiencia del verano pasado, este mes de julio se ha vuelto a celebrar un campo de trabajo en el Hospital Aita Menni.\n<\/div>\n<div class=\"link-more\"><a href=\"https:\/\/ospitalarioakfundazioaeuskadi.org\/es\/jovenes-solidarios-acercan-realidad-enfermedad-8392\/\" class=\"more-link\">Seguir leyendo<span class=\"screen-reader-text\"> &ldquo;J\u00f3venes solidarios se acercan a la realidad de la enfermedad mental&rdquo;<\/span>&hellip;<\/a><\/div>\n","protected":false},"author":1,"featured_media":27107,"comment_status":"closed","ping_status":"closed","sticky":false,"template":"","format":"standard","meta":{"footnotes":""},"categories":[1],"tags":[],"linea-asistencial":[],"class_list":["post-32730","post","type-post","status-publish","format-standard","has-post-thumbnail","hentry","category-sin-categorizar","entry"],"_links":{"self":[{"href":"https:\/\/ospitalarioakfundazioaeuskadi.org\/es\/wp-json\/wp\/v2\/posts\/32730","targetHints":{"allow":["GET"]}}],"collection":[{"href":"https:\/\/ospitalarioakfundazioaeuskadi.org\/es\/wp-json\/wp\/v2\/posts"}],"about":[{"href":"https:\/\/ospitalarioakfundazioaeuskadi.org\/es\/wp-json\/wp\/v2\/types\/post"}],"author":[{"embeddable":true,"href":"https:\/\/ospitalarioakfundazioaeuskadi.org\/es\/wp-json\/wp\/v2\/users\/1"}],"replies":[{"embeddable":true,"href":"https:\/\/ospitalarioakfundazioaeuskadi.org\/es\/wp-json\/wp\/v2\/comments?post=32730"}],"version-history":[{"count":1,"href":"https:\/\/ospitalarioakfundazioaeuskadi.org\/es\/wp-json\/wp\/v2\/posts\/32730\/revisions"}],"predecessor-version":[{"id":53655,"href":"https:\/\/ospitalarioakfundazioaeuskadi.org\/es\/wp-json\/wp\/v2\/posts\/32730\/revisions\/53655"}],"wp:featuredmedia":[{"embeddable":true,"href":"https:\/\/ospitalarioakfundazioaeuskadi.org\/es\/wp-json\/wp\/v2\/media\/27107"}],"wp:attachment":[{"href":"https:\/\/ospitalarioakfundazioaeuskadi.org\/es\/wp-json\/wp\/v2\/media?parent=32730"}],"wp:term":[{"taxonomy":"category","embeddable":true,"href":"https:\/\/ospitalarioakfundazioaeuskadi.org\/es\/wp-json\/wp\/v2\/categories?post=32730"},{"taxonomy":"post_tag","embeddable":true,"href":"https:\/\/ospitalarioakfundazioaeuskadi.org\/es\/wp-json\/wp\/v2\/tags?post=32730"},{"taxonomy":"linea-asistencial","embeddable":true,"href":"https:\/\/ospitalarioakfundazioaeuskadi.org\/es\/wp-json\/wp\/v2\/linea-asistencial?post=32730"}],"curies":[{"name":"wp","href":"https:\/\/api.w.org\/{rel}","templated":true}]}}